{"id":10031,"date":"2025-10-22T13:54:12","date_gmt":"2025-10-22T13:54:12","guid":{"rendered":"https:\/\/radiosisal.com\/br\/?p=10031"},"modified":"2025-10-22T13:54:16","modified_gmt":"2025-10-22T13:54:16","slug":"bahia-e-atingida-por-mais-de-73-mil-raios-em-48-horas","status":"publish","type":"post","link":"https:\/\/radiosisal.com\/br\/2025\/10\/22\/bahia-e-atingida-por-mais-de-73-mil-raios-em-48-horas\/","title":{"rendered":"BAHIA \u00c9 ATINGIDA POR MAIS DE 73 MIL RAIOS EM 48 HORAS"},"content":{"rendered":"\n<p><\/p>\n\n\n\n<p>Previs\u00e3o \u00e9 de que o temporal siga ao longo da semana em diversas regi\u00f5es do estado, principalmente no litoral.<\/p>\n\n\n\n<p>A Bahia foi atingida por mais de 73 mil raios entre o domingo (19) e a segunda-feira (20), segundo um levantamento feito pela Climatempo e a Neoenergia Coelba, concession\u00e1ria de energia que cobre o estado. A informa\u00e7\u00e3o foi divulgada nesta ter\u00e7a-feira (21).<\/p>\n\n\n\n<p>A previs\u00e3o \u00e9 de que o temporal, com fortes chuvas e ventos, siga ao longo da semana em diversas regi\u00f5es do estado, principalmente no litoral.<\/p>\n\n\n\n<p>Os temporais tamb\u00e9m provocaram queda de vegeta\u00e7\u00e3o e o arremesso de objetos sobre a rede el\u00e9trica. Em&nbsp;<a class=\"\" href=\"https:\/\/g1.globo.com\/ba\/bahia\/cidade\/ilheus\/\">Ilh\u00e9us<\/a>, no sul do estado, placas met\u00e1licas foram lan\u00e7adas sobre os cabos de energia.<\/p>\n\n\n\n<p>Nas cidades de\u00a0<a class=\"\" href=\"https:\/\/g1.globo.com\/ba\/bahia\/cidade\/porto-seguro\/\">Porto Seguro<\/a>, no extremo sul,\u00a0<a class=\"\" href=\"https:\/\/g1.globo.com\/ba\/bahia\/cidade\/vitoria-da-conquista\/\">Vit\u00f3ria da Conquista<\/a>, no sudoeste, e\u00a0<a class=\"\" href=\"https:\/\/g1.globo.com\/ba\/bahia\/cidade\/irece\/\">Irec\u00ea<\/a>, no norte baiano, foram registradas quedas de \u00e1rvores de grande porte sobre as estruturas. Al\u00e9m disso, diversas vias ficaram alagadas e bloqueadas, o que dificultou o deslocamento das equipes.<\/p>\n\n\n\n<p>\u201cDiante deste cen\u00e1rio, mobilizamos todo o nosso efetivo de profissionais para atender as ocorr\u00eancias com a maior brevidade poss\u00edvel. Servi\u00e7os essenciais, como unidades de sa\u00fade, educa\u00e7\u00e3o e fornecimento de \u00e1gua, s\u00e3o prioridade\u201d, explicou Thiago Martins, superintendente t\u00e9cnico da Neoenergia Coelba.<\/p>\n\n\n\n<p>A empresa informou que vai manter o efetivo de profissionais refor\u00e7ado e mobilizado at\u00e9 que todos os clientes tenham o fornecimento normalizado. Os eletricistas, t\u00e9cnicos e engenheiros permanecer\u00e3o de plant\u00e3o, 24 horas por dia, para atender as ocorr\u00eancias com seguran\u00e7a.<\/p>\n\n\n<div class=\"wp-block-image\">\n<figure class=\"aligncenter is-resized\"><img decoding=\"async\" src=\"https:\/\/i0.wp.com\/s2-g1.glbimg.com\/ky3YAEiOOqakhAgmR7Do3B6rQsw=\/0x0:375x400\/984x0\/smart\/filters:strip_icc()\/i.s3.glbimg.com\/v1\/AUTH_59edd422c0c84a879bd37670ae4f538a\/internal_photos\/bs\/2025\/1\/T\/yhZKgrSNCl6HrXTAlgTQ\/whatsapp-image-2025-10-21-at-15.15.33.jpeg?w=1170&#038;ssl=1\" alt=\"Bahia \u00e9 atingida por mais de 73 mil raios em 48 horas \u2014 Foto: Climatempo\" style=\"width:525px;height:auto\" data-recalc-dims=\"1\"\/><figcaption class=\"wp-element-caption\">Bahia \u00e9 atingida por mais de 73 mil raios em 48 horas \u2014 Foto: Climatempo<\/figcaption><\/figure>\n<\/div>\n\n\n<p><strong>\u26a0\ufe0f<\/strong>Os cuidados com a eletricidade s\u00e3o fundamentais para evitar acidentes durante temporais. Por isso, a concession\u00e1ria refor\u00e7ou orienta\u00e7\u00f5es para garantir a seguran\u00e7a.<\/p>\n\n\n\n<ul class=\"wp-block-list\">\n<li>Em caso de queda de cabos el\u00e9tricos, n\u00e3o toque nem se aproxime. Afaste outras pessoas e acione a Neoenergia Coelba pelo n\u00famero 116.<\/li>\n\n\n\n<li>Se a fia\u00e7\u00e3o cair sobre um ve\u00edculo, permane\u00e7a dentro do carro e n\u00e3o permita que ningu\u00e9m se aproxime. Ligue para a Neoenergia Coelba (116) e para os Bombeiros (193).<\/li>\n\n\n\n<li>Procure abrigo seguro, longe de janelas e portas met\u00e1licas durante as tempestades de raios;<\/li>\n\n\n\n<li>N\u00e3o realize reparos ou suba em telhados durante a chuva, como instala\u00e7\u00e3o ou manuten\u00e7\u00f5es de antenas.<\/li>\n\n\n\n<li>Em caso de alagamento, desligue o disjuntor geral e retire aparelhos das tomadas.<\/li>\n<\/ul>\n\n\n\n<h2 class=\"wp-block-heading\">\u26c8\ufe0f Alerta de chuvas intensas<\/h2>\n\n\n\n<p>O Instituto Nacional de Meteorologia (Inmet) emitiu, nesta ter\u00e7a-feira (21), um<a class=\"\" href=\"https:\/\/g1.globo.com\/ba\/bahia\/noticia\/2025\/10\/21\/inmet-alerta-chuvas-intensas-bahia.ghtml\">&nbsp;alerta de chuvas intensas para mais de 40 cidades baianas<\/a>. Entre elas est\u00e3o&nbsp;<a class=\"\" href=\"https:\/\/g1.globo.com\/ba\/bahia\/cidade\/camacari\/\">Cama\u00e7ari<\/a>,&nbsp;<a class=\"\" href=\"https:\/\/g1.globo.com\/ba\/feira-de-santana-regiao\/cidade\/feira-de-santana\/\">Feira de Santana<\/a>,&nbsp;<a class=\"\" href=\"https:\/\/g1.globo.com\/ba\/bahia\/cidade\/santo-amaro-ba\/\">Santo Amaro<\/a>&nbsp;e&nbsp;<a class=\"\" href=\"https:\/\/g1.globo.com\/ba\/bahia\/cidade\/terra-nova-ba\/\">Terra Nova<\/a>.<\/p>\n\n\n\n<p>Conforme o alerta, h\u00e1 risco de chuva entre 30 e 60 mm\/h ou 50 e 100 mm\/dia, ventos intensos (60-100 km\/h), corte de energia el\u00e9trica, queda de galhos de \u00e1rvores, alagamentos e de descargas el\u00e9tricas.<\/p>\n\n\n\n<p>H\u00e1 tamb\u00e9m alerta de acumulado de chuva para&nbsp;<a class=\"\" href=\"https:\/\/g1.globo.com\/ba\/bahia\/cidade\/salvador\/\">Salvador<\/a>, regi\u00e3o metropolitana e sul baiano, com risco de alagamentos, deslizamentos de encostas e transbordamentos de rios. Entre as cidades afetadas est\u00e3o:&nbsp;<a class=\"\" href=\"https:\/\/g1.globo.com\/ba\/bahia\/cidade\/cairu\/\">Cairu<\/a>,&nbsp;<a class=\"\" href=\"https:\/\/g1.globo.com\/ba\/bahia\/cidade\/candeias-ba\/\">Candeias<\/a>,&nbsp;<a class=\"\" href=\"https:\/\/g1.globo.com\/ba\/bahia\/cidade\/lauro-de-freitas\/\">Lauro de Freitas<\/a>,&nbsp;<a class=\"\" href=\"https:\/\/g1.globo.com\/ba\/bahia\/cidade\/valenca-ba\/\">Valen\u00e7a<\/a>&nbsp;e&nbsp;<a class=\"\" href=\"https:\/\/g1.globo.com\/ba\/bahia\/cidade\/vera-cruz-ba\/\">Vera Cruz<\/a>.<\/p>\n\n\n\n<p class=\"bs-intro\">FONTE: G1 Bahia<\/p>\n\n\n\n<ul class=\"wp-block-social-links has-icon-color is-style-logos-only is-vertical is-layout-flex wp-container-core-social-links-is-layout-8cf370e7 wp-block-social-links-is-layout-flex\"><li style=\"color:#0693e3;\" class=\"wp-social-link wp-social-link-whatsapp has-vivid-cyan-blue-color wp-block-social-link\"><a href=\"https:\/\/wa.me\/\/75991238048\" class=\"wp-block-social-link-anchor\"><svg width=\"24\" height=\"24\" viewBox=\"0 0 24 24\" version=\"1.1\" xmlns=\"http:\/\/www.w3.org\/2000\/svg\" aria-hidden=\"true\" focusable=\"false\"><path d=\"M 12.011719 2 C 6.5057187 2 2.0234844 6.478375 2.0214844 11.984375 C 2.0204844 13.744375 2.4814687 15.462563 3.3554688 16.976562 L 2 22 L 7.2324219 20.763672 C 8.6914219 21.559672 10.333859 21.977516 12.005859 21.978516 L 12.009766 21.978516 C 17.514766 21.978516 21.995047 17.499141 21.998047 11.994141 C 22.000047 9.3251406 20.962172 6.8157344 19.076172 4.9277344 C 17.190172 3.0407344 14.683719 2.001 12.011719 2 z M 12.009766 4 C 14.145766 4.001 16.153109 4.8337969 17.662109 6.3417969 C 19.171109 7.8517969 20.000047 9.8581875 19.998047 11.992188 C 19.996047 16.396187 16.413812 19.978516 12.007812 19.978516 C 10.674812 19.977516 9.3544062 19.642812 8.1914062 19.007812 L 7.5175781 18.640625 L 6.7734375 18.816406 L 4.8046875 19.28125 L 5.2851562 17.496094 L 5.5019531 16.695312 L 5.0878906 15.976562 C 4.3898906 14.768562 4.0204844 13.387375 4.0214844 11.984375 C 4.0234844 7.582375 7.6067656 4 12.009766 4 z M 8.4765625 7.375 C 8.3095625 7.375 8.0395469 7.4375 7.8105469 7.6875 C 7.5815469 7.9365 6.9355469 8.5395781 6.9355469 9.7675781 C 6.9355469 10.995578 7.8300781 12.182609 7.9550781 12.349609 C 8.0790781 12.515609 9.68175 15.115234 12.21875 16.115234 C 14.32675 16.946234 14.754891 16.782234 15.212891 16.740234 C 15.670891 16.699234 16.690438 16.137687 16.898438 15.554688 C 17.106437 14.971687 17.106922 14.470187 17.044922 14.367188 C 16.982922 14.263188 16.816406 14.201172 16.566406 14.076172 C 16.317406 13.951172 15.090328 13.348625 14.861328 13.265625 C 14.632328 13.182625 14.464828 13.140625 14.298828 13.390625 C 14.132828 13.640625 13.655766 14.201187 13.509766 14.367188 C 13.363766 14.534188 13.21875 14.556641 12.96875 14.431641 C 12.71875 14.305641 11.914938 14.041406 10.960938 13.191406 C 10.218937 12.530406 9.7182656 11.714844 9.5722656 11.464844 C 9.4272656 11.215844 9.5585938 11.079078 9.6835938 10.955078 C 9.7955938 10.843078 9.9316406 10.663578 10.056641 10.517578 C 10.180641 10.371578 10.223641 10.267562 10.306641 10.101562 C 10.389641 9.9355625 10.347156 9.7890625 10.285156 9.6640625 C 10.223156 9.5390625 9.737625 8.3065 9.515625 7.8125 C 9.328625 7.3975 9.131125 7.3878594 8.953125 7.3808594 C 8.808125 7.3748594 8.6425625 7.375 8.4765625 7.375 z\"><\/path><\/svg><span class=\"wp-block-social-link-label screen-reader-text\">WhatsApp<\/span><\/a><\/li>\n\n<li style=\"color:#0693e3;\" class=\"wp-social-link wp-social-link-instagram has-vivid-cyan-blue-color wp-block-social-link\"><a href=\"https:\/\/www.instagram.com\/radiosisal97.3\/profilecard\/?igsh=MWo1azd5aXNvN2hmcQ==\" class=\"wp-block-social-link-anchor\"><svg width=\"24\" height=\"24\" viewBox=\"0 0 24 24\" version=\"1.1\" xmlns=\"http:\/\/www.w3.org\/2000\/svg\" aria-hidden=\"true\" focusable=\"false\"><path d=\"M12,4.622c2.403,0,2.688,0.009,3.637,0.052c0.877,0.04,1.354,0.187,1.671,0.31c0.42,0.163,0.72,0.358,1.035,0.673 c0.315,0.315,0.51,0.615,0.673,1.035c0.123,0.317,0.27,0.794,0.31,1.671c0.043,0.949,0.052,1.234,0.052,3.637 s-0.009,2.688-0.052,3.637c-0.04,0.877-0.187,1.354-0.31,1.671c-0.163,0.42-0.358,0.72-0.673,1.035 c-0.315,0.315-0.615,0.51-1.035,0.673c-0.317,0.123-0.794,0.27-1.671,0.31c-0.949,0.043-1.233,0.052-3.637,0.052 s-2.688-0.009-3.637-0.052c-0.877-0.04-1.354-0.187-1.671-0.31c-0.42-0.163-0.72-0.358-1.035-0.673 c-0.315-0.315-0.51-0.615-0.673-1.035c-0.123-0.317-0.27-0.794-0.31-1.671C4.631,14.688,4.622,14.403,4.622,12 s0.009-2.688,0.052-3.637c0.04-0.877,0.187-1.354,0.31-1.671c0.163-0.42,0.358-0.72,0.673-1.035 c0.315-0.315,0.615-0.51,1.035-0.673c0.317-0.123,0.794-0.27,1.671-0.31C9.312,4.631,9.597,4.622,12,4.622 M12,3 C9.556,3,9.249,3.01,8.289,3.054C7.331,3.098,6.677,3.25,6.105,3.472C5.513,3.702,5.011,4.01,4.511,4.511 c-0.5,0.5-0.808,1.002-1.038,1.594C3.25,6.677,3.098,7.331,3.054,8.289C3.01,9.249,3,9.556,3,12c0,2.444,0.01,2.751,0.054,3.711 c0.044,0.958,0.196,1.612,0.418,2.185c0.23,0.592,0.538,1.094,1.038,1.594c0.5,0.5,1.002,0.808,1.594,1.038 c0.572,0.222,1.227,0.375,2.185,0.418C9.249,20.99,9.556,21,12,21s2.751-0.01,3.711-0.054c0.958-0.044,1.612-0.196,2.185-0.418 c0.592-0.23,1.094-0.538,1.594-1.038c0.5-0.5,0.808-1.002,1.038-1.594c0.222-0.572,0.375-1.227,0.418-2.185 C20.99,14.751,21,14.444,21,12s-0.01-2.751-0.054-3.711c-0.044-0.958-0.196-1.612-0.418-2.185c-0.23-0.592-0.538-1.094-1.038-1.594 c-0.5-0.5-1.002-0.808-1.594-1.038c-0.572-0.222-1.227-0.375-2.185-0.418C14.751,3.01,14.444,3,12,3L12,3z M12,7.378 c-2.552,0-4.622,2.069-4.622,4.622S9.448,16.622,12,16.622s4.622-2.069,4.622-4.622S14.552,7.378,12,7.378z M12,15 c-1.657,0-3-1.343-3-3s1.343-3,3-3s3,1.343,3,3S13.657,15,12,15z M16.804,6.116c-0.596,0-1.08,0.484-1.08,1.08 s0.484,1.08,1.08,1.08c0.596,0,1.08-0.484,1.08-1.08S17.401,6.116,16.804,6.116z\"><\/path><\/svg><span class=\"wp-block-social-link-label screen-reader-text\">Instagram<\/span><\/a><\/li>\n\n<li style=\"color:#0693e3;\" class=\"wp-social-link wp-social-link-facebook has-vivid-cyan-blue-color wp-block-social-link\"><a href=\"https:\/\/www.facebook.com\/share\/1A7WveK9ft\/?mibextid=wwXIfr\" class=\"wp-block-social-link-anchor\"><svg width=\"24\" height=\"24\" viewBox=\"0 0 24 24\" version=\"1.1\" xmlns=\"http:\/\/www.w3.org\/2000\/svg\" aria-hidden=\"true\" focusable=\"false\"><path d=\"M12 2C6.5 2 2 6.5 2 12c0 5 3.7 9.1 8.4 9.9v-7H7.9V12h2.5V9.8c0-2.5 1.5-3.9 3.8-3.9 1.1 0 2.2.2 2.2.2v2.5h-1.3c-1.2 0-1.6.8-1.6 1.6V12h2.8l-.4 2.9h-2.3v7C18.3 21.1 22 17 22 12c0-5.5-4.5-10-10-10z\"><\/path><\/svg><span class=\"wp-block-social-link-label screen-reader-text\">Facebook<\/span><\/a><\/li><\/ul>\n","protected":false},"excerpt":{"rendered":"<p>Previs\u00e3o \u00e9 de que o temporal siga ao longo da semana em diversas regi\u00f5es do estado, principalmente no litoral. A Bahia foi atingida por mais de 73 mil raios entre o domingo (19) e a segunda-feira (20), segundo um levantamento feito pela Climatempo e a Neoenergia Coelba, concession\u00e1ria de energia que cobre o estado. A [&hellip;]<\/p>\n","protected":false},"author":2,"featured_media":10032,"comment_status":"open","ping_status":"open","sticky":false,"template":"","format":"standard","meta":{"footnotes":""},"categories":[1],"tags":[],"class_list":["post-10031","post","type-post","status-publish","format-standard","has-post-thumbnail","hentry","category-geral"],"jetpack_sharing_enabled":true,"jetpack_featured_media_url":"https:\/\/i0.wp.com\/radiosisal.com\/br\/wp-content\/uploads\/2025\/10\/Imagem-do-WhatsApp-de-2025-10-22-as-10.30.50_f31acda6.jpg?fit=984%2C554&ssl=1","_links":{"self":[{"href":"https:\/\/radiosisal.com\/br\/wp-json\/wp\/v2\/posts\/10031","targetHints":{"allow":["GET"]}}],"collection":[{"href":"https:\/\/radiosisal.com\/br\/wp-json\/wp\/v2\/posts"}],"about":[{"href":"https:\/\/radiosisal.com\/br\/wp-json\/wp\/v2\/types\/post"}],"author":[{"embeddable":true,"href":"https:\/\/radiosisal.com\/br\/wp-json\/wp\/v2\/users\/2"}],"replies":[{"embeddable":true,"href":"https:\/\/radiosisal.com\/br\/wp-json\/wp\/v2\/comments?post=10031"}],"version-history":[{"count":1,"href":"https:\/\/radiosisal.com\/br\/wp-json\/wp\/v2\/posts\/10031\/revisions"}],"predecessor-version":[{"id":10033,"href":"https:\/\/radiosisal.com\/br\/wp-json\/wp\/v2\/posts\/10031\/revisions\/10033"}],"wp:featuredmedia":[{"embeddable":true,"href":"https:\/\/radiosisal.com\/br\/wp-json\/wp\/v2\/media\/10032"}],"wp:attachment":[{"href":"https:\/\/radiosisal.com\/br\/wp-json\/wp\/v2\/media?parent=10031"}],"wp:term":[{"taxonomy":"category","embeddable":true,"href":"https:\/\/radiosisal.com\/br\/wp-json\/wp\/v2\/categories?post=10031"},{"taxonomy":"post_tag","embeddable":true,"href":"https:\/\/radiosisal.com\/br\/wp-json\/wp\/v2\/tags?post=10031"}],"curies":[{"name":"wp","href":"https:\/\/api.w.org\/{rel}","templated":true}]}}