{"id":10037,"date":"2025-10-22T14:29:30","date_gmt":"2025-10-22T14:29:30","guid":{"rendered":"https:\/\/radiosisal.com\/br\/?p=10037"},"modified":"2025-10-22T14:29:32","modified_gmt":"2025-10-22T14:29:32","slug":"cai-de-51-para-37-uso-de-internet-nas-escolas-por-adolescentes","status":"publish","type":"post","link":"https:\/\/radiosisal.com\/br\/2025\/10\/22\/cai-de-51-para-37-uso-de-internet-nas-escolas-por-adolescentes\/","title":{"rendered":"CAI DE 51% PARA 37% USO DE INTERNET NAS ESCOLAS POR ADOLESCENTES"},"content":{"rendered":"\n<p><\/p>\n\n\n\n<p>Uma das causas \u00e9 a lei que restringe celulares em col\u00e9gios.<\/p>\n\n\n\n<p><strong>O uso de internet por crian\u00e7as e adolescentes entre 9 e 17 anos de idade nas escolas caiu em 2025, revelou o estudo Tic Kids Online Brasil 2025, divulgado hoje (22), em S\u00e3o Paulo. Segundo a pesquisa, a propor\u00e7\u00e3o dos usu\u00e1rios dessa faixa et\u00e1ria que acessa a internet nas escolas recuou de 51% no ano passado para 37% este ano.<\/strong><img decoding=\"async\" src=\"https:\/\/i0.wp.com\/agenciabrasil.ebc.com.br\/ebc.png?w=1170&#038;ssl=1\" data-recalc-dims=\"1\"><img decoding=\"async\" src=\"https:\/\/i0.wp.com\/agenciabrasil.ebc.com.br\/ebc.gif?w=1170&#038;ssl=1\" data-recalc-dims=\"1\"><\/p>\n\n\n\n<p>Para Lu\u00edsa Adib, coordenadora da pesquisa&nbsp;<em>Tic Kids<\/em>, uma das explica\u00e7\u00f5es para esse recuo pode ser a lei que restringiu o uso de celulares nas escolas, aprovada no in\u00edcio deste ano.<\/p>\n\n\n\n<p>\u201cA gente come\u00e7ou a coleta da pesquisa em mar\u00e7o, quando a medida de restri\u00e7\u00e3o de celular nas escolas j\u00e1 tinha sido implementada. Ent\u00e3o, a gente pode ver uma rela\u00e7\u00e3o entre a restri\u00e7\u00e3o do celular e a queda do acesso \u00e0 internet na escola\u201d, salientou ela, em entrevista \u00e0&nbsp;<strong>Ag\u00eancia Brasil.<\/strong><\/p>\n\n\n\n<p><strong>No entanto, ela aponta outros fatores para essa queda no uso dentro das escolas. \u201cAcho que elas s\u00e3o influenciadas tamb\u00e9m pelo debate pol\u00edtico que est\u00e1 muito centrado e muito forte na agenda de prote\u00e7\u00e3o de crian\u00e7as e adolescentes e o ambiente digital. Porque, por exemplo, j\u00e1 est\u00e1 ocorrendo uma queda [no uso] das redes sociais e o Estatuto da Crian\u00e7a e do Adolescente &nbsp;digital [que disp\u00f5e sobre a prote\u00e7\u00e3o de crian\u00e7as e adolescentes em ambientes digitais] ainda n\u00e3o est\u00e1 em vigor. Ent\u00e3o, acho que uma parte [dessa queda] pode ser explicada pela regulamenta\u00e7\u00e3o, como no caso das escolas, que j\u00e1 aconteceu, mas tamb\u00e9m pelo debate pol\u00edtico\u201d, opinou.<\/strong><\/p>\n\n\n\n<h2 class=\"wp-block-heading\">Uso est\u00e1vel<\/h2>\n\n\n\n<p>O estudo Tic Kids Online Brasil 2025 &#8211; conduzido pelo Centro Regional de Estudos para o Desenvolvimento da Sociedade da Informa\u00e7\u00e3o (Cetic.br) do N\u00facleo de Informa\u00e7\u00e3o e Coordena\u00e7\u00e3o do Ponto BR (NIC.br), ligado ao Comit\u00ea Gestor da Internet no Brasil (CGI.br), apontou, ainda, que o n\u00famero de crian\u00e7as e adolescentes com acesso \u00e0 internet se manteve com certa estabilidade em rela\u00e7\u00e3o aos dois anos anteriores.<\/p>\n\n\n\n<p><strong>Segundo o estudo, 92% das crian\u00e7as e adolescentes entre 9 e 17 anos de todo o pa\u00eds s\u00e3o usu\u00e1rias de internet no Brasil, pouco abaixo do que a pesquisa apontou no ano passado (93%) e no ano retrasado (95%). Isso significa que quase 24,6 milh\u00f5es de pessoas nessa faixa et\u00e1ria acessaram a internet nos \u00faltimos tr\u00eas meses no Brasil.<\/strong><\/p>\n\n\n\n<p>Embora haja uma certa estabilidade nesse n\u00famero, a coordenadora do estudo apontou que houve mudan\u00e7as nas formas de uso da rede.<\/p>\n\n\n\n<blockquote class=\"wp-block-quote is-layout-flow wp-block-quote-is-layout-flow\">\n<p>\u201cA gente come\u00e7a a ver uma queda no acesso \u00e0 internet na escola e uma queda no uso de rede social para as faixas et\u00e1rias mais novas, retomando a um patamar parecido ao que a gente tinha antes da pandemia\u201d, argumentou.<\/p>\n<\/blockquote>\n\n\n\n<p>Segundo o estudo, o celular foi o principal dispositivo de acesso usado pela popula\u00e7\u00e3o de 9 a 17 anos, sendo citado por 96% dos entrevistados, seguido pela televis\u00e3o (74%), computador (30%) e pelo videogame (16%).<\/p>\n\n\n\n<p><strong>Ainda de acordo com a pesquisa, 84% dos usu\u00e1rios dessa faixa et\u00e1ria fazem esse acesso \u00e0 internet de suas casas, v\u00e1rias vezes ao dia. Nas escolas, 12% reportaram acesso \u00e0 internet v\u00e1rias vezes ao dia, 13% uma vez por semana e 9% uma vez ao m\u00eas.<\/strong><\/p>\n\n\n\n<p>Entre as atividades mais desenvolvidas na internet est\u00e3o o uso para pesquisas escolares (81%), pesquisas sobre temas que interessam (70%), leitura ou v\u00eddeos com not\u00edcias (48%) e informa\u00e7\u00f5es sobre sa\u00fade (31%).<\/p>\n\n\n\n<h2 class=\"wp-block-heading\">Cresce total dos que nunca acessam a internet<\/h2>\n\n\n\n<p>O n\u00famero de crian\u00e7as e adolescentes entre 9 e 17 anos que afirmam nunca terem acessado a internet tamb\u00e9m cresceu este ano. Se no ano passado esse p\u00fablico somava&nbsp;492.393 pessoas, agora em 2025 710.343 pessoas dessa faixa et\u00e1ria revelaram jamais ter acessado a rede.&nbsp;<\/p>\n\n\n\n<figure class=\"wp-block-image\"><img loading=\"lazy\" decoding=\"async\" width=\"754\" height=\"503\" src=\"https:\/\/i0.wp.com\/radiosisal.com\/br\/wp-content\/uploads\/2025\/10\/mao-tocando-a-tela-iluminada-do-smartphone.webp?resize=754%2C503&#038;ssl=1\" alt=\"Fraude, golpe, cibercrime, telefone celular- Idec aponta fragilidades na seguran\u00e7a de aplicativos de bancos. Foto: rawpixel.com \/ Chanikarn Thongsupa\" class=\"wp-image-10039\" title=\"rawpixel.com \/ Chanikarn Thongsu\" srcset=\"https:\/\/i0.wp.com\/radiosisal.com\/br\/wp-content\/uploads\/2025\/10\/mao-tocando-a-tela-iluminada-do-smartphone.webp?w=754&amp;ssl=1 754w, https:\/\/i0.wp.com\/radiosisal.com\/br\/wp-content\/uploads\/2025\/10\/mao-tocando-a-tela-iluminada-do-smartphone.webp?resize=300%2C200&amp;ssl=1 300w\" sizes=\"auto, (max-width: 754px) 100vw, 754px\" data-recalc-dims=\"1\" \/><\/figure>\n\n\n\n<p>Pesquisa revela que 46% das crian\u00e7as e adolescentes entre 9 e 17 anos acessam a internet para ver v\u00eddeos&nbsp; Foto:&nbsp;<strong>rawpixel.com\/Chanikarn Thongsu<\/strong><\/p>\n\n\n\n<p>\u201cA gente j\u00e1 tinha o dado [em outras pesquisas] de&nbsp;que a atividade multim\u00eddia era das mais realizadas e que&nbsp;80% declaravam ter assistido a v\u00eddeos. Mas, a&nbsp;gente queria saber que v\u00eddeos s\u00e3o esses. Fomos atr\u00e1s de&nbsp;algumas op\u00e7\u00f5es e a que aparece em maior propor\u00e7\u00e3o e frequ\u00eancia s\u00e3o os influenciadores\u201d, explicou a coordenadora do estudo.&nbsp;Outro dado da pesquisa \u00e9 que quase metade (46%) das crian\u00e7as e adolescentes entre 9 e 17 anos acessam a internet para ver v\u00eddeos feitos por influenciadores digitais. E isso ocorre v\u00e1rias vezes ao dia.<\/p>\n\n\n\n<blockquote class=\"wp-block-quote is-layout-flow wp-block-quote-is-layout-flow\">\n<p>\u201cN\u00e3o perguntamos qual o conte\u00fado que foi produzido por esse influenciador, mas sabemos que tem o m\u00f3dulo de consumo, com pessoas divulgando produtos, pessoas indo a lojas pela primeira vez, pessoas divulgando jogos de apostas e propor\u00e7\u00f5es superiores a 50% para todos esses tipos de conte\u00fado vinculados. Claro que pode&nbsp;ter um outro tipo de conte\u00fado divulgado por esses influenciadores digitais que n\u00e3o seja potencialmente danoso, mas a gente sabe que tem uma parte que pode ser\u201d, argumentou Lu\u00edsa Adib.<\/p>\n<\/blockquote>\n\n\n\n<p><strong>Como o uso da internet sempre pode estar associado a riscos, a coordenadora do estudo alerta para que os pais estejam sempre atentos ao acesso feito por seus filhos. \u201cA gente sabe, pela pesquisa, que a media\u00e7\u00e3o ativa \u00e9 mais eficiente. Ent\u00e3o, quando h\u00e1 di\u00e1logo e um acompanhamento das pr\u00e1ticas que a crian\u00e7a realiza, isso tende a ter resultados mais efetivos\u201d, observou.<\/strong><\/p>\n\n\n\n<h2 class=\"wp-block-heading\">Media\u00e7\u00e3o<\/h2>\n\n\n\n<p>Tamb\u00e9m \u00e9 importante, destacou ela, que as pr\u00f3prias plataformas fa\u00e7am um tipo de media\u00e7\u00e3o sobre isso, o que j\u00e1 est\u00e1 previsto no Estatuto da Crian\u00e7a e do Adolescente &#8211; ECA Digital. \u201cMas \u00e9 importante saber que nenhuma estrat\u00e9gia isolada vai ser efetiva. Ent\u00e3o, a partir do momento que esse respons\u00e1vel faz o uso de um recurso t\u00e9cnico [das plataformas], isso vai funcionar se tamb\u00e9m estiver alinhado a uma media\u00e7\u00e3o ativa, atrav\u00e9s de um di\u00e1logo, de um monitoramento e de um acompanhamento\u201d, avaliou.<\/p>\n\n\n\n<p><strong>A pesquisa ouviu 2.370 crian\u00e7as e adolescentes de todo o pa\u00eds, com idades entre 9 e 17 anos e 2.370 pais e respons\u00e1veis. O estudo foi realizado entre mar\u00e7o e setembro deste ano. O Tic Kids Online Brasil \u00e9 uma pesquisa feita anualmente desde 2012 e s\u00f3 n\u00e3o foi realizada em 2020 por causa da pandemia de covid-19.<\/strong><\/p>\n\n\n\n<p class=\"bs-intro\">FONTE: Ag\u00eancia Brasil<\/p>\n\n\n\n<ul class=\"wp-block-social-links has-icon-color is-style-logos-only is-vertical is-layout-flex wp-container-core-social-links-is-layout-8cf370e7 wp-block-social-links-is-layout-flex\"><li style=\"color:#0693e3;\" class=\"wp-social-link wp-social-link-whatsapp has-vivid-cyan-blue-color wp-block-social-link\"><a href=\"https:\/\/wa.me\/\/75991238048\" class=\"wp-block-social-link-anchor\"><svg width=\"24\" height=\"24\" viewBox=\"0 0 24 24\" version=\"1.1\" xmlns=\"http:\/\/www.w3.org\/2000\/svg\" aria-hidden=\"true\" focusable=\"false\"><path d=\"M 12.011719 2 C 6.5057187 2 2.0234844 6.478375 2.0214844 11.984375 C 2.0204844 13.744375 2.4814687 15.462563 3.3554688 16.976562 L 2 22 L 7.2324219 20.763672 C 8.6914219 21.559672 10.333859 21.977516 12.005859 21.978516 L 12.009766 21.978516 C 17.514766 21.978516 21.995047 17.499141 21.998047 11.994141 C 22.000047 9.3251406 20.962172 6.8157344 19.076172 4.9277344 C 17.190172 3.0407344 14.683719 2.001 12.011719 2 z M 12.009766 4 C 14.145766 4.001 16.153109 4.8337969 17.662109 6.3417969 C 19.171109 7.8517969 20.000047 9.8581875 19.998047 11.992188 C 19.996047 16.396187 16.413812 19.978516 12.007812 19.978516 C 10.674812 19.977516 9.3544062 19.642812 8.1914062 19.007812 L 7.5175781 18.640625 L 6.7734375 18.816406 L 4.8046875 19.28125 L 5.2851562 17.496094 L 5.5019531 16.695312 L 5.0878906 15.976562 C 4.3898906 14.768562 4.0204844 13.387375 4.0214844 11.984375 C 4.0234844 7.582375 7.6067656 4 12.009766 4 z M 8.4765625 7.375 C 8.3095625 7.375 8.0395469 7.4375 7.8105469 7.6875 C 7.5815469 7.9365 6.9355469 8.5395781 6.9355469 9.7675781 C 6.9355469 10.995578 7.8300781 12.182609 7.9550781 12.349609 C 8.0790781 12.515609 9.68175 15.115234 12.21875 16.115234 C 14.32675 16.946234 14.754891 16.782234 15.212891 16.740234 C 15.670891 16.699234 16.690438 16.137687 16.898438 15.554688 C 17.106437 14.971687 17.106922 14.470187 17.044922 14.367188 C 16.982922 14.263188 16.816406 14.201172 16.566406 14.076172 C 16.317406 13.951172 15.090328 13.348625 14.861328 13.265625 C 14.632328 13.182625 14.464828 13.140625 14.298828 13.390625 C 14.132828 13.640625 13.655766 14.201187 13.509766 14.367188 C 13.363766 14.534188 13.21875 14.556641 12.96875 14.431641 C 12.71875 14.305641 11.914938 14.041406 10.960938 13.191406 C 10.218937 12.530406 9.7182656 11.714844 9.5722656 11.464844 C 9.4272656 11.215844 9.5585938 11.079078 9.6835938 10.955078 C 9.7955938 10.843078 9.9316406 10.663578 10.056641 10.517578 C 10.180641 10.371578 10.223641 10.267562 10.306641 10.101562 C 10.389641 9.9355625 10.347156 9.7890625 10.285156 9.6640625 C 10.223156 9.5390625 9.737625 8.3065 9.515625 7.8125 C 9.328625 7.3975 9.131125 7.3878594 8.953125 7.3808594 C 8.808125 7.3748594 8.6425625 7.375 8.4765625 7.375 z\"><\/path><\/svg><span class=\"wp-block-social-link-label screen-reader-text\">WhatsApp<\/span><\/a><\/li>\n\n<li style=\"color:#0693e3;\" class=\"wp-social-link wp-social-link-instagram has-vivid-cyan-blue-color wp-block-social-link\"><a href=\"https:\/\/www.instagram.com\/radiosisal97.3\/profilecard\/?igsh=MWo1azd5aXNvN2hmcQ==\" class=\"wp-block-social-link-anchor\"><svg width=\"24\" height=\"24\" viewBox=\"0 0 24 24\" version=\"1.1\" xmlns=\"http:\/\/www.w3.org\/2000\/svg\" aria-hidden=\"true\" focusable=\"false\"><path d=\"M12,4.622c2.403,0,2.688,0.009,3.637,0.052c0.877,0.04,1.354,0.187,1.671,0.31c0.42,0.163,0.72,0.358,1.035,0.673 c0.315,0.315,0.51,0.615,0.673,1.035c0.123,0.317,0.27,0.794,0.31,1.671c0.043,0.949,0.052,1.234,0.052,3.637 s-0.009,2.688-0.052,3.637c-0.04,0.877-0.187,1.354-0.31,1.671c-0.163,0.42-0.358,0.72-0.673,1.035 c-0.315,0.315-0.615,0.51-1.035,0.673c-0.317,0.123-0.794,0.27-1.671,0.31c-0.949,0.043-1.233,0.052-3.637,0.052 s-2.688-0.009-3.637-0.052c-0.877-0.04-1.354-0.187-1.671-0.31c-0.42-0.163-0.72-0.358-1.035-0.673 c-0.315-0.315-0.51-0.615-0.673-1.035c-0.123-0.317-0.27-0.794-0.31-1.671C4.631,14.688,4.622,14.403,4.622,12 s0.009-2.688,0.052-3.637c0.04-0.877,0.187-1.354,0.31-1.671c0.163-0.42,0.358-0.72,0.673-1.035 c0.315-0.315,0.615-0.51,1.035-0.673c0.317-0.123,0.794-0.27,1.671-0.31C9.312,4.631,9.597,4.622,12,4.622 M12,3 C9.556,3,9.249,3.01,8.289,3.054C7.331,3.098,6.677,3.25,6.105,3.472C5.513,3.702,5.011,4.01,4.511,4.511 c-0.5,0.5-0.808,1.002-1.038,1.594C3.25,6.677,3.098,7.331,3.054,8.289C3.01,9.249,3,9.556,3,12c0,2.444,0.01,2.751,0.054,3.711 c0.044,0.958,0.196,1.612,0.418,2.185c0.23,0.592,0.538,1.094,1.038,1.594c0.5,0.5,1.002,0.808,1.594,1.038 c0.572,0.222,1.227,0.375,2.185,0.418C9.249,20.99,9.556,21,12,21s2.751-0.01,3.711-0.054c0.958-0.044,1.612-0.196,2.185-0.418 c0.592-0.23,1.094-0.538,1.594-1.038c0.5-0.5,0.808-1.002,1.038-1.594c0.222-0.572,0.375-1.227,0.418-2.185 C20.99,14.751,21,14.444,21,12s-0.01-2.751-0.054-3.711c-0.044-0.958-0.196-1.612-0.418-2.185c-0.23-0.592-0.538-1.094-1.038-1.594 c-0.5-0.5-1.002-0.808-1.594-1.038c-0.572-0.222-1.227-0.375-2.185-0.418C14.751,3.01,14.444,3,12,3L12,3z M12,7.378 c-2.552,0-4.622,2.069-4.622,4.622S9.448,16.622,12,16.622s4.622-2.069,4.622-4.622S14.552,7.378,12,7.378z M12,15 c-1.657,0-3-1.343-3-3s1.343-3,3-3s3,1.343,3,3S13.657,15,12,15z M16.804,6.116c-0.596,0-1.08,0.484-1.08,1.08 s0.484,1.08,1.08,1.08c0.596,0,1.08-0.484,1.08-1.08S17.401,6.116,16.804,6.116z\"><\/path><\/svg><span class=\"wp-block-social-link-label screen-reader-text\">Instagram<\/span><\/a><\/li>\n\n<li style=\"color:#0693e3;\" class=\"wp-social-link wp-social-link-facebook has-vivid-cyan-blue-color wp-block-social-link\"><a href=\"https:\/\/www.facebook.com\/share\/1A7WveK9ft\/?mibextid=wwXIfr\" class=\"wp-block-social-link-anchor\"><svg width=\"24\" height=\"24\" viewBox=\"0 0 24 24\" version=\"1.1\" xmlns=\"http:\/\/www.w3.org\/2000\/svg\" aria-hidden=\"true\" focusable=\"false\"><path d=\"M12 2C6.5 2 2 6.5 2 12c0 5 3.7 9.1 8.4 9.9v-7H7.9V12h2.5V9.8c0-2.5 1.5-3.9 3.8-3.9 1.1 0 2.2.2 2.2.2v2.5h-1.3c-1.2 0-1.6.8-1.6 1.6V12h2.8l-.4 2.9h-2.3v7C18.3 21.1 22 17 22 12c0-5.5-4.5-10-10-10z\"><\/path><\/svg><span class=\"wp-block-social-link-label screen-reader-text\">Facebook<\/span><\/a><\/li><\/ul>\n\n\n\n<p><\/p>\n","protected":false},"excerpt":{"rendered":"<p>Uma das causas \u00e9 a lei que restringe celulares em col\u00e9gios. O uso de internet por crian\u00e7as e adolescentes entre 9 e 17 anos de idade nas escolas caiu em 2025, revelou o estudo Tic Kids Online Brasil 2025, divulgado hoje (22), em S\u00e3o Paulo. Segundo a pesquisa, a propor\u00e7\u00e3o dos usu\u00e1rios dessa faixa et\u00e1ria [&hellip;]<\/p>\n","protected":false},"author":2,"featured_media":10038,"comment_status":"open","ping_status":"open","sticky":false,"template":"","format":"standard","meta":{"footnotes":""},"categories":[1],"tags":[],"class_list":["post-10037","post","type-post","status-publish","format-standard","has-post-thumbnail","hentry","category-geral"],"jetpack_sharing_enabled":true,"jetpack_featured_media_url":"https:\/\/i0.wp.com\/radiosisal.com\/br\/wp-content\/uploads\/2025\/10\/pzzb9096.webp?fit=1170%2C700&ssl=1","_links":{"self":[{"href":"https:\/\/radiosisal.com\/br\/wp-json\/wp\/v2\/posts\/10037","targetHints":{"allow":["GET"]}}],"collection":[{"href":"https:\/\/radiosisal.com\/br\/wp-json\/wp\/v2\/posts"}],"about":[{"href":"https:\/\/radiosisal.com\/br\/wp-json\/wp\/v2\/types\/post"}],"author":[{"embeddable":true,"href":"https:\/\/radiosisal.com\/br\/wp-json\/wp\/v2\/users\/2"}],"replies":[{"embeddable":true,"href":"https:\/\/radiosisal.com\/br\/wp-json\/wp\/v2\/comments?post=10037"}],"version-history":[{"count":1,"href":"https:\/\/radiosisal.com\/br\/wp-json\/wp\/v2\/posts\/10037\/revisions"}],"predecessor-version":[{"id":10040,"href":"https:\/\/radiosisal.com\/br\/wp-json\/wp\/v2\/posts\/10037\/revisions\/10040"}],"wp:featuredmedia":[{"embeddable":true,"href":"https:\/\/radiosisal.com\/br\/wp-json\/wp\/v2\/media\/10038"}],"wp:attachment":[{"href":"https:\/\/radiosisal.com\/br\/wp-json\/wp\/v2\/media?parent=10037"}],"wp:term":[{"taxonomy":"category","embeddable":true,"href":"https:\/\/radiosisal.com\/br\/wp-json\/wp\/v2\/categories?post=10037"},{"taxonomy":"post_tag","embeddable":true,"href":"https:\/\/radiosisal.com\/br\/wp-json\/wp\/v2\/tags?post=10037"}],"curies":[{"name":"wp","href":"https:\/\/api.w.org\/{rel}","templated":true}]}}