{"id":10057,"date":"2025-10-23T10:34:49","date_gmt":"2025-10-23T10:34:49","guid":{"rendered":"https:\/\/radiosisal.com\/br\/?p=10057"},"modified":"2025-10-23T10:34:51","modified_gmt":"2025-10-23T10:34:51","slug":"omeprazol-causa-demencia-o-que-se-sabe-sobre-os-riscos-do-uso-continuo","status":"publish","type":"post","link":"https:\/\/radiosisal.com\/br\/2025\/10\/23\/omeprazol-causa-demencia-o-que-se-sabe-sobre-os-riscos-do-uso-continuo\/","title":{"rendered":"OMEPRAZOL CAUSA DEM\u00caNCIA? O QUE SE SABE SOBRE OS RISCOS DO USO CONT\u00cdNUO"},"content":{"rendered":"\n<p><\/p>\n\n\n\n<p>Pesquisas que levantaram suspeitas sobre a rela\u00e7\u00e3o entre inibidores de bomba de pr\u00f3tons e Alzheimer foram revistas e n\u00e3o confirmadas; especialistas explicam o que a ci\u00eancia mostra at\u00e9 agora.<\/p>\n\n\n\n<p>A suspeita de que o omeprazol, um dos rem\u00e9dios mais usados do Brasil, pudesse estar ligado \u00e0 dem\u00eancia e Alzheimer vem sendo debatida h\u00e1 anos, mas at\u00e9 hoje n\u00e3o h\u00e1 prova cient\u00edfica de causa e efeito. O que se sabe, segundo neurologistas e gastroenterologistas, \u00e9 que o uso cont\u00ednuo e sem reavalia\u00e7\u00e3o m\u00e9dica pode&nbsp;<strong>trazer riscos reais, mas eles n\u00e3o envolvem perda cognitiva direta<\/strong>.<\/p>\n\n\n\n<p>O debate come\u00e7ou em 2014, quando um estudo alem\u00e3o \u2014 publicado no peri\u00f3dico&nbsp;<em>JAMA Neurology&nbsp;<\/em>\u2014 observou uma poss\u00edvel associa\u00e7\u00e3o entre o uso prolongado de inibidores de bomba de pr\u00f3tons (IBPs) e maior incid\u00eancia de dem\u00eancia em idosos. Essa classe inclui o omeprazol, pantoprazol e esomeprazol.<\/p>\n\n\n\n<p>Por\u00e9m, segundo especialistas ouvidos pelo&nbsp;<strong>g1<\/strong>, o estudo era observacional e n\u00e3o provava rela\u00e7\u00e3o de causa e efeito. Pesquisas mais amplas e posteriores, como um trabalho finland\u00eas de 2017 na revista&nbsp;<em>Neurology<\/em>&nbsp;com mais de 250 mil pacientes, n\u00e3o confirmaram a associa\u00e7\u00e3o.<\/p>\n\n\n\n<p>De acordo com o neurologista Carlos Eduardo Altieri, do Hospital S\u00edrio-Liban\u00eas, esses estudos iniciais chamaram aten\u00e7\u00e3o, mas apresentavam limita\u00e7\u00f5es.<\/p>\n\n\n\n<blockquote class=\"wp-block-quote is-layout-flow wp-block-quote-is-layout-flow\">\n<p>\u201cForam pesquisas observacionais, com amostras restritas. Elas mostraram uma incid\u00eancia maior de dem\u00eancia entre usu\u00e1rios cr\u00f4nicos de omeprazol, mas n\u00e3o provaram causa e efeito. Estudos mais recentes e meta-an\u00e1lises n\u00e3o reproduziram essa associa\u00e7\u00e3o\u201d, explica.<\/p>\n<\/blockquote>\n\n\n\n<p>Para o neurologista e intensivista Iago Navas, da Cl\u00ednica Sartor, a confus\u00e3o entre associa\u00e7\u00e3o e causalidade \u00e9 o cerne da quest\u00e3o. Ele explica que pacientes que fazem uso cr\u00f4nico de IBPs geralmente j\u00e1 apresentam outras condi\u00e7\u00f5es m\u00e9dicas \u2014 como idade avan\u00e7ada, m\u00faltiplos rem\u00e9dios, alimenta\u00e7\u00e3o irregular e doen\u00e7as cr\u00f4nicas \u2014, e esses fatores podem distorcer os resultados.<\/p>\n\n\n\n<p>\u201cEssas pessoas, por terem mais doen\u00e7as associadas e usarem mais rem\u00e9dios, j\u00e1 t\u00eam um risco aumentado de decl\u00ednio cognitivo. Isso n\u00e3o significa que o omeprazol seja o causador\u201d, observa Navas.<\/p>\n\n\n\n<p>A literatura m\u00e9dica refor\u00e7a, no entanto, que o poss\u00edvel elo entre o uso prolongado de IBPs e o decl\u00ednio cognitivo \u00e9 indireto, e n\u00e3o resultado de uma a\u00e7\u00e3o t\u00f3xica sobre o c\u00e9rebro.<\/p>\n\n\n\n<p>O&nbsp;<strong>\u00e1cido g\u00e1strico \u00e9 fundamental para liberar a vitamina B12 dos alimentos<\/strong>; quando ele \u00e9 suprimido por muito tempo, a absor\u00e7\u00e3o diminui. Com isso,&nbsp;alguns pacientes podem desenvolver n\u00edveis baixos de B12, o que est\u00e1 associado a sintomas como fadiga, formigamento, lapsos de mem\u00f3ria e dificuldade de concentra\u00e7\u00e3o.<\/p>\n\n\n\n<p>\u201c\u00c9 uma rela\u00e7\u00e3o indireta: o rem\u00e9dio n\u00e3o causa o problema cognitivo, mas pode facilitar uma defici\u00eancia que interfere no metabolismo cerebral\u201d, completa Navas.<\/p>\n\n\n\n<p>Essa rela\u00e7\u00e3o aparece em revis\u00f5es publicadas no Journal of the American Geriatrics Society (2020) e no Frontiers in Pharmacology (2022), que relatam redu\u00e7\u00e3o dos n\u00edveis de B12 em usu\u00e1rios cr\u00f4nicos de IBPs, especialmente idosos.<\/p>\n\n\n\n<p>Mesmo assim, os trabalhos destacam que a reposi\u00e7\u00e3o da vitamina reverte os sintomas e que os medicamentos continuam seguros quando usados sob supervis\u00e3o m\u00e9dica.<\/p>\n\n\n\n<h2 class=\"wp-block-heading\">Uso prolongado exige reavalia\u00e7\u00e3o<\/h2>\n\n\n\n<p>A gastroenterologista D\u00e9bora Poli, do Hospital S\u00edrio-Liban\u00eas, relembra que o omeprazol e outros IBPs foram desenvolvidos para&nbsp;<strong>uso controlado e por tempo definido<\/strong>.<\/p>\n\n\n\n<p>\u201c\u00c9 um medicamento importante, mas n\u00e3o inofensivo. Deve ser usado com indica\u00e7\u00e3o precisa e tempo determinado\u201d, afirma.<\/p>\n\n\n\n<p>D\u00e9bora explica que&nbsp;<strong>a acidez g\u00e1strica tem papel essencial na digest\u00e3o e na absor\u00e7\u00e3o de nutrientes<\/strong>.&nbsp;O bloqueio \u00e1cido cont\u00ednuo pode reduzir a absor\u00e7\u00e3o de vitamina B12, ferro e magn\u00e9sio, o que \u2014 no longo prazo \u2014 pode ter impacto sist\u00eamico, embora n\u00e3o exista comprova\u00e7\u00e3o de dano cerebral direto.<\/p>\n\n\n\n<p>O uso prolongado tamb\u00e9m est\u00e1 associado a&nbsp;<strong>maior risco de infec\u00e7\u00f5es intestinais e a mudan\u00e7as na microbiota<\/strong>, mas esses efeitos n\u00e3o t\u00eam rela\u00e7\u00e3o comprovada com altera\u00e7\u00f5es cognitivas.<\/p>\n\n\n\n<p>Oncologista cl\u00ednico e diretor da Cl\u00ednica First, Raphael Brand\u00e3o ressalta que a seguran\u00e7a do tratamento depende menos do medicamento em si e mais de como ele \u00e9 utilizado.<\/p>\n\n\n\n<blockquote class=\"wp-block-quote is-layout-flow wp-block-quote-is-layout-flow\">\n<p>\u201cO objetivo \u00e9 usar a menor dose, pelo menor tempo poss\u00edvel, e sempre com reavalia\u00e7\u00e3o m\u00e9dica\u201d, afirma.<\/p>\n<\/blockquote>\n\n\n\n<p>Na mesma linha, a cirurgi\u00e3 do aparelho digestivo Vanessa Prado, do Hospital Nove de Julho, explica que a pr\u00f3pria classe dos inibidores de bomba de pr\u00f3tons evoluiu muito desde o lan\u00e7amento do omeprazol.<\/p>\n\n\n\n<p>\u201cHoje h\u00e1 bloqueadores de pr\u00f3tons mais modernos, com perfis farmacol\u00f3gicos mais est\u00e1veis e melhor absor\u00e7\u00e3o\u201d, explica.<\/p>\n\n\n\n<h2 class=\"wp-block-heading\">Quem precisa de mais cuidado<\/h2>\n\n\n\n<p>Segundo ela, a chave est\u00e1 em<strong>&nbsp;individualizar o tratamento<\/strong>. O uso prolongado e sem necessidade cl\u00ednica, ainda comum entre pacientes que se automedicam, pode ser evitado com acompanhamento regular e ajuste de doses conforme o quadro de cada pessoa.<\/p>\n\n\n\n<p>Os efeitos adversos, quando ocorrem, tendem a se concentrar em idosos e pacientes em uso de m\u00faltiplos medicamentos.<\/p>\n\n\n\n<p>Esses grupos, segundo Navas, s\u00e3o&nbsp;<strong>mais propensos a defici\u00eancias nutricionais e intera\u00e7\u00f5es medicamentosas<\/strong>. O acompanhamento deve incluir exames de vitamina B12, magn\u00e9sio e densitometria \u00f3ssea, conforme o tempo de uso e o hist\u00f3rico do paciente.<\/p>\n\n\n\n<h2 class=\"wp-block-heading\">O que se sabe<\/h2>\n\n\n\n<ul class=\"wp-block-list\">\n<li>N\u00e3o h\u00e1 evid\u00eancia cient\u00edfica de que o omeprazol cause dem\u00eancia ou Alzheimer.<\/li>\n\n\n\n<li>O uso prolongado pode reduzir a absor\u00e7\u00e3o de nutrientes como B12 e magn\u00e9sio.<\/li>\n\n\n\n<li>A defici\u00eancia nutricional, e n\u00e3o o rem\u00e9dio em si, pode influenciar fun\u00e7\u00f5es cognitivas.<\/li>\n\n\n\n<li>O uso cont\u00ednuo e sem supervis\u00e3o aumenta riscos gastrointestinais e metab\u00f3licos.<\/li>\n<\/ul>\n\n\n\n<blockquote class=\"wp-block-quote is-layout-flow wp-block-quote-is-layout-flow\">\n<p>\u201cO foco n\u00e3o \u00e9 o medo, e sim o acompanhamento\u201d, resume D\u00e9bora Poli. \u201cUsar com indica\u00e7\u00e3o correta, por tempo determinado e sob supervis\u00e3o m\u00e9dica \u00e9 o que garante seguran\u00e7a.\u201d<\/p>\n<\/blockquote>\n\n\n\n<p class=\"bs-intro\">FONTE: G1<\/p>\n\n\n\n<ul class=\"wp-block-social-links has-icon-color is-style-logos-only is-vertical is-layout-flex wp-container-core-social-links-is-layout-8cf370e7 wp-block-social-links-is-layout-flex\"><li style=\"color:#0693e3;\" class=\"wp-social-link wp-social-link-whatsapp has-vivid-cyan-blue-color wp-block-social-link\"><a href=\"https:\/\/wa.me\/\/75991238048\" class=\"wp-block-social-link-anchor\"><svg width=\"24\" height=\"24\" viewBox=\"0 0 24 24\" version=\"1.1\" xmlns=\"http:\/\/www.w3.org\/2000\/svg\" aria-hidden=\"true\" focusable=\"false\"><path d=\"M 12.011719 2 C 6.5057187 2 2.0234844 6.478375 2.0214844 11.984375 C 2.0204844 13.744375 2.4814687 15.462563 3.3554688 16.976562 L 2 22 L 7.2324219 20.763672 C 8.6914219 21.559672 10.333859 21.977516 12.005859 21.978516 L 12.009766 21.978516 C 17.514766 21.978516 21.995047 17.499141 21.998047 11.994141 C 22.000047 9.3251406 20.962172 6.8157344 19.076172 4.9277344 C 17.190172 3.0407344 14.683719 2.001 12.011719 2 z M 12.009766 4 C 14.145766 4.001 16.153109 4.8337969 17.662109 6.3417969 C 19.171109 7.8517969 20.000047 9.8581875 19.998047 11.992188 C 19.996047 16.396187 16.413812 19.978516 12.007812 19.978516 C 10.674812 19.977516 9.3544062 19.642812 8.1914062 19.007812 L 7.5175781 18.640625 L 6.7734375 18.816406 L 4.8046875 19.28125 L 5.2851562 17.496094 L 5.5019531 16.695312 L 5.0878906 15.976562 C 4.3898906 14.768562 4.0204844 13.387375 4.0214844 11.984375 C 4.0234844 7.582375 7.6067656 4 12.009766 4 z M 8.4765625 7.375 C 8.3095625 7.375 8.0395469 7.4375 7.8105469 7.6875 C 7.5815469 7.9365 6.9355469 8.5395781 6.9355469 9.7675781 C 6.9355469 10.995578 7.8300781 12.182609 7.9550781 12.349609 C 8.0790781 12.515609 9.68175 15.115234 12.21875 16.115234 C 14.32675 16.946234 14.754891 16.782234 15.212891 16.740234 C 15.670891 16.699234 16.690438 16.137687 16.898438 15.554688 C 17.106437 14.971687 17.106922 14.470187 17.044922 14.367188 C 16.982922 14.263188 16.816406 14.201172 16.566406 14.076172 C 16.317406 13.951172 15.090328 13.348625 14.861328 13.265625 C 14.632328 13.182625 14.464828 13.140625 14.298828 13.390625 C 14.132828 13.640625 13.655766 14.201187 13.509766 14.367188 C 13.363766 14.534188 13.21875 14.556641 12.96875 14.431641 C 12.71875 14.305641 11.914938 14.041406 10.960938 13.191406 C 10.218937 12.530406 9.7182656 11.714844 9.5722656 11.464844 C 9.4272656 11.215844 9.5585938 11.079078 9.6835938 10.955078 C 9.7955938 10.843078 9.9316406 10.663578 10.056641 10.517578 C 10.180641 10.371578 10.223641 10.267562 10.306641 10.101562 C 10.389641 9.9355625 10.347156 9.7890625 10.285156 9.6640625 C 10.223156 9.5390625 9.737625 8.3065 9.515625 7.8125 C 9.328625 7.3975 9.131125 7.3878594 8.953125 7.3808594 C 8.808125 7.3748594 8.6425625 7.375 8.4765625 7.375 z\"><\/path><\/svg><span class=\"wp-block-social-link-label screen-reader-text\">WhatsApp<\/span><\/a><\/li>\n\n<li style=\"color:#0693e3;\" class=\"wp-social-link wp-social-link-instagram has-vivid-cyan-blue-color wp-block-social-link\"><a href=\"https:\/\/www.instagram.com\/radiosisal97.3\/profilecard\/?igsh=MWo1azd5aXNvN2hmcQ==\" class=\"wp-block-social-link-anchor\"><svg width=\"24\" height=\"24\" viewBox=\"0 0 24 24\" version=\"1.1\" xmlns=\"http:\/\/www.w3.org\/2000\/svg\" aria-hidden=\"true\" focusable=\"false\"><path d=\"M12,4.622c2.403,0,2.688,0.009,3.637,0.052c0.877,0.04,1.354,0.187,1.671,0.31c0.42,0.163,0.72,0.358,1.035,0.673 c0.315,0.315,0.51,0.615,0.673,1.035c0.123,0.317,0.27,0.794,0.31,1.671c0.043,0.949,0.052,1.234,0.052,3.637 s-0.009,2.688-0.052,3.637c-0.04,0.877-0.187,1.354-0.31,1.671c-0.163,0.42-0.358,0.72-0.673,1.035 c-0.315,0.315-0.615,0.51-1.035,0.673c-0.317,0.123-0.794,0.27-1.671,0.31c-0.949,0.043-1.233,0.052-3.637,0.052 s-2.688-0.009-3.637-0.052c-0.877-0.04-1.354-0.187-1.671-0.31c-0.42-0.163-0.72-0.358-1.035-0.673 c-0.315-0.315-0.51-0.615-0.673-1.035c-0.123-0.317-0.27-0.794-0.31-1.671C4.631,14.688,4.622,14.403,4.622,12 s0.009-2.688,0.052-3.637c0.04-0.877,0.187-1.354,0.31-1.671c0.163-0.42,0.358-0.72,0.673-1.035 c0.315-0.315,0.615-0.51,1.035-0.673c0.317-0.123,0.794-0.27,1.671-0.31C9.312,4.631,9.597,4.622,12,4.622 M12,3 C9.556,3,9.249,3.01,8.289,3.054C7.331,3.098,6.677,3.25,6.105,3.472C5.513,3.702,5.011,4.01,4.511,4.511 c-0.5,0.5-0.808,1.002-1.038,1.594C3.25,6.677,3.098,7.331,3.054,8.289C3.01,9.249,3,9.556,3,12c0,2.444,0.01,2.751,0.054,3.711 c0.044,0.958,0.196,1.612,0.418,2.185c0.23,0.592,0.538,1.094,1.038,1.594c0.5,0.5,1.002,0.808,1.594,1.038 c0.572,0.222,1.227,0.375,2.185,0.418C9.249,20.99,9.556,21,12,21s2.751-0.01,3.711-0.054c0.958-0.044,1.612-0.196,2.185-0.418 c0.592-0.23,1.094-0.538,1.594-1.038c0.5-0.5,0.808-1.002,1.038-1.594c0.222-0.572,0.375-1.227,0.418-2.185 C20.99,14.751,21,14.444,21,12s-0.01-2.751-0.054-3.711c-0.044-0.958-0.196-1.612-0.418-2.185c-0.23-0.592-0.538-1.094-1.038-1.594 c-0.5-0.5-1.002-0.808-1.594-1.038c-0.572-0.222-1.227-0.375-2.185-0.418C14.751,3.01,14.444,3,12,3L12,3z M12,7.378 c-2.552,0-4.622,2.069-4.622,4.622S9.448,16.622,12,16.622s4.622-2.069,4.622-4.622S14.552,7.378,12,7.378z M12,15 c-1.657,0-3-1.343-3-3s1.343-3,3-3s3,1.343,3,3S13.657,15,12,15z M16.804,6.116c-0.596,0-1.08,0.484-1.08,1.08 s0.484,1.08,1.08,1.08c0.596,0,1.08-0.484,1.08-1.08S17.401,6.116,16.804,6.116z\"><\/path><\/svg><span class=\"wp-block-social-link-label screen-reader-text\">Instagram<\/span><\/a><\/li>\n\n<li style=\"color:#0693e3;\" class=\"wp-social-link wp-social-link-facebook has-vivid-cyan-blue-color wp-block-social-link\"><a href=\"https:\/\/www.facebook.com\/share\/1A7WveK9ft\/?mibextid=wwXIfr\" class=\"wp-block-social-link-anchor\"><svg width=\"24\" height=\"24\" viewBox=\"0 0 24 24\" version=\"1.1\" xmlns=\"http:\/\/www.w3.org\/2000\/svg\" aria-hidden=\"true\" focusable=\"false\"><path d=\"M12 2C6.5 2 2 6.5 2 12c0 5 3.7 9.1 8.4 9.9v-7H7.9V12h2.5V9.8c0-2.5 1.5-3.9 3.8-3.9 1.1 0 2.2.2 2.2.2v2.5h-1.3c-1.2 0-1.6.8-1.6 1.6V12h2.8l-.4 2.9h-2.3v7C18.3 21.1 22 17 22 12c0-5.5-4.5-10-10-10z\"><\/path><\/svg><span class=\"wp-block-social-link-label screen-reader-text\">Facebook<\/span><\/a><\/li><\/ul>\n","protected":false},"excerpt":{"rendered":"<p>Pesquisas que levantaram suspeitas sobre a rela\u00e7\u00e3o entre inibidores de bomba de pr\u00f3tons e Alzheimer foram revistas e n\u00e3o confirmadas; especialistas explicam o que a ci\u00eancia mostra at\u00e9 agora. A suspeita de que o omeprazol, um dos rem\u00e9dios mais usados do Brasil, pudesse estar ligado \u00e0 dem\u00eancia e Alzheimer vem sendo debatida h\u00e1 anos, mas [&hellip;]<\/p>\n","protected":false},"author":2,"featured_media":10058,"comment_status":"open","ping_status":"open","sticky":false,"template":"","format":"standard","meta":{"footnotes":""},"categories":[1],"tags":[],"class_list":["post-10057","post","type-post","status-publish","format-standard","has-post-thumbnail","hentry","category-geral"],"jetpack_sharing_enabled":true,"jetpack_featured_media_url":"https:\/\/i0.wp.com\/radiosisal.com\/br\/wp-content\/uploads\/2025\/10\/Imagem-do-WhatsApp-de-2025-10-23-as-07.33.54_3059253a.jpg?fit=984%2C738&ssl=1","_links":{"self":[{"href":"https:\/\/radiosisal.com\/br\/wp-json\/wp\/v2\/posts\/10057","targetHints":{"allow":["GET"]}}],"collection":[{"href":"https:\/\/radiosisal.com\/br\/wp-json\/wp\/v2\/posts"}],"about":[{"href":"https:\/\/radiosisal.com\/br\/wp-json\/wp\/v2\/types\/post"}],"author":[{"embeddable":true,"href":"https:\/\/radiosisal.com\/br\/wp-json\/wp\/v2\/users\/2"}],"replies":[{"embeddable":true,"href":"https:\/\/radiosisal.com\/br\/wp-json\/wp\/v2\/comments?post=10057"}],"version-history":[{"count":1,"href":"https:\/\/radiosisal.com\/br\/wp-json\/wp\/v2\/posts\/10057\/revisions"}],"predecessor-version":[{"id":10059,"href":"https:\/\/radiosisal.com\/br\/wp-json\/wp\/v2\/posts\/10057\/revisions\/10059"}],"wp:featuredmedia":[{"embeddable":true,"href":"https:\/\/radiosisal.com\/br\/wp-json\/wp\/v2\/media\/10058"}],"wp:attachment":[{"href":"https:\/\/radiosisal.com\/br\/wp-json\/wp\/v2\/media?parent=10057"}],"wp:term":[{"taxonomy":"category","embeddable":true,"href":"https:\/\/radiosisal.com\/br\/wp-json\/wp\/v2\/categories?post=10057"},{"taxonomy":"post_tag","embeddable":true,"href":"https:\/\/radiosisal.com\/br\/wp-json\/wp\/v2\/tags?post=10057"}],"curies":[{"name":"wp","href":"https:\/\/api.w.org\/{rel}","templated":true}]}}