{"id":10083,"date":"2025-10-27T10:24:58","date_gmt":"2025-10-27T10:24:58","guid":{"rendered":"https:\/\/radiosisal.com\/br\/?p=10083"},"modified":"2025-10-27T10:25:00","modified_gmt":"2025-10-27T10:25:00","slug":"jacobina-denuncia-ato-racista-em-jogo-do-campeonato-baiano-sub-17","status":"publish","type":"post","link":"https:\/\/radiosisal.com\/br\/2025\/10\/27\/jacobina-denuncia-ato-racista-em-jogo-do-campeonato-baiano-sub-17\/","title":{"rendered":"JACOBINA DENUNCIA ATO RACISTA EM JOGO DO CAMPEONATO BAIANO SUB-17"},"content":{"rendered":"\n<p><\/p>\n\n\n\n<p>Clube informou que atleta do time advers\u00e1rio chamou jogador de \u201cmacaco\u201d durante partida.<\/p>\n\n\n\n<p>O Jacobina Esporte Clube repudiou publicamente um ato de racismo ocorrido neste s\u00e1bado (25) durante a partida contra o Estrela de Mar\u00e7o, v\u00e1lida pelo Campeonato Baiano Sub-17. Segundo nota divulgada pelo clube, um atleta da equipe advers\u00e1ria teria chamado um jogador do Jacobina de \u201cmacaco\u201d em campo.<\/p>\n\n\n\n<p>Ap\u00f3s tomar conhecimento do caso, o \u00e1rbitro aplicou o protocolo de combate ao racismo, interrompendo o jogo conforme determina\u00e7\u00e3o da Federa\u00e7\u00e3o Bahiana de Futebol (FBF). O Jacobina afirmou que j\u00e1 comunicou o fato \u00e0s autoridades competentes e que ir\u00e1 adotar todas as medidas legais para garantir que o respons\u00e1vel seja punido.<\/p>\n\n\n<div class=\"wp-block-image\">\n<figure class=\"aligncenter is-resized\"><img loading=\"lazy\" decoding=\"async\" width=\"969\" height=\"1204\" src=\"https:\/\/i0.wp.com\/radiosisal.com\/br\/wp-content\/uploads\/2025\/10\/auto-upload-2979951.png?resize=969%2C1204&#038;ssl=1\" alt=\"\" class=\"wp-image-10085\" style=\"width:496px;height:auto\" srcset=\"https:\/\/i0.wp.com\/radiosisal.com\/br\/wp-content\/uploads\/2025\/10\/auto-upload-2979951.png?w=969&amp;ssl=1 969w, https:\/\/i0.wp.com\/radiosisal.com\/br\/wp-content\/uploads\/2025\/10\/auto-upload-2979951.png?resize=241%2C300&amp;ssl=1 241w, https:\/\/i0.wp.com\/radiosisal.com\/br\/wp-content\/uploads\/2025\/10\/auto-upload-2979951.png?resize=824%2C1024&amp;ssl=1 824w, https:\/\/i0.wp.com\/radiosisal.com\/br\/wp-content\/uploads\/2025\/10\/auto-upload-2979951.png?resize=768%2C954&amp;ssl=1 768w\" sizes=\"auto, (max-width: 969px) 100vw, 969px\" data-recalc-dims=\"1\" \/><figcaption class=\"wp-element-caption\">Jacobina repudia ato racista em partida do Baian\u00e3o Sub-17\u00a0<strong>Cr\u00e9dito: Reprodu\u00e7\u00e3o\/Instagram<\/strong><\/figcaption><\/figure>\n<\/div>\n\n\n<p>\u201cO Jacobina reafirma seu compromisso com o respeito, a igualdade e a luta contra qualquer forma de discrimina\u00e7\u00e3o. O racismo n\u00e3o ser\u00e1 tolerado, dentro ou fora de campo\u201d, diz o comunicado divulgado nas redes sociais do clube.<\/p>\n\n\n\n<p>A Federa\u00e7\u00e3o Bahiana de Futebol (FBF) foi procurada pelo CORREIO e disse que aguarda informa\u00e7\u00f5es internas para emitir um posicionamento oficial.<\/p>\n\n\n\n<p><\/p>\n","protected":false},"excerpt":{"rendered":"<p>Clube informou que atleta do time advers\u00e1rio chamou jogador de \u201cmacaco\u201d durante partida. O Jacobina Esporte Clube repudiou publicamente um ato de racismo ocorrido neste s\u00e1bado (25) durante a partida contra o Estrela de Mar\u00e7o, v\u00e1lida pelo Campeonato Baiano Sub-17. Segundo nota divulgada pelo clube, um atleta da equipe advers\u00e1ria teria chamado um jogador do [&hellip;]<\/p>\n","protected":false},"author":2,"featured_media":10084,"comment_status":"open","ping_status":"open","sticky":false,"template":"","format":"standard","meta":{"footnotes":""},"categories":[1],"tags":[],"class_list":["post-10083","post","type-post","status-publish","format-standard","has-post-thumbnail","hentry","category-geral"],"jetpack_sharing_enabled":true,"jetpack_featured_media_url":"https:\/\/i0.wp.com\/radiosisal.com\/br\/wp-content\/uploads\/2025\/10\/auto-upload-2979872.png?fit=800%2C450&ssl=1","_links":{"self":[{"href":"https:\/\/radiosisal.com\/br\/wp-json\/wp\/v2\/posts\/10083","targetHints":{"allow":["GET"]}}],"collection":[{"href":"https:\/\/radiosisal.com\/br\/wp-json\/wp\/v2\/posts"}],"about":[{"href":"https:\/\/radiosisal.com\/br\/wp-json\/wp\/v2\/types\/post"}],"author":[{"embeddable":true,"href":"https:\/\/radiosisal.com\/br\/wp-json\/wp\/v2\/users\/2"}],"replies":[{"embeddable":true,"href":"https:\/\/radiosisal.com\/br\/wp-json\/wp\/v2\/comments?post=10083"}],"version-history":[{"count":1,"href":"https:\/\/radiosisal.com\/br\/wp-json\/wp\/v2\/posts\/10083\/revisions"}],"predecessor-version":[{"id":10086,"href":"https:\/\/radiosisal.com\/br\/wp-json\/wp\/v2\/posts\/10083\/revisions\/10086"}],"wp:featuredmedia":[{"embeddable":true,"href":"https:\/\/radiosisal.com\/br\/wp-json\/wp\/v2\/media\/10084"}],"wp:attachment":[{"href":"https:\/\/radiosisal.com\/br\/wp-json\/wp\/v2\/media?parent=10083"}],"wp:term":[{"taxonomy":"category","embeddable":true,"href":"https:\/\/radiosisal.com\/br\/wp-json\/wp\/v2\/categories?post=10083"},{"taxonomy":"post_tag","embeddable":true,"href":"https:\/\/radiosisal.com\/br\/wp-json\/wp\/v2\/tags?post=10083"}],"curies":[{"name":"wp","href":"https:\/\/api.w.org\/{rel}","templated":true}]}}