{"id":10116,"date":"2025-10-29T10:18:48","date_gmt":"2025-10-29T10:18:48","guid":{"rendered":"https:\/\/radiosisal.com\/br\/?p=10116"},"modified":"2025-10-29T10:24:54","modified_gmt":"2025-10-29T10:24:54","slug":"bahia-tera-mais-de-800-vagas-em-concursos-publicos-para-orgaos-estaduais-confira","status":"publish","type":"post","link":"https:\/\/radiosisal.com\/br\/2025\/10\/29\/bahia-tera-mais-de-800-vagas-em-concursos-publicos-para-orgaos-estaduais-confira\/","title":{"rendered":"BAHIA TER\u00c1 MAIS DE 800\u00a0VAGAS EM CONCURSOS P\u00daBLICOS PARA \u00d3RG\u00c3OS ESTADUAIS; CONFIRA"},"content":{"rendered":"\n<p><\/p>\n\n\n\n<p>A expectativa \u00e9 que os primeiros contratados sejam chamados para assumir os cargos em janeiro de 2027.<\/p>\n\n\n\n<p>A Bahia vai abrir mais de 800 vagas em concursos p\u00fablicos voltados a diversos \u00f3rg\u00e3os da administra\u00e7\u00e3o estadual. A autoriza\u00e7\u00e3o para que a Secretaria de Administra\u00e7\u00e3o da Bahia (Saeb) d\u00ea in\u00edcio aos novos concursos estaduais foi assinada nesta ter\u00e7a-feira (28). Inicialmente, ser\u00e3o contempladas oito \u00e1reas, inclusive algumas em que n\u00e3o eram anunciados concursos h\u00e1 16 anos.<\/p>\n\n\n\n<p>about:blankabout:blankabout:blankabout:blankabout:blankabout:blank<\/p>\n\n\n\n<p id=\"paragrafo-2w99me763p\">A expectativa \u00e9 que os primeiros contratados sejam chamados para assumir os cargos em janeiro de 2027.<\/p>\n\n\n\n<p id=\"paragrafo-ewr646tt7n\">Na pr\u00e1tica, com a autoriza\u00e7\u00e3o, a Saeb pode definir quais bancas ser\u00e3o contratadas para os certames. Por isso, ainda n\u00e3o h\u00e1 detalhes sobre os prazos. O que se sabe, por enquanto, \u00e9 o n\u00famero de vagas por segmento.<\/p>\n\n\n\n<p id=\"paragrafo-xoa9t74hyy\">A Secretaria de Administra\u00e7\u00e3o Penitenci\u00e1ria (Seap) tamb\u00e9m deve convocar 153 agentes penitenci\u00e1rios aprovados em cadastro reserva. O governador Jer\u00f4nimo Rodrigues (PT) informou que outros concursos, da \u00e1rea de Seguran\u00e7a P\u00fablica, ser\u00e3o anunciados em breve.&nbsp;<\/p>\n\n\n\n<p id=\"paragrafo-mv7q8ikdwx\">A medida ir\u00e1 possibilitar a renova\u00e7\u00e3o de quadros efetivos do funcionamento da m\u00e1quina p\u00fablica em \u00e1reas do&nbsp;<a href=\"https:\/\/lax1-ib.adnxs.com\/click2?e=wqT_3QKiAfChogAAAAMAxBkFAQjH0YfIBhCagbLdzeythksYp86cj83xh409IJydgg4oSjD8ZzgCQJfw6cQCSKa6igFQAFoDVVNEYgNVU0RoAXABePCSogGAAbmCBogBAZABApgBBaABAqkBbVbCzd_k5D-xAbiZXYF_mOI_uQEAAACAPQrvP8EBmtvOCID74z_JATKP_MHAc-Y_2AHxBOABAPABgPQC-AEA\/s=ba793a48f009ebd55d8d13bc870067ddfd6fb0d8\/bcr=AAAAAAAA8D8=\/pp=0.581115\/cnd=%21MBgmJwjGzKAfEJfw6cQCGKa6igEgACgAMQAAAAAAAAAAOglMQVgxOjYzMTdAx0pJio7k8h9yFUBRAAAAAAAAAABZAAAAAAAAAABhuB6F61G4nj9pAAAAAAAAAABxAAAAAAAAAAB4AIkBAAAAAAAA8D8.\/cca=MTMzMDgjTEFYMTo2MzE3\/bn=98617\/clickenc=https%3A%2F%2Fg1.globo.com%2Fespecial-publicitario%2Fsamarco%2Fnoticia%2F2025%2F10%2F23%2Fsamarco-avanca-na-reparacao-dos-danos-em-mg-e-es-apos-novo-acordo-do-rio-doce.ghtml\" target=\"_blank\" rel=\"noreferrer noopener\">Meio Ambiente<\/a>&nbsp;e Recursos H\u00eddricos, Obras P\u00fablicas, Fisco, Regula\u00e7\u00e3o, Pol\u00edticas P\u00fablicas e Gest\u00e3o Governamental, Procuradoria e Produ\u00e7\u00e3o de Informa\u00e7\u00f5es Econ\u00f4micas, Sociais e Geoambientais.<\/p>\n\n\n\n<p id=\"paragrafo-m9mxv0cwku\">Os novos concursos visam, principalmente, a recomposi\u00e7\u00e3o de carreiras t\u00edpicas do Estado, como Auditor Fiscal e Procurador, cujas atribui\u00e7\u00f5es n\u00e3o podem ser exercidas por trabalhadores terceirizados ou servidores contratados via Regime Especial de Direito Administrativo (Reda).<\/p>\n\n\n\n<p id=\"paragrafo-9m17ksuwyo\">Al\u00e9m disso, a iniciativa atende a demandas espec\u00edficas de \u00f3rg\u00e3os que n\u00e3o passaram por renova\u00e7\u00e3o em seus quadros de efetivos ao longo dos \u00faltimos anos.<\/p>\n\n\n\n<h2 class=\"wp-block-heading\" id=\"intertitulo-od0qjkjs8x\">Veja os \u00f3rg\u00e3os e o n\u00famero de vagas<\/h2>\n\n\n\n<p id=\"paragrafo-tv31a39i11\">Secretarias de Infraestrutura (SEINFRA), Desenvolvimento Urbano (SEDUR) e Administra\u00e7\u00e3o (SAEB), com 120 vagas para Especialista e T\u00e9cnico em Obras P\u00fablicas;<\/p>\n\n\n\n<p id=\"paragrafo-0dkff5xhs3\">Secretarias de Meio Ambiente (SEMA) e do Instituto do Meio Ambiente e Recursos H\u00eddricos (INEMA), com 110 vagas para Especialista e T\u00e9cnico Ambiental;<\/p>\n\n\n\n<p id=\"paragrafo-vxqgnzxrmn\">Secretaria da Fazenda (SEFAZ), com 200 vagas para Auditor e Agente de Tributos;<\/p>\n\n\n\n<p id=\"paragrafo-zvm0ss2ik9\">Ag\u00eancia de Regula\u00e7\u00e3o dos&nbsp;<a href=\"https:\/\/lax1-ib.adnxs.com\/click2?e=wqT_3QKhAfCgoQAAAAMAxBkFAQjG0YfIBhD92dLaxtTMchinzpyPzfGHjT0gnJ2CDihKMPxnOAJA8-erxAJIprqKAVAAWgNVU0RiA1VTRGgBcAF48JKiAYABwoEGiAEBkAECmAEFoAECqQH8lp0AJAnsP7EBxyzeuKfz6D-5AQAAAIA9Cu8_wQFBleTK6ufuP8kBW18ktOVc8T_YAfEE4AEA8AGA9AL4AQA.\/s=acb2e8a5d4d6f0169f2e5e6233d3b838f40421d6\/bcr=AAAAAAAA8D8=\/pp=0.779743\/cnd=%21pRgqWAj2_J4fEPPnq8QCGKa6igEgACgAMQAAAAAAAAAAOglMQVgxOjYzNTVAx0pJio7k8h9yFUBRAAAAAAAAAABZAAAAAAAAAABhuB6F61G4nj9pAAAAAAAAAABxAAAAAAAAAAB4AIkBAAAAAAAA8D8.\/cca=MTMzMDgjTEFYMTo2MzU1\/bn=98498\/clickenc=https%3A%2F%2Fg1.globo.com%2Fespecial-publicitario%2F99-food%2Fnoticia%2F2025%2F10%2F22%2Fvai-pedir-delivery-descubra-qual-estilo-mais-combina-com-voce-no-quiz.ghtml\" target=\"_blank\" rel=\"noreferrer noopener\">Servi\u00e7os P\u00fablicos<\/a>&nbsp;de Energia, Transporte e Comunica\u00e7\u00f5es da Bahia (AGERSA), com 40 vagas;<\/p>\n\n\n\n<p id=\"paragrafo-xybh36vpgy\">Procuradoria-Geral do Estado (PGE), com 135 vagas para Procurador, Analista e Assistente;<\/p>\n\n\n\n<p id=\"paragrafo-5x15icd4bn\">Secretarias da Administra\u00e7\u00e3o (SAEB) e do Planejamento (SEPLAN), com 20 vagas para Especialista em Pol\u00edticas P\u00fablicas e Gest\u00e3o Governamental (EPPGG);<\/p>\n\n\n\n<p id=\"paragrafo-lqlo64mwsa\">Superintend\u00eancia de Estudos Econ\u00f4micos e Sociais da Bahia (SEI), vinculada \u00e0 SEPLAN, com 35 vagas para Especialista em Produ\u00e7\u00e3o de Informa\u00e7\u00f5es.<\/p>\n\n\n\n<p><\/p>\n\n\n\n<p class=\"bs-intro\">FONTE: correio24horas<\/p>\n\n\n\n<ul class=\"wp-block-social-links has-icon-color is-style-logos-only is-vertical is-layout-flex wp-container-core-social-links-is-layout-8cf370e7 wp-block-social-links-is-layout-flex\"><li style=\"color:#0693e3;\" class=\"wp-social-link wp-social-link-whatsapp has-vivid-cyan-blue-color wp-block-social-link\"><a href=\"https:\/\/wa.me\/\/75991238048\" class=\"wp-block-social-link-anchor\"><svg width=\"24\" height=\"24\" viewBox=\"0 0 24 24\" version=\"1.1\" xmlns=\"http:\/\/www.w3.org\/2000\/svg\" aria-hidden=\"true\" focusable=\"false\"><path d=\"M 12.011719 2 C 6.5057187 2 2.0234844 6.478375 2.0214844 11.984375 C 2.0204844 13.744375 2.4814687 15.462563 3.3554688 16.976562 L 2 22 L 7.2324219 20.763672 C 8.6914219 21.559672 10.333859 21.977516 12.005859 21.978516 L 12.009766 21.978516 C 17.514766 21.978516 21.995047 17.499141 21.998047 11.994141 C 22.000047 9.3251406 20.962172 6.8157344 19.076172 4.9277344 C 17.190172 3.0407344 14.683719 2.001 12.011719 2 z M 12.009766 4 C 14.145766 4.001 16.153109 4.8337969 17.662109 6.3417969 C 19.171109 7.8517969 20.000047 9.8581875 19.998047 11.992188 C 19.996047 16.396187 16.413812 19.978516 12.007812 19.978516 C 10.674812 19.977516 9.3544062 19.642812 8.1914062 19.007812 L 7.5175781 18.640625 L 6.7734375 18.816406 L 4.8046875 19.28125 L 5.2851562 17.496094 L 5.5019531 16.695312 L 5.0878906 15.976562 C 4.3898906 14.768562 4.0204844 13.387375 4.0214844 11.984375 C 4.0234844 7.582375 7.6067656 4 12.009766 4 z M 8.4765625 7.375 C 8.3095625 7.375 8.0395469 7.4375 7.8105469 7.6875 C 7.5815469 7.9365 6.9355469 8.5395781 6.9355469 9.7675781 C 6.9355469 10.995578 7.8300781 12.182609 7.9550781 12.349609 C 8.0790781 12.515609 9.68175 15.115234 12.21875 16.115234 C 14.32675 16.946234 14.754891 16.782234 15.212891 16.740234 C 15.670891 16.699234 16.690438 16.137687 16.898438 15.554688 C 17.106437 14.971687 17.106922 14.470187 17.044922 14.367188 C 16.982922 14.263188 16.816406 14.201172 16.566406 14.076172 C 16.317406 13.951172 15.090328 13.348625 14.861328 13.265625 C 14.632328 13.182625 14.464828 13.140625 14.298828 13.390625 C 14.132828 13.640625 13.655766 14.201187 13.509766 14.367188 C 13.363766 14.534188 13.21875 14.556641 12.96875 14.431641 C 12.71875 14.305641 11.914938 14.041406 10.960938 13.191406 C 10.218937 12.530406 9.7182656 11.714844 9.5722656 11.464844 C 9.4272656 11.215844 9.5585938 11.079078 9.6835938 10.955078 C 9.7955938 10.843078 9.9316406 10.663578 10.056641 10.517578 C 10.180641 10.371578 10.223641 10.267562 10.306641 10.101562 C 10.389641 9.9355625 10.347156 9.7890625 10.285156 9.6640625 C 10.223156 9.5390625 9.737625 8.3065 9.515625 7.8125 C 9.328625 7.3975 9.131125 7.3878594 8.953125 7.3808594 C 8.808125 7.3748594 8.6425625 7.375 8.4765625 7.375 z\"><\/path><\/svg><span class=\"wp-block-social-link-label screen-reader-text\">WhatsApp<\/span><\/a><\/li>\n\n<li style=\"color:#0693e3;\" class=\"wp-social-link wp-social-link-instagram has-vivid-cyan-blue-color wp-block-social-link\"><a href=\"https:\/\/www.instagram.com\/radiosisal97.3\/profilecard\/?igsh=MWo1azd5aXNvN2hmcQ==\" class=\"wp-block-social-link-anchor\"><svg width=\"24\" height=\"24\" viewBox=\"0 0 24 24\" version=\"1.1\" xmlns=\"http:\/\/www.w3.org\/2000\/svg\" aria-hidden=\"true\" focusable=\"false\"><path d=\"M12,4.622c2.403,0,2.688,0.009,3.637,0.052c0.877,0.04,1.354,0.187,1.671,0.31c0.42,0.163,0.72,0.358,1.035,0.673 c0.315,0.315,0.51,0.615,0.673,1.035c0.123,0.317,0.27,0.794,0.31,1.671c0.043,0.949,0.052,1.234,0.052,3.637 s-0.009,2.688-0.052,3.637c-0.04,0.877-0.187,1.354-0.31,1.671c-0.163,0.42-0.358,0.72-0.673,1.035 c-0.315,0.315-0.615,0.51-1.035,0.673c-0.317,0.123-0.794,0.27-1.671,0.31c-0.949,0.043-1.233,0.052-3.637,0.052 s-2.688-0.009-3.637-0.052c-0.877-0.04-1.354-0.187-1.671-0.31c-0.42-0.163-0.72-0.358-1.035-0.673 c-0.315-0.315-0.51-0.615-0.673-1.035c-0.123-0.317-0.27-0.794-0.31-1.671C4.631,14.688,4.622,14.403,4.622,12 s0.009-2.688,0.052-3.637c0.04-0.877,0.187-1.354,0.31-1.671c0.163-0.42,0.358-0.72,0.673-1.035 c0.315-0.315,0.615-0.51,1.035-0.673c0.317-0.123,0.794-0.27,1.671-0.31C9.312,4.631,9.597,4.622,12,4.622 M12,3 C9.556,3,9.249,3.01,8.289,3.054C7.331,3.098,6.677,3.25,6.105,3.472C5.513,3.702,5.011,4.01,4.511,4.511 c-0.5,0.5-0.808,1.002-1.038,1.594C3.25,6.677,3.098,7.331,3.054,8.289C3.01,9.249,3,9.556,3,12c0,2.444,0.01,2.751,0.054,3.711 c0.044,0.958,0.196,1.612,0.418,2.185c0.23,0.592,0.538,1.094,1.038,1.594c0.5,0.5,1.002,0.808,1.594,1.038 c0.572,0.222,1.227,0.375,2.185,0.418C9.249,20.99,9.556,21,12,21s2.751-0.01,3.711-0.054c0.958-0.044,1.612-0.196,2.185-0.418 c0.592-0.23,1.094-0.538,1.594-1.038c0.5-0.5,0.808-1.002,1.038-1.594c0.222-0.572,0.375-1.227,0.418-2.185 C20.99,14.751,21,14.444,21,12s-0.01-2.751-0.054-3.711c-0.044-0.958-0.196-1.612-0.418-2.185c-0.23-0.592-0.538-1.094-1.038-1.594 c-0.5-0.5-1.002-0.808-1.594-1.038c-0.572-0.222-1.227-0.375-2.185-0.418C14.751,3.01,14.444,3,12,3L12,3z M12,7.378 c-2.552,0-4.622,2.069-4.622,4.622S9.448,16.622,12,16.622s4.622-2.069,4.622-4.622S14.552,7.378,12,7.378z M12,15 c-1.657,0-3-1.343-3-3s1.343-3,3-3s3,1.343,3,3S13.657,15,12,15z M16.804,6.116c-0.596,0-1.08,0.484-1.08,1.08 s0.484,1.08,1.08,1.08c0.596,0,1.08-0.484,1.08-1.08S17.401,6.116,16.804,6.116z\"><\/path><\/svg><span class=\"wp-block-social-link-label screen-reader-text\">Instagram<\/span><\/a><\/li>\n\n<li style=\"color:#0693e3;\" class=\"wp-social-link wp-social-link-facebook has-vivid-cyan-blue-color wp-block-social-link\"><a href=\"https:\/\/www.facebook.com\/share\/1A7WveK9ft\/?mibextid=wwXIfr\" class=\"wp-block-social-link-anchor\"><svg width=\"24\" height=\"24\" viewBox=\"0 0 24 24\" version=\"1.1\" xmlns=\"http:\/\/www.w3.org\/2000\/svg\" aria-hidden=\"true\" focusable=\"false\"><path d=\"M12 2C6.5 2 2 6.5 2 12c0 5 3.7 9.1 8.4 9.9v-7H7.9V12h2.5V9.8c0-2.5 1.5-3.9 3.8-3.9 1.1 0 2.2.2 2.2.2v2.5h-1.3c-1.2 0-1.6.8-1.6 1.6V12h2.8l-.4 2.9h-2.3v7C18.3 21.1 22 17 22 12c0-5.5-4.5-10-10-10z\"><\/path><\/svg><span class=\"wp-block-social-link-label screen-reader-text\">Facebook<\/span><\/a><\/li><\/ul>\n","protected":false},"excerpt":{"rendered":"<p>A expectativa \u00e9 que os primeiros contratados sejam chamados para assumir os cargos em janeiro de 2027. A Bahia vai abrir mais de 800 vagas em concursos p\u00fablicos voltados a diversos \u00f3rg\u00e3os da administra\u00e7\u00e3o estadual. A autoriza\u00e7\u00e3o para que a Secretaria de Administra\u00e7\u00e3o da Bahia (Saeb) d\u00ea in\u00edcio aos novos concursos estaduais foi assinada nesta [&hellip;]<\/p>\n","protected":false},"author":2,"featured_media":10117,"comment_status":"open","ping_status":"open","sticky":false,"template":"","format":"standard","meta":{"footnotes":""},"categories":[1],"tags":[],"class_list":["post-10116","post","type-post","status-publish","format-standard","has-post-thumbnail","hentry","category-geral"],"jetpack_sharing_enabled":true,"jetpack_featured_media_url":"https:\/\/i0.wp.com\/radiosisal.com\/br\/wp-content\/uploads\/2025\/10\/concurso-publico-2937260-article.webp?fit=1200%2C800&ssl=1","_links":{"self":[{"href":"https:\/\/radiosisal.com\/br\/wp-json\/wp\/v2\/posts\/10116","targetHints":{"allow":["GET"]}}],"collection":[{"href":"https:\/\/radiosisal.com\/br\/wp-json\/wp\/v2\/posts"}],"about":[{"href":"https:\/\/radiosisal.com\/br\/wp-json\/wp\/v2\/types\/post"}],"author":[{"embeddable":true,"href":"https:\/\/radiosisal.com\/br\/wp-json\/wp\/v2\/users\/2"}],"replies":[{"embeddable":true,"href":"https:\/\/radiosisal.com\/br\/wp-json\/wp\/v2\/comments?post=10116"}],"version-history":[{"count":1,"href":"https:\/\/radiosisal.com\/br\/wp-json\/wp\/v2\/posts\/10116\/revisions"}],"predecessor-version":[{"id":10118,"href":"https:\/\/radiosisal.com\/br\/wp-json\/wp\/v2\/posts\/10116\/revisions\/10118"}],"wp:featuredmedia":[{"embeddable":true,"href":"https:\/\/radiosisal.com\/br\/wp-json\/wp\/v2\/media\/10117"}],"wp:attachment":[{"href":"https:\/\/radiosisal.com\/br\/wp-json\/wp\/v2\/media?parent=10116"}],"wp:term":[{"taxonomy":"category","embeddable":true,"href":"https:\/\/radiosisal.com\/br\/wp-json\/wp\/v2\/categories?post=10116"},{"taxonomy":"post_tag","embeddable":true,"href":"https:\/\/radiosisal.com\/br\/wp-json\/wp\/v2\/tags?post=10116"}],"curies":[{"name":"wp","href":"https:\/\/api.w.org\/{rel}","templated":true}]}}