{"id":10124,"date":"2025-10-29T13:51:09","date_gmt":"2025-10-29T13:51:09","guid":{"rendered":"https:\/\/radiosisal.com\/br\/?p=10124"},"modified":"2025-10-29T13:51:11","modified_gmt":"2025-10-29T13:51:11","slug":"ler-ensina-empatia-a-criancas-diz-presidente-da-biblioteca-nacional","status":"publish","type":"post","link":"https:\/\/radiosisal.com\/br\/2025\/10\/29\/ler-ensina-empatia-a-criancas-diz-presidente-da-biblioteca-nacional\/","title":{"rendered":"LER ENSINA EMPATIA A CRIAN\u00c7AS, DIZ PRESIDENTE DA BIBLIOTECA NACIONAL"},"content":{"rendered":"\n<p><\/p>\n\n\n\n<p>Dia Nacional do Livro \u00e9 comemorado nesta quarta (29<\/p>\n\n\n\n<p>O Dia Nacional do Livro, comemorado no Brasil na pr\u00f3xima quarta-feira (29), pode ser uma oportunidade para&nbsp;estimular&nbsp;a leitura j\u00e1 a partir da inf\u00e2ncia, contribuindo para o desenvolvimento da pessoa. \u00c9 o que afirma o presidente da Biblioteca Nacional (BN), Marco Lucchesi.<img decoding=\"async\" src=\"https:\/\/i0.wp.com\/agenciabrasil.ebc.com.br\/ebc.png?w=1170&#038;ssl=1\" data-recalc-dims=\"1\"><img decoding=\"async\" src=\"https:\/\/i0.wp.com\/agenciabrasil.ebc.com.br\/ebc.gif?w=1170&#038;ssl=1\" data-recalc-dims=\"1\"><\/p>\n\n\n\n<p>\u201cSem d\u00favida alguma, a inf\u00e2ncia que come\u00e7a com esse impacto de leitura acaba lendo o mundo dos livros e l\u00ea o livro do mundo. S\u00e3o duas descobertas que se complementam mutuamente. A crian\u00e7a vai criando dentro dela viagens para outros mundos, possibilidades de exerc\u00edcio de liberdade, de imagina\u00e7\u00e3o, de criatividade, e, particularmente tamb\u00e9m, de empatia&#8221;.<\/p>\n\n\n\n<blockquote class=\"wp-block-quote is-layout-flow wp-block-quote-is-layout-flow\">\n<p>&#8220;A crian\u00e7a come\u00e7a a compreender que existem outras formas de vida, outras organiza\u00e7\u00f5es de mundo, outras formas de afeto distintas ou que recuperam como espelho o que aquela crian\u00e7a vive em sua casa. Mas, sobretudo, ela d\u00e1 essa empatia\u201d.<\/p>\n<\/blockquote>\n\n\n\n<p>Em entrevista \u00e0&nbsp;<strong>Ag\u00eancia Brasil<\/strong>, Lucchesi lembra que o&nbsp;Dia do Livro no Brasil \u00e9 comemorado&nbsp;em 29 de outubro por ser o&nbsp;anivers\u00e1rio de funda\u00e7\u00e3o da&nbsp;Biblioteca Nacional.<\/p>\n\n\n\n<p>&#8220;S\u00e3o 215 anos de grandes aventuras, de grandes resultados para o pa\u00eds, de uma pol\u00edtica da mem\u00f3ria que atravessa in\u00fameras gera\u00e7\u00f5es. E cada uma imprime uma dire\u00e7\u00e3o nessa mesma pol\u00edtica\u201d, afirma. &#8220;O livro significa um grau de expans\u00e3o da sensibilidade da crian\u00e7a, da imagina\u00e7\u00e3o, do intelecto e do esp\u00edrito. \u00c9 para um adulto melhor que a leitura orienta, para um adulto mais generoso, mais fraterno que a leitura abre portas e janelas com muita beleza\u201d.<br><br><a href=\"https:\/\/www.whatsapp.com\/channel\/0029VaoRTgrInlqYLSk59B2M\" target=\"_blank\" rel=\"noreferrer noopener\">&gt;&gt; Siga o canal da&nbsp;<strong>Ag\u00eancia Brasil&nbsp;<\/strong>no WhatsApp<\/a><\/p>\n\n\n\n<h2 class=\"wp-block-heading\">Incentivo \u00e0 leitura<\/h2>\n\n\n\n<p>Com esse objetivo, a Funda\u00e7\u00e3o Biblioteca Nacional refor\u00e7a a atua\u00e7\u00e3o da Casa da Leitura, aberta em 1993, que visa \u00e0&nbsp;forma\u00e7\u00e3o de leitores e a garantir acesso democr\u00e1tico \u00e0 literatura, destinada em especial ao p\u00fablico infantil e juvenil. A unidade funciona na Rua Pereira da Silva, 86, em Laranjeiras, zona sul do Rio de Janeiro. O funcionamento \u00e9 de segunda a sexta-feira, das 10h \u00e0s 17h.<\/p>\n\n\n\n<p>\u201cA Casa da Leitura tem um papel fundamental diante dos desafios de criar novas vozes, ampliando o lugar dessas crian\u00e7as e adolescentes\u201d, indicou Marco Lucchesi.<\/p>\n\n\n\n<p>Esse olhar estrat\u00e9gico da BN foi ampliado na semana passada com a inaugura\u00e7\u00e3o de uma biblioteca em \u00e2mbito hospitalar, sob a coordena\u00e7\u00e3o da institui\u00e7\u00e3o. O pioneiro foi o Hospital Universit\u00e1rio Antonio Pedro (HUAP), da Universidade Federal Fluminense (UFF). Segundo Lucchesi, a ideia \u00e9 instaurar a biblioterapia, ou seja, trabalhar o livro como grande terapia, n\u00e3o s\u00f3 para as crian\u00e7as neurodiversas, mas tamb\u00e9m para os acompanhantes e equipes m\u00e9dicas.<\/p>\n\n\n\n<p>\u201cN\u00f3s vamos continuar trabalhando com essa meta de hospitais, porque queremos abrandar a espera para todo mundo. A gente quer humanizar esses espa\u00e7os com o projeto dessas bibliotecas, sempre com a curadoria da BN\u201d.<\/p>\n\n\n\n<p>Outra a\u00e7\u00e3o na \u00e1rea socioeducativa dever\u00e1 ser lan\u00e7ada pela Biblioteca Nacional em fevereiro do pr\u00f3ximo ano, com objetivo de levar livros a adolescentes privados de liberdade. Lucchesi destacou que as crian\u00e7as est\u00e3o em toda parte e o exerc\u00edcio da leitura n\u00e3o \u00e9 s\u00f3 levar a leitura \u00e0s pessoas, mas aprender com as pessoas como elas podem ler.<\/p>\n\n\n<div class=\"wp-block-image\">\n<figure class=\"aligncenter size-full is-resized\"><img loading=\"lazy\" decoding=\"async\" width=\"754\" height=\"503\" src=\"https:\/\/i0.wp.com\/radiosisal.com\/br\/wp-content\/uploads\/2025\/10\/image-9.png?resize=754%2C503&#038;ssl=1\" alt=\"\" class=\"wp-image-10126\" style=\"width:548px;height:auto\" srcset=\"https:\/\/i0.wp.com\/radiosisal.com\/br\/wp-content\/uploads\/2025\/10\/image-9.png?w=754&amp;ssl=1 754w, https:\/\/i0.wp.com\/radiosisal.com\/br\/wp-content\/uploads\/2025\/10\/image-9.png?resize=300%2C200&amp;ssl=1 300w\" sizes=\"auto, (max-width: 754px) 100vw, 754px\" data-recalc-dims=\"1\" \/><figcaption class=\"wp-element-caption\"><em>O projeto L\u00ea Pra Mim, de incentivo \u00e0 leitura de livros infantis brasileiros, em Bras\u00edlia.\u00a0<\/em><strong>Foto:<\/strong><em>\u00a0<\/em><strong>Fabio Rodrigues-Pozzebom\/ Ag\u00eancia Brasil<\/strong><\/figcaption><\/figure>\n<\/div>\n\n\n<h2 class=\"wp-block-heading\">Potencializa\u00e7\u00e3o<\/h2>\n\n\n\n<p>Para o professor Godofredo de Oliveira Neto, imortal da Academia Brasileira de Letras (ABL), o livro potencializa a cogni\u00e7\u00e3o da crian\u00e7a e a conduz para um mundo mais humanista. Da\u00ed, a import\u00e2ncia dessa data para sublinhar a import\u00e2ncia do livro para a crian\u00e7a para, mais tarde, ter uma vis\u00e3o mais cr\u00edtica e competente das coisas, inclusive da pol\u00edtica e da ci\u00eancia.<\/p>\n\n\n\n<p>\u201cS\u00f3 pelo fato de o livro servir como material did\u00e1tico e paradid\u00e1tico nas escolas do Brasil inteiro, isso j\u00e1 mostra a import\u00e2ncia do livro. N\u00e3o \u00e9 um capricho,&nbsp;\u00e9 algo fundamental\u201d, diz o imortal, que&nbsp;lembrou&nbsp;tamb\u00e9m&nbsp;que o livro em papel n\u00e3o morreu. \u201cAo contr\u00e1rio, ele consegue sobreviver ao lado do&nbsp;<em>e-book<\/em>, do livro digital\u201d.<\/p>\n\n\n\n<p>Oliveira Neto cita&nbsp;a experi\u00eancia da Su\u00e9cia, que tinha abolido o livro impresso e voltou atr\u00e1s em sua decis\u00e3o. &#8220;Ent\u00e3o, os livros de conhecimento geral, de hist\u00f3ria, geografia, matem\u00e1tica, portugu\u00eas, ci\u00eancias humanas e sociais s\u00e3o fundamentais para a sustenta\u00e7\u00e3o da crian\u00e7a no mundo&#8221;, defendeu.&nbsp;<\/p>\n\n\n\n<p>Sobre a literatura de fic\u00e7\u00e3o, o&nbsp;professor acrescenta que&nbsp;\u00e9 positiva a experi\u00eancia,&nbsp;em sala de aula, de ler com as crian\u00e7as e constatar que a cria\u00e7\u00e3o de outro mundo pelo autor ou autora coincide com hist\u00f3rias criadas pelas pr\u00f3prias crian\u00e7as.<\/p>\n\n\n\n<p>\u201c\u00c9 algo fascinante. Assim, elas mergulham no mundo liter\u00e1rio e passam a gostar de ler. De novo, n\u00e3o \u00e9 apenas um capricho, mas \u00e9 algo fundamental para sua constitui\u00e7\u00e3o no mundo. Acho fundamental essa data e a valoriza\u00e7\u00e3o do livro\u201d, concluiu Oliveira Neto.<\/p>\n\n\n\n<p>O presidente da ABL,&nbsp;Merval Pereira, acrescentou que o Dia Nacional do Livro \u201c\u00e9 um dia para celebrar o poder transformador da leitura em nossas vidas, uma oportunidade de incentivo do amor pelos livros e da valoriza\u00e7\u00e3o da literatura.<\/p>\n\n\n\n<p>&#8220;Com o livro, as crian\u00e7as exploram imagina\u00e7\u00e3o e habilidades. Ao ler, aprendem a reconhecer a import\u00e2ncia do di\u00e1logo e da inclus\u00e3o, valores cruciais para a vida moderna. Como formadores de opini\u00e3o, devemos promover e facilitar o acesso aos livros a todos, desde os primeiros anos de vida. E encoraj\u00e1-los a encontrar os v\u00e1rios mundos que existem dentro dos livros\u201d.<\/p>\n\n\n<div class=\"wp-block-image\">\n<figure class=\"aligncenter is-resized\"><img loading=\"lazy\" decoding=\"async\" width=\"754\" height=\"502\" src=\"https:\/\/i0.wp.com\/radiosisal.com\/br\/wp-content\/uploads\/2025\/10\/dsc9413_1.jpg?resize=754%2C502&#038;ssl=1\" alt=\"Rio de Janeiro (RJ), 05\/09\/2023 \u2013 P\u00fablico lota a 20\u00aa Bienal do Livro do Rio de Janeiro, no Riocentro, na Barra da Tijuca, zona oeste da capital fluminense. Foto: Tomaz Silva\/Ag\u00eancia Brasil\" class=\"wp-image-10128\" style=\"width:496px;height:auto\" title=\"Tomaz Silva\/Ag\u00eancia Brasil\" srcset=\"https:\/\/i0.wp.com\/radiosisal.com\/br\/wp-content\/uploads\/2025\/10\/dsc9413_1.jpg?w=754&amp;ssl=1 754w, https:\/\/i0.wp.com\/radiosisal.com\/br\/wp-content\/uploads\/2025\/10\/dsc9413_1.jpg?resize=300%2C200&amp;ssl=1 300w\" sizes=\"auto, (max-width: 754px) 100vw, 754px\" data-recalc-dims=\"1\" \/><\/figure>\n<\/div>\n\n\n<h6 class=\"wp-block-heading\">P\u00fablico lota a 20\u00aa Bienal do Livro do Rio de Janeiro, no Riocentro, na Barra da Tijuca, zona oeste da capital fluminense, em 2023.&nbsp;<strong>Foto:<\/strong>&nbsp;<strong>Tomaz Silva\/Ag\u00eancia Brasil<\/strong><\/h6>\n\n\n\n<h2 class=\"wp-block-heading\">Sabor especial<\/h2>\n\n\n\n<p>Na avalia\u00e7\u00e3o do professor Hubert Alqueres, vice-presidente da Associa\u00e7\u00e3o Brasileira de Livros e Conte\u00fados Educacionais (Abrelivros) e vice-presidente de Opera\u00e7\u00f5es da C\u00e2mara Brasileira de Livros (CBL), o dia 29 de outubro \u00e9 uma data muito importante para os brasileiros celebrarem a leitura, os autores, as editoras, os livreiros, professores e, acima de tudo, os leitores.<\/p>\n\n\n\n<p>Este ano, a data tem um sabor ainda mais especial, porque o Rio de Janeiro foi escolhido pela Organiza\u00e7\u00e3o das Na\u00e7\u00f5es Unidas para a Educa\u00e7\u00e3o, a Ci\u00eancia e a Cultura (Unesco) Capital Mundial do Livro. \u201c\u00c9 a primeira cidade de l\u00edngua portuguesa a receber essa distin\u00e7\u00e3o\u201d, destacou.<\/p>\n\n\n\n<blockquote class=\"wp-block-quote is-layout-flow wp-block-quote-is-layout-flow\">\n<p>\u201cPara as crian\u00e7as, a leitura&nbsp;ajuda a formar o vocabul\u00e1rio, o racioc\u00ednio, a sensibilidade, a criatividade. Acho que, para os jovens, ela amplia mundos, d\u00e1 refer\u00eancias culturais, desenvolve o senso cr\u00edtico. E, para quem est\u00e1 mais velho ou atravessando momentos dif\u00edceis de sa\u00fade, o livro \u00e9, muitas vezes, uma grande companhia\u201d.<\/p>\n<\/blockquote>\n\n\n\n<p>Tamb\u00e9m curador do Pr\u00eamio Jabuti, Alqueres comentou que \u00e9 muito importante, no Dia Nacional do Livro, que se discuta&nbsp;essas&nbsp;pol\u00edticas p\u00fablicas cada vez melhores e mais efetivas&nbsp;para conquistar os leitores, englobando crian\u00e7as, jovens e&nbsp;adultos, do ponto de vista da educa\u00e7\u00e3o e da cultura.<\/p>\n\n\n\n<p>Promovido pela CBL, o Pr\u00eamio Jabuti \u00e9 o mais tradicional pr\u00eamio liter\u00e1rio do Brasil. Criado em 1959 pelo ent\u00e3o presidente da CBL, Edgard Cavalheiro, o pr\u00eamio foi idealizado para premiar autores, editores, ilustradores, gr\u00e1ficos e livreiros de maior destaque a cada ano.&nbsp;<\/p>\n\n\n\n<p class=\"bs-intro\">FONTE: Ag\u00eancia Brasil<\/p>\n\n\n\n<ul class=\"wp-block-social-links has-icon-color is-style-logos-only is-vertical is-layout-flex wp-container-core-social-links-is-layout-8cf370e7 wp-block-social-links-is-layout-flex\"><li style=\"color:#0693e3;\" class=\"wp-social-link wp-social-link-instagram has-vivid-cyan-blue-color wp-block-social-link\"><a href=\"https:\/\/www.instagram.com\/radiosisal97.3\/profilecard\/?igsh=MWo1azd5aXNvN2hmcQ==\" class=\"wp-block-social-link-anchor\"><svg width=\"24\" height=\"24\" viewBox=\"0 0 24 24\" version=\"1.1\" xmlns=\"http:\/\/www.w3.org\/2000\/svg\" aria-hidden=\"true\" focusable=\"false\"><path d=\"M12,4.622c2.403,0,2.688,0.009,3.637,0.052c0.877,0.04,1.354,0.187,1.671,0.31c0.42,0.163,0.72,0.358,1.035,0.673 c0.315,0.315,0.51,0.615,0.673,1.035c0.123,0.317,0.27,0.794,0.31,1.671c0.043,0.949,0.052,1.234,0.052,3.637 s-0.009,2.688-0.052,3.637c-0.04,0.877-0.187,1.354-0.31,1.671c-0.163,0.42-0.358,0.72-0.673,1.035 c-0.315,0.315-0.615,0.51-1.035,0.673c-0.317,0.123-0.794,0.27-1.671,0.31c-0.949,0.043-1.233,0.052-3.637,0.052 s-2.688-0.009-3.637-0.052c-0.877-0.04-1.354-0.187-1.671-0.31c-0.42-0.163-0.72-0.358-1.035-0.673 c-0.315-0.315-0.51-0.615-0.673-1.035c-0.123-0.317-0.27-0.794-0.31-1.671C4.631,14.688,4.622,14.403,4.622,12 s0.009-2.688,0.052-3.637c0.04-0.877,0.187-1.354,0.31-1.671c0.163-0.42,0.358-0.72,0.673-1.035 c0.315-0.315,0.615-0.51,1.035-0.673c0.317-0.123,0.794-0.27,1.671-0.31C9.312,4.631,9.597,4.622,12,4.622 M12,3 C9.556,3,9.249,3.01,8.289,3.054C7.331,3.098,6.677,3.25,6.105,3.472C5.513,3.702,5.011,4.01,4.511,4.511 c-0.5,0.5-0.808,1.002-1.038,1.594C3.25,6.677,3.098,7.331,3.054,8.289C3.01,9.249,3,9.556,3,12c0,2.444,0.01,2.751,0.054,3.711 c0.044,0.958,0.196,1.612,0.418,2.185c0.23,0.592,0.538,1.094,1.038,1.594c0.5,0.5,1.002,0.808,1.594,1.038 c0.572,0.222,1.227,0.375,2.185,0.418C9.249,20.99,9.556,21,12,21s2.751-0.01,3.711-0.054c0.958-0.044,1.612-0.196,2.185-0.418 c0.592-0.23,1.094-0.538,1.594-1.038c0.5-0.5,0.808-1.002,1.038-1.594c0.222-0.572,0.375-1.227,0.418-2.185 C20.99,14.751,21,14.444,21,12s-0.01-2.751-0.054-3.711c-0.044-0.958-0.196-1.612-0.418-2.185c-0.23-0.592-0.538-1.094-1.038-1.594 c-0.5-0.5-1.002-0.808-1.594-1.038c-0.572-0.222-1.227-0.375-2.185-0.418C14.751,3.01,14.444,3,12,3L12,3z M12,7.378 c-2.552,0-4.622,2.069-4.622,4.622S9.448,16.622,12,16.622s4.622-2.069,4.622-4.622S14.552,7.378,12,7.378z M12,15 c-1.657,0-3-1.343-3-3s1.343-3,3-3s3,1.343,3,3S13.657,15,12,15z M16.804,6.116c-0.596,0-1.08,0.484-1.08,1.08 s0.484,1.08,1.08,1.08c0.596,0,1.08-0.484,1.08-1.08S17.401,6.116,16.804,6.116z\"><\/path><\/svg><span class=\"wp-block-social-link-label screen-reader-text\">Instagram<\/span><\/a><\/li>\n\n<li style=\"color:#0693e3;\" class=\"wp-social-link wp-social-link-whatsapp has-vivid-cyan-blue-color wp-block-social-link\"><a href=\"https:\/\/wa.me\/\/75991238048\" class=\"wp-block-social-link-anchor\"><svg width=\"24\" height=\"24\" viewBox=\"0 0 24 24\" version=\"1.1\" xmlns=\"http:\/\/www.w3.org\/2000\/svg\" aria-hidden=\"true\" focusable=\"false\"><path d=\"M 12.011719 2 C 6.5057187 2 2.0234844 6.478375 2.0214844 11.984375 C 2.0204844 13.744375 2.4814687 15.462563 3.3554688 16.976562 L 2 22 L 7.2324219 20.763672 C 8.6914219 21.559672 10.333859 21.977516 12.005859 21.978516 L 12.009766 21.978516 C 17.514766 21.978516 21.995047 17.499141 21.998047 11.994141 C 22.000047 9.3251406 20.962172 6.8157344 19.076172 4.9277344 C 17.190172 3.0407344 14.683719 2.001 12.011719 2 z M 12.009766 4 C 14.145766 4.001 16.153109 4.8337969 17.662109 6.3417969 C 19.171109 7.8517969 20.000047 9.8581875 19.998047 11.992188 C 19.996047 16.396187 16.413812 19.978516 12.007812 19.978516 C 10.674812 19.977516 9.3544062 19.642812 8.1914062 19.007812 L 7.5175781 18.640625 L 6.7734375 18.816406 L 4.8046875 19.28125 L 5.2851562 17.496094 L 5.5019531 16.695312 L 5.0878906 15.976562 C 4.3898906 14.768562 4.0204844 13.387375 4.0214844 11.984375 C 4.0234844 7.582375 7.6067656 4 12.009766 4 z M 8.4765625 7.375 C 8.3095625 7.375 8.0395469 7.4375 7.8105469 7.6875 C 7.5815469 7.9365 6.9355469 8.5395781 6.9355469 9.7675781 C 6.9355469 10.995578 7.8300781 12.182609 7.9550781 12.349609 C 8.0790781 12.515609 9.68175 15.115234 12.21875 16.115234 C 14.32675 16.946234 14.754891 16.782234 15.212891 16.740234 C 15.670891 16.699234 16.690438 16.137687 16.898438 15.554688 C 17.106437 14.971687 17.106922 14.470187 17.044922 14.367188 C 16.982922 14.263188 16.816406 14.201172 16.566406 14.076172 C 16.317406 13.951172 15.090328 13.348625 14.861328 13.265625 C 14.632328 13.182625 14.464828 13.140625 14.298828 13.390625 C 14.132828 13.640625 13.655766 14.201187 13.509766 14.367188 C 13.363766 14.534188 13.21875 14.556641 12.96875 14.431641 C 12.71875 14.305641 11.914938 14.041406 10.960938 13.191406 C 10.218937 12.530406 9.7182656 11.714844 9.5722656 11.464844 C 9.4272656 11.215844 9.5585938 11.079078 9.6835938 10.955078 C 9.7955938 10.843078 9.9316406 10.663578 10.056641 10.517578 C 10.180641 10.371578 10.223641 10.267562 10.306641 10.101562 C 10.389641 9.9355625 10.347156 9.7890625 10.285156 9.6640625 C 10.223156 9.5390625 9.737625 8.3065 9.515625 7.8125 C 9.328625 7.3975 9.131125 7.3878594 8.953125 7.3808594 C 8.808125 7.3748594 8.6425625 7.375 8.4765625 7.375 z\"><\/path><\/svg><span class=\"wp-block-social-link-label screen-reader-text\">WhatsApp<\/span><\/a><\/li>\n\n<li style=\"color:#0693e3;\" class=\"wp-social-link wp-social-link-facebook has-vivid-cyan-blue-color wp-block-social-link\"><a href=\"https:\/\/www.facebook.com\/share\/1A7WveK9ft\/?mibextid=wwXIfr\" class=\"wp-block-social-link-anchor\"><svg width=\"24\" height=\"24\" viewBox=\"0 0 24 24\" version=\"1.1\" xmlns=\"http:\/\/www.w3.org\/2000\/svg\" aria-hidden=\"true\" focusable=\"false\"><path d=\"M12 2C6.5 2 2 6.5 2 12c0 5 3.7 9.1 8.4 9.9v-7H7.9V12h2.5V9.8c0-2.5 1.5-3.9 3.8-3.9 1.1 0 2.2.2 2.2.2v2.5h-1.3c-1.2 0-1.6.8-1.6 1.6V12h2.8l-.4 2.9h-2.3v7C18.3 21.1 22 17 22 12c0-5.5-4.5-10-10-10z\"><\/path><\/svg><span class=\"wp-block-social-link-label screen-reader-text\">Facebook<\/span><\/a><\/li><\/ul>\n","protected":false},"excerpt":{"rendered":"<p>Dia Nacional do Livro \u00e9 comemorado nesta quarta (29 O Dia Nacional do Livro, comemorado no Brasil na pr\u00f3xima quarta-feira (29), pode ser uma oportunidade para&nbsp;estimular&nbsp;a leitura j\u00e1 a partir da inf\u00e2ncia, contribuindo para o desenvolvimento da pessoa. \u00c9 o que afirma o presidente da Biblioteca Nacional (BN), Marco Lucchesi. \u201cSem d\u00favida alguma, a inf\u00e2ncia [&hellip;]<\/p>\n","protected":false},"author":2,"featured_media":10127,"comment_status":"open","ping_status":"open","sticky":false,"template":"","format":"standard","meta":{"footnotes":""},"categories":[1],"tags":[],"class_list":["post-10124","post","type-post","status-publish","format-standard","has-post-thumbnail","hentry","category-geral"],"jetpack_sharing_enabled":true,"jetpack_featured_media_url":"https:\/\/i0.wp.com\/radiosisal.com\/br\/wp-content\/uploads\/2025\/10\/rbr6158.webp?fit=1170%2C700&ssl=1","_links":{"self":[{"href":"https:\/\/radiosisal.com\/br\/wp-json\/wp\/v2\/posts\/10124","targetHints":{"allow":["GET"]}}],"collection":[{"href":"https:\/\/radiosisal.com\/br\/wp-json\/wp\/v2\/posts"}],"about":[{"href":"https:\/\/radiosisal.com\/br\/wp-json\/wp\/v2\/types\/post"}],"author":[{"embeddable":true,"href":"https:\/\/radiosisal.com\/br\/wp-json\/wp\/v2\/users\/2"}],"replies":[{"embeddable":true,"href":"https:\/\/radiosisal.com\/br\/wp-json\/wp\/v2\/comments?post=10124"}],"version-history":[{"count":1,"href":"https:\/\/radiosisal.com\/br\/wp-json\/wp\/v2\/posts\/10124\/revisions"}],"predecessor-version":[{"id":10129,"href":"https:\/\/radiosisal.com\/br\/wp-json\/wp\/v2\/posts\/10124\/revisions\/10129"}],"wp:featuredmedia":[{"embeddable":true,"href":"https:\/\/radiosisal.com\/br\/wp-json\/wp\/v2\/media\/10127"}],"wp:attachment":[{"href":"https:\/\/radiosisal.com\/br\/wp-json\/wp\/v2\/media?parent=10124"}],"wp:term":[{"taxonomy":"category","embeddable":true,"href":"https:\/\/radiosisal.com\/br\/wp-json\/wp\/v2\/categories?post=10124"},{"taxonomy":"post_tag","embeddable":true,"href":"https:\/\/radiosisal.com\/br\/wp-json\/wp\/v2\/tags?post=10124"}],"curies":[{"name":"wp","href":"https:\/\/api.w.org\/{rel}","templated":true}]}}