{"id":10146,"date":"2025-10-30T13:43:20","date_gmt":"2025-10-30T13:43:20","guid":{"rendered":"https:\/\/radiosisal.com\/br\/?p=10146"},"modified":"2025-10-30T13:43:22","modified_gmt":"2025-10-30T13:43:22","slug":"empregadores-tem-ate-sexta-para-regularizar-fgts-de-trabalhadores-domesticos-veja-como-fazer","status":"publish","type":"post","link":"https:\/\/radiosisal.com\/br\/2025\/10\/30\/empregadores-tem-ate-sexta-para-regularizar-fgts-de-trabalhadores-domesticos-veja-como-fazer\/","title":{"rendered":"EMPREGADORES T\u00caM AT\u00c9 SEXTA PARA REGULARIZAR FGTS DE TRABALHADORES DOM\u00c9STICOS; VEJA COMO FAZER"},"content":{"rendered":"\n<p><\/p>\n\n\n\n<p>FGTS atrasado atinge mais de 154 mil trabalhadores e soma R$ 375 milh\u00f5es. Empregadores que n\u00e3o regularizarem o d\u00e9bito podem ser multados.<\/p>\n\n\n\n<p>O prazo para&nbsp;<a class=\"\" href=\"https:\/\/g1.globo.com\/empreendedorismo\/guia-do-empreendedor\/noticia\/2025\/09\/15\/det-mais-de-80-mil-empregadores-serao-notificados-para-regular-o-fgts-de-trabalhadores-domesticos.ghtml\"><strong>mais de 80 mil empregadores regularizarem<\/strong><\/a>&nbsp;o recolhimento do Fundo de Garantia do Tempo de Servi\u00e7o (<a class=\"\" href=\"https:\/\/g1.globo.com\/tudo-sobre\/fgts\/\">FGTS<\/a>) dos trabalhadores dom\u00e9sticos termina na sexta-feira (31).<\/p>\n\n\n\n<p>O&nbsp;<a class=\"\" href=\"https:\/\/g1.globo.com\/tudo-sobre\/ministerio-do-trabalho\/\">Minist\u00e9rio do Trabalho<\/a>&nbsp;e Emprego (MTE) come\u00e7ou a enviar notifica\u00e7\u00f5es em 17 de setembro, por meio do&nbsp;<a class=\"\" href=\"https:\/\/g1.globo.com\/empreendedorismo\/noticia\/2024\/06\/28\/domicilio-eletronico-trabalhista-det-saiba-o-que-e-e-quem-precisa-atualizar-o-cadastro.ghtml\">Domic\u00edlio Eletr\u00f4nico Trabalhista (DET)<\/a>&nbsp;\u2014 plataforma oficial de comunica\u00e7\u00e3o do \u00f3rg\u00e3o com empregadores de todo o pa\u00eds, voltada para facilitar o cumprimento de obriga\u00e7\u00f5es trabalhistas.&nbsp;<a class=\"\" href=\"https:\/\/g1.globo.com\/empreendedorismo\/noticia\/2024\/08\/01\/det-conheca-o-novo-sistema-obrigatorio-para-meis-e-empregadores-domesticos.ghtml\"><strong>Veja como funciona<\/strong><\/a>.<\/p>\n\n\n\n<p>De acordo com relat\u00f3rio&nbsp;<a class=\"\" href=\"https:\/\/g1.globo.com\/empreendedorismo\/guia-do-empreendedor\/noticia\/2025\/09\/15\/det-mais-de-80-mil-empregadores-serao-notificados-para-regular-o-fgts-de-trabalhadores-domesticos.ghtml\">divulgado em primeira m\u00e3o<\/a>&nbsp;pelo&nbsp;<a class=\"\" href=\"https:\/\/g1.globo.com\/\"><strong>g1<\/strong><\/a>, cerca de&nbsp;80,5 mil empregadores&nbsp;n\u00e3o haviam depositado o FGTS at\u00e9 setembro. No total, s\u00e3o mais de&nbsp;154 mil trabalhadores dom\u00e9sticos em todo o pa\u00eds, com d\u00e9bitos que somam mais de&nbsp;<strong>R$ 375,1 milh\u00f5es<\/strong>.<\/p>\n\n\n\n<p>Entre os estados,&nbsp;<strong>S\u00e3o Paulo<\/strong>&nbsp;concentra os maiores n\u00fameros: 26,5 mil empregadores, 53 mil trabalhadores e quase R$ 136 milh\u00f5es em d\u00e9bitos.&nbsp;<strong>Rio de Janeiro<\/strong>,&nbsp;<strong>Minas Gerais&nbsp;<\/strong>e&nbsp;<strong>Bahia&nbsp;<\/strong>tamb\u00e9m registram valores expressivos.<\/p>\n\n\n\n<p>J\u00e1 estados como Roraima, Amap\u00e1 e Acre apresentam os menores volumes, com valores totais devidos inferiores a R$ 1 milh\u00e3o, o que reflete as diferen\u00e7as regionais no mercado de trabalho dom\u00e9stico formalizado.&nbsp;<strong>Veja abaixo:<\/strong><\/p>\n\n\n<div class=\"wp-block-image\">\n<figure class=\"aligncenter is-resized\"><img decoding=\"async\" src=\"https:\/\/i0.wp.com\/s2-g1.glbimg.com\/CMaeQAtXereACKCvm9ZjrexPVS8=\/0x0:1200x3127\/984x0\/smart\/filters:strip_icc()\/i.s3.glbimg.com\/v1\/AUTH_59edd422c0c84a879bd37670ae4f538a\/internal_photos\/bs\/2025\/8\/t\/2l5BoBQ6SpK3EXDrmKBg\/250912-info-grafico-trabalho-domestico.png?w=1170&#038;ssl=1\" alt=\"Fundo de Garantia do Tempo de Servi\u00e7o (FGTS) devido para trabalhadores dom\u00e9sticos por estado \u2014 Foto: Arte\/g1\" style=\"width:518px;height:auto\" data-recalc-dims=\"1\"\/><figcaption class=\"wp-element-caption\">Fundo de Garantia do Tempo de Servi\u00e7o (FGTS) devido para trabalhadores dom\u00e9sticos por estado \u2014 Foto: Arte\/g1<\/figcaption><\/figure>\n<\/div>\n\n\n<h2 class=\"wp-block-heading\"><strong>O que acontece ap\u00f3s o prazo?<\/strong><\/h2>\n\n\n\n<p>A a\u00e7\u00e3o, coordenada pela Coordena\u00e7\u00e3o Nacional de Fiscaliza\u00e7\u00e3o do Trabalho Dom\u00e9stico e de Cuidados (Conadom), ter\u00e1 car\u00e1ter orientativo neste primeiro momento,&nbsp;estimulando a regulariza\u00e7\u00e3o volunt\u00e1ria.<\/p>\n\n\n\n<p>Ap\u00f3s o prazo desta sexta-feira (31), empregadores que n\u00e3o regularizarem a situa\u00e7\u00e3o poder\u00e3o ter seus processos encaminhados para notifica\u00e7\u00e3o formal e levantamento oficial dos d\u00e9bitos, para&nbsp;<strong>cobran\u00e7a&nbsp;<\/strong>e&nbsp;<strong>multa<\/strong>.<\/p>\n\n\n\n<p>A Inspe\u00e7\u00e3o do Trabalho recomenda que empregadores acompanhem regularmente as mensagens no DET, para evitar perda de prazos e poss\u00edveis preju\u00edzos legais.&nbsp;<a class=\"\" href=\"https:\/\/g1.globo.com\/empreendedorismo\/noticia\/2024\/08\/01\/det-conheca-o-novo-sistema-obrigatorio-para-meis-e-empregadores-domesticos.ghtml#2\"><strong><em>(Saiba como atualizar o cadastro no sistema)<\/em><\/strong><\/a><\/p>\n\n\n\n<p>Os empregadores que ainda n\u00e3o regularizaram a situa\u00e7\u00e3o, devem acessar o DET para verificar a exist\u00eancia de mensagens e providenciar o pagamento dos valores devidos ao FGTS.<\/p>\n\n\n\n<p>Para o trabalhador, por sua vez, a orienta\u00e7\u00e3o \u00e9 a de acompanhar regularmente o aplicativo FGTS, da&nbsp;<a class=\"\" href=\"https:\/\/g1.globo.com\/tudo-sobre\/caixa-economica-federal\/\">Caixa Econ\u00f4mica Federal<\/a>, para verificar se os dep\u00f3sitos est\u00e3o sendo feitos corretamente em sua conta vinculada. (<a class=\"\" href=\"https:\/\/g1.globo.com\/empreendedorismo\/guia-do-empreendedor\/noticia\/2025\/09\/18\/como-saber-se-o-fgts-do-empregado-esta-sendo-pago-veja-passo-a-passo.ghtml\"><strong><em>Veja passo a passo como fazer a consulta<\/em><\/strong><\/a>)<\/p>\n\n\n\n<p>Se perceber falta de recolhimento ou valores diferentes do esperado, \u00e9 importante conversar com o empregador e&nbsp;<strong>solicitar a regulariza\u00e7\u00e3o<\/strong>. Esse monitoramento frequente \u00e9 essencial para garantir que o direito ao FGTS seja cumprido corretamente.<\/p>\n\n\n\n<p>As notifica\u00e7\u00f5es enviadas em setembro foram elaborados a partir do cruzamento de informa\u00e7\u00f5es do eSocial com as guias registradas e pagas \u00e0 Caixa Econ\u00f4mica Federal, que indicam poss\u00edveis d\u00e9bitos no recolhimento do FGTS.<\/p>\n\n\n\n<p>Al\u00e9m de incentivar a regulariza\u00e7\u00e3o, a a\u00e7\u00e3o busca refor\u00e7ar a import\u00e2ncia do cumprimento das obriga\u00e7\u00f5es trabalhistas no setor dom\u00e9stico, envolvendo empregadores, entidades sindicais e trabalhadores.<\/p>\n\n\n\n<h2 class=\"wp-block-heading\"><strong>Como verificar os d\u00e9bitos<\/strong><\/h2>\n\n\n\n<p>Para verificar se h\u00e1 pend\u00eancias no recolhimento do FGTS, o empregador deve acessar o&nbsp;<a class=\"\" href=\"https:\/\/www.gov.br\/esocial\/pt-br\" target=\"_blank\" rel=\"noreferrer noopener\"><strong>eSocial&nbsp;<\/strong><\/a>e identificar as guias mensais que n\u00e3o foram pagas.<\/p>\n\n\n\n<p>Todos os encargos trabalhistas \u2013 como as contribui\u00e7\u00f5es ao INSS, o Imposto de Renda (quando devido), os 8% de FGTS e a parte destinada \u00e0 multa rescis\u00f3ria \u2013&nbsp;s\u00e3o reunidos em uma \u00fanica guia mensal.<\/p>\n\n\n\n<p>A consulta das pend\u00eancias pode ser feita&nbsp;<strong>na aba \u201cFolha de pagamento \u2013 Consultar Guias Pagas\u201d<\/strong>&nbsp;do portal eSocial. Caso necess\u00e1rio, o passo a passo detalhado para essa verifica\u00e7\u00e3o est\u00e1 dispon\u00edvel no Manual Pessoa F\u00edsica \u2013 Empregador Dom\u00e9stico,&nbsp;<a class=\"\" href=\"https:\/\/www.gov.br\/esocial\/pt-br\/empregador-domestico\/manual-do-empregador-domestico\" target=\"_blank\" rel=\"noreferrer noopener\"><strong>no site oficial do governo federal<\/strong><\/a>.<\/p>\n\n\n\n<h2 class=\"wp-block-heading\"><strong>DET \u00e9 obrigat\u00f3rio para MEIs e empregadores dom\u00e9sticos<\/strong><\/h2>\n\n\n\n<p>Desde agosto de 2024, o Domic\u00edlio Eletr\u00f4nico Trabalhista (DET)&nbsp;<a class=\"\" href=\"https:\/\/g1.globo.com\/empreendedorismo\/noticia\/2024\/07\/25\/det-sera-obrigatorio-para-meis-e-empregadores-domesticos-a-partir-de-agosto-entenda-o-que-e.ghtml\">passou a ser obrigat\u00f3rio para Microempreendedores Individuais (MEIs) e para empregadores de trabalhadores dom\u00e9sticos.<\/a><\/p>\n\n\n\n<p>A plataforma, administrada pela Secretaria de Inspe\u00e7\u00e3o do Trabalho, funciona como um canal oficial de comunica\u00e7\u00e3o do \u00f3rg\u00e3o com os empregadores. Sua finalidade \u00e9 simplificar o cumprimento das obriga\u00e7\u00f5es trabalhistas.<\/p>\n\n\n\n<p>De acordo com o governo, todos os CPFs e CNPJs j\u00e1 t\u00eam cadastro autom\u00e1tico no DET. No entanto, desde agosto do ano passado, os usu\u00e1rios devem acessar a plataforma para atualizar seus dados de contato. Esse procedimento \u00e9 gratuito.&nbsp;<\/p>\n\n\n\n<p>As informa\u00e7\u00f5es fornecidas pelo empregador servem para o envio de comunicados da Inspe\u00e7\u00e3o do Trabalho, como&nbsp;<strong>atos administrativos, fiscaliza\u00e7\u00f5es, intima\u00e7\u00f5es, notifica\u00e7\u00f5es, decis\u00f5es administrativas e avisos em geral.<\/strong><\/p>\n\n\n\n<ul class=\"wp-block-list\">\n<li><strong><em>\u274c N\u00e3o h\u00e1 multa pela n\u00e3o atualiza\u00e7\u00e3o do cadastro, de acordo com o minist\u00e9rio.<\/em><\/strong><em>\u00a0&#8220;Acontece que, caso o empregador receba uma notifica\u00e7\u00e3o pelo DET e seus dados de contato n\u00e3o estejam atualizados, ele n\u00e3o receber\u00e1 o alerta da mensagem recebida&#8221;, explica o \u00f3rg\u00e3o.<\/em><\/li>\n<\/ul>\n\n\n\n<blockquote class=\"wp-block-quote is-layout-flow wp-block-quote-is-layout-flow\">\n<p><em>Nesses casos, se o empregador n\u00e3o acessar o DET e n\u00e3o atender \u00e0 notifica\u00e7\u00e3o do auditor, ele poder\u00e1 ser autuado por n\u00e3o apresentar os documentos exigidos, por perder os prazos de defesa, entre outros motivos.<\/em><\/p>\n<\/blockquote>\n\n\n\n<p>As mensagens recebidas na caixa postal do DET t\u00eam validade legal, e o governo considera que o usu\u00e1rio toma ci\u00eancia delas automaticamente ap\u00f3s 15 dias. Essas notifica\u00e7\u00f5es n\u00e3o precisam ser publicadas no&nbsp;<a class=\"\" href=\"https:\/\/g1.globo.com\/tudo-sobre\/diario-oficial-da-uniao\/\">Di\u00e1rio Oficial da Uni\u00e3o<\/a>&nbsp;nem enviadas por correio.<\/p>\n\n\n\n<p>Para MEIs e empregadores com trabalhador dom\u00e9stico registrado,&nbsp;<a class=\"\" href=\"https:\/\/g1.globo.com\/empreendedorismo\/noticia\/2024\/07\/25\/det-sera-obrigatorio-para-meis-e-empregadores-domesticos-a-partir-de-agosto-entenda-o-que-e.ghtml\">todas essas regras entraram em vigor no ano passado.<\/a>&nbsp;Independentemente do prazo, a atualiza\u00e7\u00e3o do cadastro pode ser feita a qualquer momento, informa o Minist\u00e9rio do Trabalho e Emprego.<\/p>\n\n\n\n<p>Para os demais empregadores, a obrigatoriedade do DET j\u00e1 estava em vigor h\u00e1 mais tempo.<\/p>\n\n\n\n<p class=\"bs-intro\">FONTE: G1<\/p>\n\n\n\n<ul class=\"wp-block-social-links has-icon-color is-style-logos-only is-vertical is-layout-flex wp-container-core-social-links-is-layout-8cf370e7 wp-block-social-links-is-layout-flex\"><li style=\"color:#0693e3;\" class=\"wp-social-link wp-social-link-whatsapp has-vivid-cyan-blue-color wp-block-social-link\"><a href=\"https:\/\/wa.me\/\/75991238048\" class=\"wp-block-social-link-anchor\"><svg width=\"24\" height=\"24\" viewBox=\"0 0 24 24\" version=\"1.1\" xmlns=\"http:\/\/www.w3.org\/2000\/svg\" aria-hidden=\"true\" focusable=\"false\"><path d=\"M 12.011719 2 C 6.5057187 2 2.0234844 6.478375 2.0214844 11.984375 C 2.0204844 13.744375 2.4814687 15.462563 3.3554688 16.976562 L 2 22 L 7.2324219 20.763672 C 8.6914219 21.559672 10.333859 21.977516 12.005859 21.978516 L 12.009766 21.978516 C 17.514766 21.978516 21.995047 17.499141 21.998047 11.994141 C 22.000047 9.3251406 20.962172 6.8157344 19.076172 4.9277344 C 17.190172 3.0407344 14.683719 2.001 12.011719 2 z M 12.009766 4 C 14.145766 4.001 16.153109 4.8337969 17.662109 6.3417969 C 19.171109 7.8517969 20.000047 9.8581875 19.998047 11.992188 C 19.996047 16.396187 16.413812 19.978516 12.007812 19.978516 C 10.674812 19.977516 9.3544062 19.642812 8.1914062 19.007812 L 7.5175781 18.640625 L 6.7734375 18.816406 L 4.8046875 19.28125 L 5.2851562 17.496094 L 5.5019531 16.695312 L 5.0878906 15.976562 C 4.3898906 14.768562 4.0204844 13.387375 4.0214844 11.984375 C 4.0234844 7.582375 7.6067656 4 12.009766 4 z M 8.4765625 7.375 C 8.3095625 7.375 8.0395469 7.4375 7.8105469 7.6875 C 7.5815469 7.9365 6.9355469 8.5395781 6.9355469 9.7675781 C 6.9355469 10.995578 7.8300781 12.182609 7.9550781 12.349609 C 8.0790781 12.515609 9.68175 15.115234 12.21875 16.115234 C 14.32675 16.946234 14.754891 16.782234 15.212891 16.740234 C 15.670891 16.699234 16.690438 16.137687 16.898438 15.554688 C 17.106437 14.971687 17.106922 14.470187 17.044922 14.367188 C 16.982922 14.263188 16.816406 14.201172 16.566406 14.076172 C 16.317406 13.951172 15.090328 13.348625 14.861328 13.265625 C 14.632328 13.182625 14.464828 13.140625 14.298828 13.390625 C 14.132828 13.640625 13.655766 14.201187 13.509766 14.367188 C 13.363766 14.534188 13.21875 14.556641 12.96875 14.431641 C 12.71875 14.305641 11.914938 14.041406 10.960938 13.191406 C 10.218937 12.530406 9.7182656 11.714844 9.5722656 11.464844 C 9.4272656 11.215844 9.5585938 11.079078 9.6835938 10.955078 C 9.7955938 10.843078 9.9316406 10.663578 10.056641 10.517578 C 10.180641 10.371578 10.223641 10.267562 10.306641 10.101562 C 10.389641 9.9355625 10.347156 9.7890625 10.285156 9.6640625 C 10.223156 9.5390625 9.737625 8.3065 9.515625 7.8125 C 9.328625 7.3975 9.131125 7.3878594 8.953125 7.3808594 C 8.808125 7.3748594 8.6425625 7.375 8.4765625 7.375 z\"><\/path><\/svg><span class=\"wp-block-social-link-label screen-reader-text\">WhatsApp<\/span><\/a><\/li>\n\n<li style=\"color:#0693e3;\" class=\"wp-social-link wp-social-link-instagram has-vivid-cyan-blue-color wp-block-social-link\"><a href=\"https:\/\/www.instagram.com\/radiosisal97.3\/profilecard\/?igsh=MWo1azd5aXNvN2hmcQ==\" class=\"wp-block-social-link-anchor\"><svg width=\"24\" height=\"24\" viewBox=\"0 0 24 24\" version=\"1.1\" xmlns=\"http:\/\/www.w3.org\/2000\/svg\" aria-hidden=\"true\" focusable=\"false\"><path d=\"M12,4.622c2.403,0,2.688,0.009,3.637,0.052c0.877,0.04,1.354,0.187,1.671,0.31c0.42,0.163,0.72,0.358,1.035,0.673 c0.315,0.315,0.51,0.615,0.673,1.035c0.123,0.317,0.27,0.794,0.31,1.671c0.043,0.949,0.052,1.234,0.052,3.637 s-0.009,2.688-0.052,3.637c-0.04,0.877-0.187,1.354-0.31,1.671c-0.163,0.42-0.358,0.72-0.673,1.035 c-0.315,0.315-0.615,0.51-1.035,0.673c-0.317,0.123-0.794,0.27-1.671,0.31c-0.949,0.043-1.233,0.052-3.637,0.052 s-2.688-0.009-3.637-0.052c-0.877-0.04-1.354-0.187-1.671-0.31c-0.42-0.163-0.72-0.358-1.035-0.673 c-0.315-0.315-0.51-0.615-0.673-1.035c-0.123-0.317-0.27-0.794-0.31-1.671C4.631,14.688,4.622,14.403,4.622,12 s0.009-2.688,0.052-3.637c0.04-0.877,0.187-1.354,0.31-1.671c0.163-0.42,0.358-0.72,0.673-1.035 c0.315-0.315,0.615-0.51,1.035-0.673c0.317-0.123,0.794-0.27,1.671-0.31C9.312,4.631,9.597,4.622,12,4.622 M12,3 C9.556,3,9.249,3.01,8.289,3.054C7.331,3.098,6.677,3.25,6.105,3.472C5.513,3.702,5.011,4.01,4.511,4.511 c-0.5,0.5-0.808,1.002-1.038,1.594C3.25,6.677,3.098,7.331,3.054,8.289C3.01,9.249,3,9.556,3,12c0,2.444,0.01,2.751,0.054,3.711 c0.044,0.958,0.196,1.612,0.418,2.185c0.23,0.592,0.538,1.094,1.038,1.594c0.5,0.5,1.002,0.808,1.594,1.038 c0.572,0.222,1.227,0.375,2.185,0.418C9.249,20.99,9.556,21,12,21s2.751-0.01,3.711-0.054c0.958-0.044,1.612-0.196,2.185-0.418 c0.592-0.23,1.094-0.538,1.594-1.038c0.5-0.5,0.808-1.002,1.038-1.594c0.222-0.572,0.375-1.227,0.418-2.185 C20.99,14.751,21,14.444,21,12s-0.01-2.751-0.054-3.711c-0.044-0.958-0.196-1.612-0.418-2.185c-0.23-0.592-0.538-1.094-1.038-1.594 c-0.5-0.5-1.002-0.808-1.594-1.038c-0.572-0.222-1.227-0.375-2.185-0.418C14.751,3.01,14.444,3,12,3L12,3z M12,7.378 c-2.552,0-4.622,2.069-4.622,4.622S9.448,16.622,12,16.622s4.622-2.069,4.622-4.622S14.552,7.378,12,7.378z M12,15 c-1.657,0-3-1.343-3-3s1.343-3,3-3s3,1.343,3,3S13.657,15,12,15z M16.804,6.116c-0.596,0-1.08,0.484-1.08,1.08 s0.484,1.08,1.08,1.08c0.596,0,1.08-0.484,1.08-1.08S17.401,6.116,16.804,6.116z\"><\/path><\/svg><span class=\"wp-block-social-link-label screen-reader-text\">Instagram<\/span><\/a><\/li>\n\n<li style=\"color:#0693e3;\" class=\"wp-social-link wp-social-link-facebook has-vivid-cyan-blue-color wp-block-social-link\"><a href=\"https:\/\/www.facebook.com\/share\/1A7WveK9ft\/?mibextid=wwXIfr\" class=\"wp-block-social-link-anchor\"><svg width=\"24\" height=\"24\" viewBox=\"0 0 24 24\" version=\"1.1\" xmlns=\"http:\/\/www.w3.org\/2000\/svg\" aria-hidden=\"true\" focusable=\"false\"><path d=\"M12 2C6.5 2 2 6.5 2 12c0 5 3.7 9.1 8.4 9.9v-7H7.9V12h2.5V9.8c0-2.5 1.5-3.9 3.8-3.9 1.1 0 2.2.2 2.2.2v2.5h-1.3c-1.2 0-1.6.8-1.6 1.6V12h2.8l-.4 2.9h-2.3v7C18.3 21.1 22 17 22 12c0-5.5-4.5-10-10-10z\"><\/path><\/svg><span class=\"wp-block-social-link-label screen-reader-text\">Facebook<\/span><\/a><\/li><\/ul>\n","protected":false},"excerpt":{"rendered":"<p>FGTS atrasado atinge mais de 154 mil trabalhadores e soma R$ 375 milh\u00f5es. Empregadores que n\u00e3o regularizarem o d\u00e9bito podem ser multados. O prazo para&nbsp;mais de 80 mil empregadores regularizarem&nbsp;o recolhimento do Fundo de Garantia do Tempo de Servi\u00e7o (FGTS) dos trabalhadores dom\u00e9sticos termina na sexta-feira (31). O&nbsp;Minist\u00e9rio do Trabalho&nbsp;e Emprego (MTE) come\u00e7ou a enviar [&hellip;]<\/p>\n","protected":false},"author":2,"featured_media":10147,"comment_status":"open","ping_status":"open","sticky":false,"template":"","format":"standard","meta":{"footnotes":""},"categories":[1],"tags":[],"class_list":["post-10146","post","type-post","status-publish","format-standard","has-post-thumbnail","hentry","category-geral"],"jetpack_sharing_enabled":true,"jetpack_featured_media_url":"https:\/\/i0.wp.com\/radiosisal.com\/br\/wp-content\/uploads\/2025\/10\/Imagem-do-WhatsApp-de-2025-10-30-as-10.40.24_201b5f3c.jpg?fit=984%2C656&ssl=1","_links":{"self":[{"href":"https:\/\/radiosisal.com\/br\/wp-json\/wp\/v2\/posts\/10146","targetHints":{"allow":["GET"]}}],"collection":[{"href":"https:\/\/radiosisal.com\/br\/wp-json\/wp\/v2\/posts"}],"about":[{"href":"https:\/\/radiosisal.com\/br\/wp-json\/wp\/v2\/types\/post"}],"author":[{"embeddable":true,"href":"https:\/\/radiosisal.com\/br\/wp-json\/wp\/v2\/users\/2"}],"replies":[{"embeddable":true,"href":"https:\/\/radiosisal.com\/br\/wp-json\/wp\/v2\/comments?post=10146"}],"version-history":[{"count":1,"href":"https:\/\/radiosisal.com\/br\/wp-json\/wp\/v2\/posts\/10146\/revisions"}],"predecessor-version":[{"id":10148,"href":"https:\/\/radiosisal.com\/br\/wp-json\/wp\/v2\/posts\/10146\/revisions\/10148"}],"wp:featuredmedia":[{"embeddable":true,"href":"https:\/\/radiosisal.com\/br\/wp-json\/wp\/v2\/media\/10147"}],"wp:attachment":[{"href":"https:\/\/radiosisal.com\/br\/wp-json\/wp\/v2\/media?parent=10146"}],"wp:term":[{"taxonomy":"category","embeddable":true,"href":"https:\/\/radiosisal.com\/br\/wp-json\/wp\/v2\/categories?post=10146"},{"taxonomy":"post_tag","embeddable":true,"href":"https:\/\/radiosisal.com\/br\/wp-json\/wp\/v2\/tags?post=10146"}],"curies":[{"name":"wp","href":"https:\/\/api.w.org\/{rel}","templated":true}]}}