{"id":10220,"date":"2025-11-06T10:14:34","date_gmt":"2025-11-06T10:14:34","guid":{"rendered":"https:\/\/radiosisal.com\/br\/?p=10220"},"modified":"2025-11-06T10:14:38","modified_gmt":"2025-11-06T10:14:38","slug":"por-unanimidade-senado-aprova-isentar-ir-para-quem-ganha-ate-rs-5-mil","status":"publish","type":"post","link":"https:\/\/radiosisal.com\/br\/2025\/11\/06\/por-unanimidade-senado-aprova-isentar-ir-para-quem-ganha-ate-rs-5-mil\/","title":{"rendered":"POR UNANIMIDADE, SENADO APROVA ISENTAR IR PARA QUEM GANHA AT\u00c9 RS 5 MIL"},"content":{"rendered":"\n<p><\/p>\n\n\n\n<p>Cerca de 25 milh\u00f5es de brasileiros v\u00e3o pagar menos imposto.<\/p>\n\n\n\n<p>O plen\u00e1rio do Senado aprovou, por unanimidade, nesta quarta (5), o&nbsp;<a href=\"https:\/\/www25.senado.leg.br\/web\/atividade\/materias\/-\/materia\/170775\" target=\"_blank\" rel=\"noreferrer noopener\">projeto de lei&nbsp;1087\/2025<\/a>&nbsp;que isenta do Imposto de Renda (IR) quem ganha at\u00e9 R$ 5 mil mensais e aumenta a taxa\u00e7\u00e3o de altas rendas. Se o&nbsp;<strong>texto for sancionado at\u00e9 o final do ano pelo presidente Luiz In\u00e1cio Lula da Silva, a redu\u00e7\u00e3o do IR passa a valer a partir de janeiro de 2026.&nbsp;<\/strong><img decoding=\"async\" src=\"https:\/\/i0.wp.com\/agenciabrasil.ebc.com.br\/ebc.png?w=1170&#038;ssl=1\" data-recalc-dims=\"1\"><img decoding=\"async\" src=\"https:\/\/i0.wp.com\/agenciabrasil.ebc.com.br\/ebc.gif?w=1170&#038;ssl=1\" data-recalc-dims=\"1\"><\/p>\n\n\n\n<p>O governo calcula que cerca de&nbsp;<strong>25 milh\u00f5es de brasileiros v\u00e3o pagar menos impostos<\/strong>, enquanto outros 200 mil contribuintes ter\u00e3o algum aumento na tributa\u00e7\u00e3o. &#8220;\u00c9 uma medida que dialoga com a vida real das pessoas&#8221;, disse o presidente do Senado, Davi Alcolumbre.&nbsp;<\/p>\n\n\n\n<p>Para compensar a perda de arrecada\u00e7\u00e3o, o projeto prev\u00ea uma al\u00edquota extra progressiva de at\u00e9 10% para aqueles que recebem mais de R$ 600 mil por ano (R$ 50 mil por m\u00eas).&nbsp;O texto tamb\u00e9m estabelece a tributa\u00e7\u00e3o para lucros e dividendos remetidos para o exterior com al\u00edquota de 10%.&nbsp;<\/p>\n\n\n\n<p>O projeto foi encaminhado pelo governo em mar\u00e7o ao Congresso e foi aprovado em outubro pela C\u00e2mara. O relator da proposta foi o senador Renan Calheiros (MDB-AL), que acatou apenas emendas dos senadores Eduardo Gomes (PL-TO) e Rog\u00e9rio Carvalho (PT-SE).<\/p>\n\n\n\n<h2 class=\"wp-block-heading\">Hist\u00f3rico<\/h2>\n\n\n<div class=\"wp-block-image\">\n<figure class=\"aligncenter is-resized\"><img loading=\"lazy\" decoding=\"async\" width=\"754\" height=\"502\" src=\"https:\/\/i0.wp.com\/radiosisal.com\/br\/wp-content\/uploads\/2025\/11\/0d9a8256.webp?resize=754%2C502&#038;ssl=1\" alt=\"Bras\u00edlia -DF 05\/11\/2025 - Reuni\u00e3o da Comiss\u00e3o de Assuntos Econ\u00f4micos (CAE) do Senado que votou o projeto de lei (PL 1.087\/2025) que isenta do Imposto de Renda (IR) quem ganha at\u00e9 R$ 5 mil mensais. Foto: Lula Marques\/ Ag\u00eancia Brasil.\" class=\"wp-image-10222\" style=\"width:521px;height:auto\" title=\"Foto: Lula Marques\/ Ag\u00eancia Brasil.\" srcset=\"https:\/\/i0.wp.com\/radiosisal.com\/br\/wp-content\/uploads\/2025\/11\/0d9a8256.webp?w=754&amp;ssl=1 754w, https:\/\/i0.wp.com\/radiosisal.com\/br\/wp-content\/uploads\/2025\/11\/0d9a8256.webp?resize=300%2C200&amp;ssl=1 300w\" sizes=\"auto, (max-width: 754px) 100vw, 754px\" data-recalc-dims=\"1\" \/><figcaption class=\"wp-element-caption\">Reuni\u00e3o da Comiss\u00e3o de Assuntos Econ\u00f4micos (CAE) do Senado que votou o projeto de lei (PL 1.087\/2025) que isenta do Imposto de Renda (IR) quem ganha at\u00e9 R$ 5 mil mensais.\u00a0<strong>Foto:<\/strong>\u00a0<strong>Lula Marques\/ Ag\u00eancia Brasil.<\/strong><\/figcaption><\/figure>\n<\/div>\n\n\n<h5 class=\"wp-block-heading\"><\/h5>\n\n\n\n<p>O relator do projeto no Senado,&nbsp;Renan Calheiros, defendeu a proposta e destacou que a decis\u00e3o seria hist\u00f3rica para o pa\u00eds. \u201cO projeto do imposto zero \u00e9 um dos mais importantes e mais aguardados dos \u00faltimos anos\u201d.&nbsp;<\/p>\n\n\n\n<p>Renan apontou que a proposta do Executivo corrige injusti\u00e7as e contribui para o bem-estar social \u201cao promover a justi\u00e7a tribut\u00e1ria, diminuir a carga de tributos que incide sobre a baixa renda e aumentar a carga incidente sobre os super ricos\u201d.<\/p>\n\n\n\n<p>De acordo com o senador, o \u201cimposto zero\u201d vai beneficiar perto de 25 milh\u00f5es de trabalhadores e ser\u00e1 compensado pelo aumento da carga sobre 200 mil super ricos. \u201cOs trabalhadores ter\u00e3o um ganho m\u00e9dio de R$ 3,5 mil por ano\u201d.&nbsp;<\/p>\n\n\n\n<p>Ele destacou que, para quem tem rendimentos entre R$ 5 mil e R$ 7,35 mil, haver\u00e1 uma redu\u00e7\u00e3o proporcional do imposto.&nbsp;<\/p>\n\n\n\n<h2 class=\"wp-block-heading\">Entenda o projeto<\/h2>\n\n\n\n<p>Se for sancionado pelo presidente Lula ainda em 2025, a nova legisla\u00e7\u00e3o isentar\u00e1, a partir de janeiro do ano que vem, o imposto de renda sobre rendimentos mensais de at\u00e9 R$ 5 mil para pessoas f\u00edsicas e reduzir\u00e1 parcialmente o imposto pago por quem ganha&nbsp;entre R$ 5.000,01 e&nbsp;R$ 7.350.&nbsp;<\/p>\n\n\n\n<p>Haver\u00e1 uma al\u00edquota m\u00ednima de IR para quem ganha a partir de R$ 600 mil por ano. O texto prev\u00ea uma progress\u00e3o, chegando a 10% para rendimentos acima de R$ 1,2 milh\u00e3o por ano, incluindo dividendos.<\/p>\n\n\n\n<p>Outro&nbsp;ponto \u00e9 que, a partir de janeiro de 2026, a entrega de lucros e dividendos de uma pessoa jur\u00eddica a uma mesma pessoa f\u00edsica residente no Brasil em valor total maior de R$ 50 mil ao m\u00eas ficar\u00e1 sujeita \u00e0 incid\u00eancia do IRPF de 10% sobre o pagamento, vedadas quaisquer dedu\u00e7\u00f5es na base de c\u00e1lculo.&nbsp;<\/p>\n\n\n\n<p>Ficam de fora da regra, segundo o projeto, os pagamentos de lucros e dividendos cuja distribui\u00e7\u00e3o tenha sido aprovada at\u00e9 31 de dezembro de 2025, mesmo que o pagamento ocorra nos anos seguintes.<\/p>\n\n\n\n<p><\/p>\n\n\n\n<p class=\"bs-intro\">FONTE: Ag\u00eancia Brasil<\/p>\n\n\n\n<ul class=\"wp-block-social-links has-icon-color is-style-logos-only is-vertical is-layout-flex wp-container-core-social-links-is-layout-8cf370e7 wp-block-social-links-is-layout-flex\"><li style=\"color:#0693e3;\" class=\"wp-social-link wp-social-link-whatsapp has-vivid-cyan-blue-color wp-block-social-link\"><a href=\"https:\/\/wa.me\/\/75991238048\" class=\"wp-block-social-link-anchor\"><svg width=\"24\" height=\"24\" viewBox=\"0 0 24 24\" version=\"1.1\" xmlns=\"http:\/\/www.w3.org\/2000\/svg\" aria-hidden=\"true\" focusable=\"false\"><path d=\"M 12.011719 2 C 6.5057187 2 2.0234844 6.478375 2.0214844 11.984375 C 2.0204844 13.744375 2.4814687 15.462563 3.3554688 16.976562 L 2 22 L 7.2324219 20.763672 C 8.6914219 21.559672 10.333859 21.977516 12.005859 21.978516 L 12.009766 21.978516 C 17.514766 21.978516 21.995047 17.499141 21.998047 11.994141 C 22.000047 9.3251406 20.962172 6.8157344 19.076172 4.9277344 C 17.190172 3.0407344 14.683719 2.001 12.011719 2 z M 12.009766 4 C 14.145766 4.001 16.153109 4.8337969 17.662109 6.3417969 C 19.171109 7.8517969 20.000047 9.8581875 19.998047 11.992188 C 19.996047 16.396187 16.413812 19.978516 12.007812 19.978516 C 10.674812 19.977516 9.3544062 19.642812 8.1914062 19.007812 L 7.5175781 18.640625 L 6.7734375 18.816406 L 4.8046875 19.28125 L 5.2851562 17.496094 L 5.5019531 16.695312 L 5.0878906 15.976562 C 4.3898906 14.768562 4.0204844 13.387375 4.0214844 11.984375 C 4.0234844 7.582375 7.6067656 4 12.009766 4 z M 8.4765625 7.375 C 8.3095625 7.375 8.0395469 7.4375 7.8105469 7.6875 C 7.5815469 7.9365 6.9355469 8.5395781 6.9355469 9.7675781 C 6.9355469 10.995578 7.8300781 12.182609 7.9550781 12.349609 C 8.0790781 12.515609 9.68175 15.115234 12.21875 16.115234 C 14.32675 16.946234 14.754891 16.782234 15.212891 16.740234 C 15.670891 16.699234 16.690438 16.137687 16.898438 15.554688 C 17.106437 14.971687 17.106922 14.470187 17.044922 14.367188 C 16.982922 14.263188 16.816406 14.201172 16.566406 14.076172 C 16.317406 13.951172 15.090328 13.348625 14.861328 13.265625 C 14.632328 13.182625 14.464828 13.140625 14.298828 13.390625 C 14.132828 13.640625 13.655766 14.201187 13.509766 14.367188 C 13.363766 14.534188 13.21875 14.556641 12.96875 14.431641 C 12.71875 14.305641 11.914938 14.041406 10.960938 13.191406 C 10.218937 12.530406 9.7182656 11.714844 9.5722656 11.464844 C 9.4272656 11.215844 9.5585938 11.079078 9.6835938 10.955078 C 9.7955938 10.843078 9.9316406 10.663578 10.056641 10.517578 C 10.180641 10.371578 10.223641 10.267562 10.306641 10.101562 C 10.389641 9.9355625 10.347156 9.7890625 10.285156 9.6640625 C 10.223156 9.5390625 9.737625 8.3065 9.515625 7.8125 C 9.328625 7.3975 9.131125 7.3878594 8.953125 7.3808594 C 8.808125 7.3748594 8.6425625 7.375 8.4765625 7.375 z\"><\/path><\/svg><span class=\"wp-block-social-link-label screen-reader-text\">WhatsApp<\/span><\/a><\/li>\n\n<li style=\"color:#0693e3;\" class=\"wp-social-link wp-social-link-instagram has-vivid-cyan-blue-color wp-block-social-link\"><a href=\"https:\/\/www.instagram.com\/radiosisal97.3\/profilecard\/?igsh=MWo1azd5aXNvN2hmcQ==\" class=\"wp-block-social-link-anchor\"><svg width=\"24\" height=\"24\" viewBox=\"0 0 24 24\" version=\"1.1\" xmlns=\"http:\/\/www.w3.org\/2000\/svg\" aria-hidden=\"true\" focusable=\"false\"><path d=\"M12,4.622c2.403,0,2.688,0.009,3.637,0.052c0.877,0.04,1.354,0.187,1.671,0.31c0.42,0.163,0.72,0.358,1.035,0.673 c0.315,0.315,0.51,0.615,0.673,1.035c0.123,0.317,0.27,0.794,0.31,1.671c0.043,0.949,0.052,1.234,0.052,3.637 s-0.009,2.688-0.052,3.637c-0.04,0.877-0.187,1.354-0.31,1.671c-0.163,0.42-0.358,0.72-0.673,1.035 c-0.315,0.315-0.615,0.51-1.035,0.673c-0.317,0.123-0.794,0.27-1.671,0.31c-0.949,0.043-1.233,0.052-3.637,0.052 s-2.688-0.009-3.637-0.052c-0.877-0.04-1.354-0.187-1.671-0.31c-0.42-0.163-0.72-0.358-1.035-0.673 c-0.315-0.315-0.51-0.615-0.673-1.035c-0.123-0.317-0.27-0.794-0.31-1.671C4.631,14.688,4.622,14.403,4.622,12 s0.009-2.688,0.052-3.637c0.04-0.877,0.187-1.354,0.31-1.671c0.163-0.42,0.358-0.72,0.673-1.035 c0.315-0.315,0.615-0.51,1.035-0.673c0.317-0.123,0.794-0.27,1.671-0.31C9.312,4.631,9.597,4.622,12,4.622 M12,3 C9.556,3,9.249,3.01,8.289,3.054C7.331,3.098,6.677,3.25,6.105,3.472C5.513,3.702,5.011,4.01,4.511,4.511 c-0.5,0.5-0.808,1.002-1.038,1.594C3.25,6.677,3.098,7.331,3.054,8.289C3.01,9.249,3,9.556,3,12c0,2.444,0.01,2.751,0.054,3.711 c0.044,0.958,0.196,1.612,0.418,2.185c0.23,0.592,0.538,1.094,1.038,1.594c0.5,0.5,1.002,0.808,1.594,1.038 c0.572,0.222,1.227,0.375,2.185,0.418C9.249,20.99,9.556,21,12,21s2.751-0.01,3.711-0.054c0.958-0.044,1.612-0.196,2.185-0.418 c0.592-0.23,1.094-0.538,1.594-1.038c0.5-0.5,0.808-1.002,1.038-1.594c0.222-0.572,0.375-1.227,0.418-2.185 C20.99,14.751,21,14.444,21,12s-0.01-2.751-0.054-3.711c-0.044-0.958-0.196-1.612-0.418-2.185c-0.23-0.592-0.538-1.094-1.038-1.594 c-0.5-0.5-1.002-0.808-1.594-1.038c-0.572-0.222-1.227-0.375-2.185-0.418C14.751,3.01,14.444,3,12,3L12,3z M12,7.378 c-2.552,0-4.622,2.069-4.622,4.622S9.448,16.622,12,16.622s4.622-2.069,4.622-4.622S14.552,7.378,12,7.378z M12,15 c-1.657,0-3-1.343-3-3s1.343-3,3-3s3,1.343,3,3S13.657,15,12,15z M16.804,6.116c-0.596,0-1.08,0.484-1.08,1.08 s0.484,1.08,1.08,1.08c0.596,0,1.08-0.484,1.08-1.08S17.401,6.116,16.804,6.116z\"><\/path><\/svg><span class=\"wp-block-social-link-label screen-reader-text\">Instagram<\/span><\/a><\/li>\n\n<li style=\"color:#0693e3;\" class=\"wp-social-link wp-social-link-facebook has-vivid-cyan-blue-color wp-block-social-link\"><a href=\"https:\/\/www.facebook.com\/share\/1A7WveK9ft\/?mibextid=wwXIfr\" class=\"wp-block-social-link-anchor\"><svg width=\"24\" height=\"24\" viewBox=\"0 0 24 24\" version=\"1.1\" xmlns=\"http:\/\/www.w3.org\/2000\/svg\" aria-hidden=\"true\" focusable=\"false\"><path d=\"M12 2C6.5 2 2 6.5 2 12c0 5 3.7 9.1 8.4 9.9v-7H7.9V12h2.5V9.8c0-2.5 1.5-3.9 3.8-3.9 1.1 0 2.2.2 2.2.2v2.5h-1.3c-1.2 0-1.6.8-1.6 1.6V12h2.8l-.4 2.9h-2.3v7C18.3 21.1 22 17 22 12c0-5.5-4.5-10-10-10z\"><\/path><\/svg><span class=\"wp-block-social-link-label screen-reader-text\">Facebook<\/span><\/a><\/li><\/ul>\n","protected":false},"excerpt":{"rendered":"<p>Cerca de 25 milh\u00f5es de brasileiros v\u00e3o pagar menos imposto. O plen\u00e1rio do Senado aprovou, por unanimidade, nesta quarta (5), o&nbsp;projeto de lei&nbsp;1087\/2025&nbsp;que isenta do Imposto de Renda (IR) quem ganha at\u00e9 R$ 5 mil mensais e aumenta a taxa\u00e7\u00e3o de altas rendas. Se o&nbsp;texto for sancionado at\u00e9 o final do ano pelo presidente Luiz [&hellip;]<\/p>\n","protected":false},"author":2,"featured_media":10221,"comment_status":"open","ping_status":"open","sticky":false,"template":"","format":"standard","meta":{"footnotes":""},"categories":[1],"tags":[],"class_list":["post-10220","post","type-post","status-publish","format-standard","has-post-thumbnail","hentry","category-geral"],"jetpack_sharing_enabled":true,"jetpack_featured_media_url":"https:\/\/i0.wp.com\/radiosisal.com\/br\/wp-content\/uploads\/2025\/11\/0d9a8593.webp?fit=1170%2C700&ssl=1","_links":{"self":[{"href":"https:\/\/radiosisal.com\/br\/wp-json\/wp\/v2\/posts\/10220","targetHints":{"allow":["GET"]}}],"collection":[{"href":"https:\/\/radiosisal.com\/br\/wp-json\/wp\/v2\/posts"}],"about":[{"href":"https:\/\/radiosisal.com\/br\/wp-json\/wp\/v2\/types\/post"}],"author":[{"embeddable":true,"href":"https:\/\/radiosisal.com\/br\/wp-json\/wp\/v2\/users\/2"}],"replies":[{"embeddable":true,"href":"https:\/\/radiosisal.com\/br\/wp-json\/wp\/v2\/comments?post=10220"}],"version-history":[{"count":1,"href":"https:\/\/radiosisal.com\/br\/wp-json\/wp\/v2\/posts\/10220\/revisions"}],"predecessor-version":[{"id":10223,"href":"https:\/\/radiosisal.com\/br\/wp-json\/wp\/v2\/posts\/10220\/revisions\/10223"}],"wp:featuredmedia":[{"embeddable":true,"href":"https:\/\/radiosisal.com\/br\/wp-json\/wp\/v2\/media\/10221"}],"wp:attachment":[{"href":"https:\/\/radiosisal.com\/br\/wp-json\/wp\/v2\/media?parent=10220"}],"wp:term":[{"taxonomy":"category","embeddable":true,"href":"https:\/\/radiosisal.com\/br\/wp-json\/wp\/v2\/categories?post=10220"},{"taxonomy":"post_tag","embeddable":true,"href":"https:\/\/radiosisal.com\/br\/wp-json\/wp\/v2\/tags?post=10220"}],"curies":[{"name":"wp","href":"https:\/\/api.w.org\/{rel}","templated":true}]}}