{"id":10237,"date":"2025-11-07T10:32:39","date_gmt":"2025-11-07T10:32:39","guid":{"rendered":"https:\/\/radiosisal.com\/br\/?p=10237"},"modified":"2025-11-07T10:32:41","modified_gmt":"2025-11-07T10:32:41","slug":"enem-2025-saiba-como-visualizar-o-local-de-prova","status":"publish","type":"post","link":"https:\/\/radiosisal.com\/br\/2025\/11\/07\/enem-2025-saiba-como-visualizar-o-local-de-prova\/","title":{"rendered":"ENEM 2025: SAIBA COMO VISUALIZAR O LOCAL DE PROVA"},"content":{"rendered":"\n<p><\/p>\n\n\n\n<p>Ag\u00eancia Brasil re\u00fane dicas para candidato chegar com anteced\u00eancia.<\/p>\n\n\n\n<p><\/p>\n\n\n\n<p>A aplica\u00e7\u00e3o da primeira etapa do Exame Nacional do Ensino M\u00e9dio (Enem) 2025 ocorrer\u00e1 neste domingo (9) nas 27 unidades da Federa\u00e7\u00e3o para mais de 4,81 milh\u00f5es de&nbsp;inscritos confirmados.<img decoding=\"async\" src=\"https:\/\/i0.wp.com\/agenciabrasil.ebc.com.br\/ebc.png?w=1170&#038;ssl=1\" data-recalc-dims=\"1\"><img decoding=\"async\" src=\"https:\/\/i0.wp.com\/agenciabrasil.ebc.com.br\/ebc.gif?w=1170&#038;ssl=1\" data-recalc-dims=\"1\"><\/p>\n\n\n\n<p><strong>Saber o local de prova e se planejar logisticamente s\u00e3o t\u00e3o importantes quanto o estudo para o exame. Isso porque&nbsp;se o candidato perder o hor\u00e1rio de fechamento dos port\u00f5es, \u00e0s 13h (hor\u00e1rio de Bras\u00edlia), todo o esfor\u00e7o de um ano se perde.<\/strong><\/p>\n\n\n\n<p>A toler\u00e2ncia \u00e9 zero para atrasos. O&nbsp;<a href=\"https:\/\/www.in.gov.br\/en\/web\/dou\/-\/edital-n-52-de-23-de-maio-de-2025-631610576\" target=\"_blank\" rel=\"noreferrer noopener\">edital do Enem 2025<\/a>&nbsp;\u00e9 taxativo ao proibir a entrada do participante no local de prova, ap\u00f3s o fechamento dos port\u00f5es. Com isso, perder o hor\u00e1rio resulta na elimina\u00e7\u00e3o autom\u00e1tica do candidato.<\/p>\n\n\n\n<h2 class=\"wp-block-heading\">Cart\u00e3o de Confirma\u00e7\u00e3o de Inscri\u00e7\u00e3o<\/h2>\n\n\n\n<p><strong>A informa\u00e7\u00e3o sobre o local de prova do Enem 2025 est\u00e1 dispon\u00edvel no Cart\u00e3o de Confirma\u00e7\u00e3o de Inscri\u00e7\u00e3o.<\/strong><\/p>\n\n\n\n<p><strong>O documento individualizado deve ser acessado exclusivamente na&nbsp;<a href=\"https:\/\/enem.inep.gov.br\/participante\/#!\/\" target=\"_blank\" rel=\"noreferrer noopener\">P\u00e1gina do Participante<\/a><\/strong>, no&nbsp;<em>site<\/em>&nbsp;do Instituto Nacional de Estudos e Pesquisas Educacionais An\u00edsio Teixeira (Inep).<\/p>\n\n\n\n<p>Adicionalmente, o documento informa o n\u00famero de inscri\u00e7\u00e3o, as datas e os hor\u00e1rios das provas, al\u00e9m de indicar se o inscrito tem direito a atendimento especializado ou tratamento por nome social, quando previamente solicitado e aprovado.<\/p>\n\n\n\n<p>H\u00e1 ainda dados sobre a op\u00e7\u00e3o de l\u00edngua estrangeira selecionada, se houve a op\u00e7\u00e3o de pedido&nbsp;de certifica\u00e7\u00e3o do ensino m\u00e9dio e d\u00e1 orienta\u00e7\u00f5es gerais aos inscritos.<\/p>\n\n\n\n<p>Embora n\u00e3o seja obrigat\u00f3rio, o Inep recomenda lev\u00e1-lo impresso nos dois dias do exame (9 e 16 de novembro), para evitar imprevistos.<\/p>\n\n\n\n<p><strong>Confira o passo a passo para acessar e imprimir o Cart\u00e3o de Confirma\u00e7\u00e3o de Inscri\u00e7\u00e3o:<\/strong><\/p>\n\n\n\n<p>1 &#8211; acesse a P\u00e1gina do Participante e selecione o bot\u00e3o \u201cP\u00e1gina do Participante \u2013 Entrar com&nbsp;gov.br\u201d.<\/p>\n\n\n\n<p>2 &#8211; em seguida, use o login \u00fanico do Gov.Br e clique em \u201cContinuar\u201d.<\/p>\n\n\n\n<p>3 &#8211; J\u00e1 na P\u00e1gina do Participante, \u00e0 esquerda da tela, clique em \u201cLocal de Prova\u201d.<\/p>\n\n\n\n<p>4 \u2013 na sequ\u00eancia, clique no \u00edcone em azul, apresentado pelo assistente virtual (Local de Prova).<\/p>\n\n\n\n<p>5 &#8211; O sistema abrir\u00e1 o Cart\u00e3o de Confirma\u00e7\u00e3o de Inscri\u00e7\u00e3o.<\/p>\n\n\n\n<p>Para imprimir, basta descer a tela at\u00e9 o final da p\u00e1gina e clicar no bot\u00e3o \u201cImprimir\u201d.<\/p>\n\n\n\n<h2 class=\"wp-block-heading\">Dicas de planejamento<\/h2>\n\n\n\n<p><strong>Chegar ao local com calma e anteced\u00eancia \u00e9 fundamental para evitar a ansiedade de \u00faltima hora, o que pode prejudicar a concentra\u00e7\u00e3o do candidato antes mesmo de a prova come\u00e7ar.<\/strong><\/p>\n\n\n\n<p>Muitos candidatos se atrasam por fatores externos, como tr\u00e2nsito intenso em locais pr\u00f3ximos aos centros de prova e outras situa\u00e7\u00f5es mais comuns aos domingos como o transporte p\u00fablico (\u00f4nibus, metr\u00f4s ou trens) com hor\u00e1rios de circula\u00e7\u00e3o reduzidos.&nbsp;Outros candidatos tamb\u00e9m desconhecem o local ou o trajeto at\u00e9 ele.<\/p>\n\n\n<div class=\"wp-block-image\">\n<figure class=\"aligncenter is-resized\"><img loading=\"lazy\" decoding=\"async\" width=\"754\" height=\"566\" src=\"https:\/\/i0.wp.com\/radiosisal.com\/br\/wp-content\/uploads\/2025\/11\/cintia_etsuko_yamashita01_0-1.webp?resize=754%2C566&#038;ssl=1\" alt=\"Bras\u00edlia (DF) 05\/11\/2025 \u2013 Cintia Etsuko Yamashita, coordenadora pedag\u00f3gica da Escola Bil\u00edngue Pueri Domus da Aclima\u00e7\u00e3o, em S\u00e3o Paulo.\nFoto: Cintia Etsuko Yamashita\/Arquivo pessoal\" class=\"wp-image-10242\" style=\"width:576px;height:auto\" title=\"Cintia Etsuko Yamashita\/Arquivo pessoal\" srcset=\"https:\/\/i0.wp.com\/radiosisal.com\/br\/wp-content\/uploads\/2025\/11\/cintia_etsuko_yamashita01_0-1.webp?w=754&amp;ssl=1 754w, https:\/\/i0.wp.com\/radiosisal.com\/br\/wp-content\/uploads\/2025\/11\/cintia_etsuko_yamashita01_0-1.webp?resize=300%2C225&amp;ssl=1 300w, https:\/\/i0.wp.com\/radiosisal.com\/br\/wp-content\/uploads\/2025\/11\/cintia_etsuko_yamashita01_0-1.webp?resize=86%2C64&amp;ssl=1 86w\" sizes=\"auto, (max-width: 754px) 100vw, 754px\" data-recalc-dims=\"1\" \/><figcaption class=\"wp-element-caption\">A professora Cintia Etsuko Yamashita, coordenadora pedag\u00f3gica da Escola Bil\u00edngue Pueri Domus, da Aclima\u00e7\u00e3o, em S\u00e3o Paulo, d\u00e1 dicas aos estudantes &#8211;\u00a0Foto\u00a0<strong>Cintia Etsuko Yamashita\/Arquivo pessoal<\/strong><\/figcaption><\/figure>\n<\/div>\n\n\n<h6 class=\"wp-block-heading\"><\/h6>\n\n\n\n<p><strong>Especialistas recomendam que o hor\u00e1rio ideal para sair da resid\u00eancia rumo ao local de prova seria o intervalo de duas a tr\u00eas horas, dependendo da dist\u00e2ncia<\/strong>.&nbsp;A coordenadora pedag\u00f3gica da Escola Bil\u00edngue Pueri Domus da Aclima\u00e7\u00e3o, em S\u00e3o Paulo, Cintia Etsuko Yamashita, defende a prepara\u00e7\u00e3o do candidato com o planejamento de rota, por exemplo.<\/p>\n\n\n\n<blockquote class=\"wp-block-quote is-layout-flow wp-block-quote-is-layout-flow\">\n<p>\u201cProgramar que horas voc\u00ea vai chegar ao local, no dia da prova, \u00e9 muito importante\u201d, avalia.<\/p>\n<\/blockquote>\n\n\n\n<p>Por isso, nestes dois dias que antecedem as provas, \u00e9 preciso conhecer&nbsp;o local de aplica\u00e7\u00e3o do Enem e&nbsp;vale consultar o tempo do deslocamento, trajetos alternativos e diferentes&nbsp;modais para chegar \u00e0 unidade destacada no cart\u00e3o de inscri\u00e7\u00e3o do candidato.&nbsp;<\/p>\n\n\n\n<p><strong>A demanda por carros de aplicativo \u00e9 alta nos hor\u00e1rios de pico (entre as 11h e as 13h) nos domingos do Enem, o que pode ocasionar a demora at\u00e9 encontrar um motorista que aceite a corrida.<\/strong>&nbsp;Al\u00e9m disso, os pre\u00e7os podem subir.<\/p>\n\n\n\n<p>A estudante Ana Carolina da Silva Gribbler, do terceiro ano do ensino m\u00e9dio do&nbsp;Col\u00e9gio St. Georges (STG), no Rio de Janeiro, far\u00e1 o Enem pela primeira vez. Aos 18 anos, a jovem diz ter familiaridade com o local de prova, depois que a coordena\u00e7\u00e3o geral do exame o alterou para um novo endere\u00e7o, mais pr\u00f3ximo da resid\u00eancia dela.<\/p>\n\n\n<div class=\"wp-block-image\">\n<figure class=\"aligncenter is-resized\"><img loading=\"lazy\" decoding=\"async\" width=\"754\" height=\"1011\" src=\"https:\/\/i0.wp.com\/radiosisal.com\/br\/wp-content\/uploads\/2025\/11\/ana_carolina_da_silva_gribbler-1.jpg?resize=754%2C1011&#038;ssl=1\" alt=\"Bras\u00edlia (DF) 05\/11\/2025 \u2013 Ana Carolina da Silva Gribbler, 18 anos \u2013 aluna do terceiro ano, deseja cursar medicina, 1\u00ba Enem\nFoto: Ana Carolina da Silva Gribbler\/Arquivo pessoal\" class=\"wp-image-10241\" style=\"width:427px;height:auto\" title=\"Ana Carolina da Silva Gribbler\/Arquivo pessoal\" srcset=\"https:\/\/i0.wp.com\/radiosisal.com\/br\/wp-content\/uploads\/2025\/11\/ana_carolina_da_silva_gribbler-1.jpg?w=754&amp;ssl=1 754w, https:\/\/i0.wp.com\/radiosisal.com\/br\/wp-content\/uploads\/2025\/11\/ana_carolina_da_silva_gribbler-1.jpg?resize=224%2C300&amp;ssl=1 224w\" sizes=\"auto, (max-width: 754px) 100vw, 754px\" data-recalc-dims=\"1\" \/><figcaption class=\"wp-element-caption\">Ana Carolina da Silva Gribbler, 18 anos, faz o Enem em busca de uma vaga no curso de\u00a0medicina &#8211; Foto\u00a0<strong>Ana Carolina da Silva Gribbler\/Arquivo pessoal<\/strong><\/figcaption><\/figure>\n<\/div>\n\n\n<h6 class=\"wp-block-heading\"><\/h6>\n\n\n\n<blockquote class=\"wp-block-quote is-layout-flow wp-block-quote-is-layout-flow\">\n<p>\u201cEu tinha ca\u00eddo em um lugar um pouquinho longe de onde eu moro. Depois, me realocaram. Com a mudan\u00e7a, agora, estou em frente \u00e0 minha escola.\u201d<\/p>\n<\/blockquote>\n\n\n\n<p>Apesar de nunca ter entrado na unidade designada para fazer o Enem, Ana Carolina se sente aliviada para focar em seu objetivo principal, ser aprovada no curso superior de medicina. \u201cPor estar mais perto, estou mais segura quanto ao meu local de prova e mais tranquila quanto ao hor\u00e1rio tamb\u00e9m.\u201d<\/p>\n\n\n\n<h2 class=\"wp-block-heading\">Transporte p\u00fablico<\/h2>\n\n\n\n<p><strong>Como op\u00e7\u00e3o, algumas cidades brasileiras anunciaram algum tipo de gratuidade ou refor\u00e7o no transporte para o Enem 2025<\/strong>. Este \u00e9&nbsp;o caso do metr\u00f4 de Salvador e Lauro de Freitas (BA). Em Fortaleza, foi anunciado o aumento da frota de \u00f4nibus para estudantes cearenses;&nbsp;viagens&nbsp;de gra\u00e7a nos \u00f4nibus intermunicipais de sete cidades do ABC Paulista e no transporte municipal de Osasco; passe Livre (ida e volta) para estudantes de Campo Grande, entre outras localidades.<\/p>\n\n\n\n<p>Mas, a dica \u00e9 confirmar os detalhes espec\u00edficos das medidas anunciadas na regi\u00e3o, diretamente na prefeitura ou \u00f3rg\u00e3o de transporte da cidade, pois as regras de acesso podem variar.<\/p>\n\n\n\n<p class=\"bs-intro\">FONTE: Ag\u00eancia Brasil<\/p>\n\n\n\n<ul class=\"wp-block-social-links has-icon-color is-style-logos-only is-vertical is-layout-flex wp-container-core-social-links-is-layout-8cf370e7 wp-block-social-links-is-layout-flex\"><li style=\"color:#0693e3;\" class=\"wp-social-link wp-social-link-whatsapp has-vivid-cyan-blue-color wp-block-social-link\"><a href=\"https:\/\/wa.me\/\/75991238048\" class=\"wp-block-social-link-anchor\"><svg width=\"24\" height=\"24\" viewBox=\"0 0 24 24\" version=\"1.1\" xmlns=\"http:\/\/www.w3.org\/2000\/svg\" aria-hidden=\"true\" focusable=\"false\"><path d=\"M 12.011719 2 C 6.5057187 2 2.0234844 6.478375 2.0214844 11.984375 C 2.0204844 13.744375 2.4814687 15.462563 3.3554688 16.976562 L 2 22 L 7.2324219 20.763672 C 8.6914219 21.559672 10.333859 21.977516 12.005859 21.978516 L 12.009766 21.978516 C 17.514766 21.978516 21.995047 17.499141 21.998047 11.994141 C 22.000047 9.3251406 20.962172 6.8157344 19.076172 4.9277344 C 17.190172 3.0407344 14.683719 2.001 12.011719 2 z M 12.009766 4 C 14.145766 4.001 16.153109 4.8337969 17.662109 6.3417969 C 19.171109 7.8517969 20.000047 9.8581875 19.998047 11.992188 C 19.996047 16.396187 16.413812 19.978516 12.007812 19.978516 C 10.674812 19.977516 9.3544062 19.642812 8.1914062 19.007812 L 7.5175781 18.640625 L 6.7734375 18.816406 L 4.8046875 19.28125 L 5.2851562 17.496094 L 5.5019531 16.695312 L 5.0878906 15.976562 C 4.3898906 14.768562 4.0204844 13.387375 4.0214844 11.984375 C 4.0234844 7.582375 7.6067656 4 12.009766 4 z M 8.4765625 7.375 C 8.3095625 7.375 8.0395469 7.4375 7.8105469 7.6875 C 7.5815469 7.9365 6.9355469 8.5395781 6.9355469 9.7675781 C 6.9355469 10.995578 7.8300781 12.182609 7.9550781 12.349609 C 8.0790781 12.515609 9.68175 15.115234 12.21875 16.115234 C 14.32675 16.946234 14.754891 16.782234 15.212891 16.740234 C 15.670891 16.699234 16.690438 16.137687 16.898438 15.554688 C 17.106437 14.971687 17.106922 14.470187 17.044922 14.367188 C 16.982922 14.263188 16.816406 14.201172 16.566406 14.076172 C 16.317406 13.951172 15.090328 13.348625 14.861328 13.265625 C 14.632328 13.182625 14.464828 13.140625 14.298828 13.390625 C 14.132828 13.640625 13.655766 14.201187 13.509766 14.367188 C 13.363766 14.534188 13.21875 14.556641 12.96875 14.431641 C 12.71875 14.305641 11.914938 14.041406 10.960938 13.191406 C 10.218937 12.530406 9.7182656 11.714844 9.5722656 11.464844 C 9.4272656 11.215844 9.5585938 11.079078 9.6835938 10.955078 C 9.7955938 10.843078 9.9316406 10.663578 10.056641 10.517578 C 10.180641 10.371578 10.223641 10.267562 10.306641 10.101562 C 10.389641 9.9355625 10.347156 9.7890625 10.285156 9.6640625 C 10.223156 9.5390625 9.737625 8.3065 9.515625 7.8125 C 9.328625 7.3975 9.131125 7.3878594 8.953125 7.3808594 C 8.808125 7.3748594 8.6425625 7.375 8.4765625 7.375 z\"><\/path><\/svg><span class=\"wp-block-social-link-label screen-reader-text\">WhatsApp<\/span><\/a><\/li>\n\n<li style=\"color:#0693e3;\" class=\"wp-social-link wp-social-link-instagram has-vivid-cyan-blue-color wp-block-social-link\"><a href=\"https:\/\/www.instagram.com\/radiosisal97.3\/profilecard\/?igsh=MWo1azd5aXNvN2hmcQ==\" class=\"wp-block-social-link-anchor\"><svg width=\"24\" height=\"24\" viewBox=\"0 0 24 24\" version=\"1.1\" xmlns=\"http:\/\/www.w3.org\/2000\/svg\" aria-hidden=\"true\" focusable=\"false\"><path d=\"M12,4.622c2.403,0,2.688,0.009,3.637,0.052c0.877,0.04,1.354,0.187,1.671,0.31c0.42,0.163,0.72,0.358,1.035,0.673 c0.315,0.315,0.51,0.615,0.673,1.035c0.123,0.317,0.27,0.794,0.31,1.671c0.043,0.949,0.052,1.234,0.052,3.637 s-0.009,2.688-0.052,3.637c-0.04,0.877-0.187,1.354-0.31,1.671c-0.163,0.42-0.358,0.72-0.673,1.035 c-0.315,0.315-0.615,0.51-1.035,0.673c-0.317,0.123-0.794,0.27-1.671,0.31c-0.949,0.043-1.233,0.052-3.637,0.052 s-2.688-0.009-3.637-0.052c-0.877-0.04-1.354-0.187-1.671-0.31c-0.42-0.163-0.72-0.358-1.035-0.673 c-0.315-0.315-0.51-0.615-0.673-1.035c-0.123-0.317-0.27-0.794-0.31-1.671C4.631,14.688,4.622,14.403,4.622,12 s0.009-2.688,0.052-3.637c0.04-0.877,0.187-1.354,0.31-1.671c0.163-0.42,0.358-0.72,0.673-1.035 c0.315-0.315,0.615-0.51,1.035-0.673c0.317-0.123,0.794-0.27,1.671-0.31C9.312,4.631,9.597,4.622,12,4.622 M12,3 C9.556,3,9.249,3.01,8.289,3.054C7.331,3.098,6.677,3.25,6.105,3.472C5.513,3.702,5.011,4.01,4.511,4.511 c-0.5,0.5-0.808,1.002-1.038,1.594C3.25,6.677,3.098,7.331,3.054,8.289C3.01,9.249,3,9.556,3,12c0,2.444,0.01,2.751,0.054,3.711 c0.044,0.958,0.196,1.612,0.418,2.185c0.23,0.592,0.538,1.094,1.038,1.594c0.5,0.5,1.002,0.808,1.594,1.038 c0.572,0.222,1.227,0.375,2.185,0.418C9.249,20.99,9.556,21,12,21s2.751-0.01,3.711-0.054c0.958-0.044,1.612-0.196,2.185-0.418 c0.592-0.23,1.094-0.538,1.594-1.038c0.5-0.5,0.808-1.002,1.038-1.594c0.222-0.572,0.375-1.227,0.418-2.185 C20.99,14.751,21,14.444,21,12s-0.01-2.751-0.054-3.711c-0.044-0.958-0.196-1.612-0.418-2.185c-0.23-0.592-0.538-1.094-1.038-1.594 c-0.5-0.5-1.002-0.808-1.594-1.038c-0.572-0.222-1.227-0.375-2.185-0.418C14.751,3.01,14.444,3,12,3L12,3z M12,7.378 c-2.552,0-4.622,2.069-4.622,4.622S9.448,16.622,12,16.622s4.622-2.069,4.622-4.622S14.552,7.378,12,7.378z M12,15 c-1.657,0-3-1.343-3-3s1.343-3,3-3s3,1.343,3,3S13.657,15,12,15z M16.804,6.116c-0.596,0-1.08,0.484-1.08,1.08 s0.484,1.08,1.08,1.08c0.596,0,1.08-0.484,1.08-1.08S17.401,6.116,16.804,6.116z\"><\/path><\/svg><span class=\"wp-block-social-link-label screen-reader-text\">Instagram<\/span><\/a><\/li>\n\n<li style=\"color:#0693e3;\" class=\"wp-social-link wp-social-link-facebook has-vivid-cyan-blue-color wp-block-social-link\"><a href=\"https:\/\/www.facebook.com\/share\/1A7WveK9ft\/?mibextid=wwXIfr\" class=\"wp-block-social-link-anchor\"><svg width=\"24\" height=\"24\" viewBox=\"0 0 24 24\" version=\"1.1\" xmlns=\"http:\/\/www.w3.org\/2000\/svg\" aria-hidden=\"true\" focusable=\"false\"><path d=\"M12 2C6.5 2 2 6.5 2 12c0 5 3.7 9.1 8.4 9.9v-7H7.9V12h2.5V9.8c0-2.5 1.5-3.9 3.8-3.9 1.1 0 2.2.2 2.2.2v2.5h-1.3c-1.2 0-1.6.8-1.6 1.6V12h2.8l-.4 2.9h-2.3v7C18.3 21.1 22 17 22 12c0-5.5-4.5-10-10-10z\"><\/path><\/svg><span class=\"wp-block-social-link-label screen-reader-text\">Facebook<\/span><\/a><\/li><\/ul>\n\n\n\n<p><\/p>\n","protected":false},"excerpt":{"rendered":"<p>Ag\u00eancia Brasil re\u00fane dicas para candidato chegar com anteced\u00eancia. A aplica\u00e7\u00e3o da primeira etapa do Exame Nacional do Ensino M\u00e9dio (Enem) 2025 ocorrer\u00e1 neste domingo (9) nas 27 unidades da Federa\u00e7\u00e3o para mais de 4,81 milh\u00f5es de&nbsp;inscritos confirmados. Saber o local de prova e se planejar logisticamente s\u00e3o t\u00e3o importantes quanto o estudo para o [&hellip;]<\/p>\n","protected":false},"author":2,"featured_media":10238,"comment_status":"open","ping_status":"open","sticky":false,"template":"","format":"standard","meta":{"footnotes":""},"categories":[1],"tags":[],"class_list":["post-10237","post","type-post","status-publish","format-standard","has-post-thumbnail","hentry","category-geral"],"jetpack_sharing_enabled":true,"jetpack_featured_media_url":"https:\/\/i0.wp.com\/radiosisal.com\/br\/wp-content\/uploads\/2025\/11\/cintia_etsuko_yamashita02_0.webp?fit=1170%2C700&ssl=1","_links":{"self":[{"href":"https:\/\/radiosisal.com\/br\/wp-json\/wp\/v2\/posts\/10237","targetHints":{"allow":["GET"]}}],"collection":[{"href":"https:\/\/radiosisal.com\/br\/wp-json\/wp\/v2\/posts"}],"about":[{"href":"https:\/\/radiosisal.com\/br\/wp-json\/wp\/v2\/types\/post"}],"author":[{"embeddable":true,"href":"https:\/\/radiosisal.com\/br\/wp-json\/wp\/v2\/users\/2"}],"replies":[{"embeddable":true,"href":"https:\/\/radiosisal.com\/br\/wp-json\/wp\/v2\/comments?post=10237"}],"version-history":[{"count":1,"href":"https:\/\/radiosisal.com\/br\/wp-json\/wp\/v2\/posts\/10237\/revisions"}],"predecessor-version":[{"id":10243,"href":"https:\/\/radiosisal.com\/br\/wp-json\/wp\/v2\/posts\/10237\/revisions\/10243"}],"wp:featuredmedia":[{"embeddable":true,"href":"https:\/\/radiosisal.com\/br\/wp-json\/wp\/v2\/media\/10238"}],"wp:attachment":[{"href":"https:\/\/radiosisal.com\/br\/wp-json\/wp\/v2\/media?parent=10237"}],"wp:term":[{"taxonomy":"category","embeddable":true,"href":"https:\/\/radiosisal.com\/br\/wp-json\/wp\/v2\/categories?post=10237"},{"taxonomy":"post_tag","embeddable":true,"href":"https:\/\/radiosisal.com\/br\/wp-json\/wp\/v2\/tags?post=10237"}],"curies":[{"name":"wp","href":"https:\/\/api.w.org\/{rel}","templated":true}]}}