{"id":10299,"date":"2025-11-12T10:23:28","date_gmt":"2025-11-12T10:23:28","guid":{"rendered":"https:\/\/radiosisal.com\/br\/?p=10299"},"modified":"2025-11-12T10:23:31","modified_gmt":"2025-11-12T10:23:31","slug":"cnu-2025-notas-e-convocacao-para-prova-discursiva-saem-nesta-quarta-veja-proximos-passos","status":"publish","type":"post","link":"https:\/\/radiosisal.com\/br\/2025\/11\/12\/cnu-2025-notas-e-convocacao-para-prova-discursiva-saem-nesta-quarta-veja-proximos-passos\/","title":{"rendered":"CNU 2025: NOTAS E CONVOCA\u00c7\u00c3O PARA PROVA DISCURSIVA SAEM NESTA QUARTA; VEJA PR\u00d3XIMOS PASSOS"},"content":{"rendered":"\n<p><\/p>\n\n\n\n<p>Resultado das provas objetivas define quem segue para a etapa discursiva em dezembro; candidatos tamb\u00e9m ser\u00e3o chamados para envio de t\u00edtulos e verifica\u00e7\u00e3o de cotas.<\/p>\n\n\n\n<p>O governo federal vai divulgar, a partir das 10h desta quarta-feira (12), as notas finais das provas objetivas do Concurso Nacional Unificado (CNU), apelidado de&nbsp;<a class=\"\" href=\"https:\/\/g1.globo.com\/trabalho-e-carreira\/concursos\/noticia\/2025\/06\/30\/edital-cnu-2025-publicado.ghtml\"><strong>\u201cEnem dos concursos\u201d<\/strong><\/a>.<\/p>\n\n\n\n<p>Essa \u00e9 a segunda edi\u00e7\u00e3o do concurso. Com os resultados, os candidatos saber\u00e3o se foram aprovados para a prova discursiva, prevista para dezembro.<\/p>\n\n\n\n<p>Os candidatos tamb\u00e9m poder\u00e3o acessar os\u00a0<strong>gabaritos definitivos\u00a0<\/strong>das provas objetivas, as<strong>\u00a0respostas aos recursos\u00a0<\/strong>contra os gabaritos preliminares das provas objetivas, os\u00a0<strong>espelhos do seu pr\u00f3prio cart\u00e3o-resposta<\/strong>, as<strong>\u00a0listas de classifica\u00e7\u00e3o\u00a0<\/strong>de todos os cargos e a\u00a0<strong>tabela com as notas m\u00ednimas para classifica\u00e7\u00e3o<\/strong>\u00a0em cada cargo.<\/p>\n\n\n\n<p>As&nbsp;<strong>convoca\u00e7\u00f5es para a fase de envio de t\u00edtulos&nbsp;<\/strong>\u2014 como p\u00f3s-gradua\u00e7\u00e3o, mestrado e doutorado \u2014 tamb\u00e9m ser\u00e3o divulgadas nesta quarta-feira e podem contribuir para a pontua\u00e7\u00e3o em determinados cargos.<\/p>\n\n\n\n<p>Os participantes que concorrem \u00e0s&nbsp;<strong>vagas reservadas<\/strong>&nbsp;(para pessoas negras, ind\u00edgenas, quilombolas e com defici\u00eancia) ser\u00e3o chamados para os procedimentos de verifica\u00e7\u00e3o.<\/p>\n\n\n\n<h2 class=\"wp-block-heading\">\ud83d\uddd2\ufe0fComo acessar os resultados?<\/h2>\n\n\n\n<p>Para acessar as informa\u00e7\u00f5es, o candidato precisar\u00e1 acessar a p\u00e1gina oficial (<a class=\"\" href=\"https:\/\/conhecimento.fgv.br\/cpnu2\" target=\"_blank\" rel=\"noreferrer noopener\"><strong>clique aqui para ser direcionado<\/strong><\/a>), fazer login com os dados da conta&nbsp;<strong>gov.br<\/strong>&nbsp;e clicar na&nbsp;<strong>\u00c1rea do Candidato<\/strong>.<\/p>\n\n\n\n<p>Ao abrir o menu de atividades, o candidato deve clicar em &#8220;Minhas Inscri\u00e7\u00f5es&#8217;, localizar o card referente \u00e0 sua inscri\u00e7\u00e3o do CNU 2 e clicar no bot\u00e3o &#8220;Ver Resultado&#8221;.<\/p>\n\n\n\n<p>Ap\u00f3s clicar em \u201cVer Resultado\u201d, ele ser\u00e1 direcionado para um tela na qual \u00e9 poss\u00edvel visualizar o resultado da prova objetiva.<\/p>\n\n\n\n<p>Segundo o Minist\u00e9rio da Gest\u00e3o, os inscritos tamb\u00e9m poder\u00e3o consultar as imagens dos seus cart\u00f5es de resposta e conferir como preencheram o gabarito das quest\u00f5es objetivas.<\/p>\n\n\n\n<h2 class=\"wp-block-heading\">\ud83d\udccc Como ser\u00e1 a pr\u00f3xima etapa?<\/h2>\n\n\n\n<p>A pr\u00f3xima etapa do CNU 2025 ser\u00e1 a prova discursiva,&nbsp;marcada para 7 de dezembro. Nessa fase, participar\u00e3o&nbsp;<strong>apenas os candidatos aprovados na prova objetiva.<\/strong><\/p>\n\n\n\n<p>Os participantes ser\u00e3o avaliados conforme o n\u00edvel de escolaridade exigido para o cargo pretendido.<\/p>\n\n\n\n<p><strong>Veja como ser\u00e3o as provas:<\/strong><\/p>\n\n\n\n<ul class=\"wp-block-list\">\n<li><strong>N\u00edvel superior:<\/strong>\u00a0os candidatos responder\u00e3o duas quest\u00f5es discursivas, com dura\u00e7\u00e3o de tr\u00eas horas (das 13h \u00e0s 16h);<\/li>\n\n\n\n<li><strong>N\u00edvel intermedi\u00e1rio:\u00a0<\/strong>os candidatos far\u00e3o uma reda\u00e7\u00e3o dissertativa-argumentativa, com dura\u00e7\u00e3o de duas horas (das 13h \u00e0s 15h).<\/li>\n<\/ul>\n\n\n\n<p>Al\u00e9m de avaliar a capacidade de argumenta\u00e7\u00e3o e o dom\u00ednio do conte\u00fado, essa etapa ser\u00e1 decisiva para a classifica\u00e7\u00e3o final dos candidatos.<\/p>\n\n\n\n<p>Nesta edi\u00e7\u00e3o, a sele\u00e7\u00e3o segue um \u00fanico edital, o que facilita o acesso \u00e0s informa\u00e7\u00f5es. As vagas est\u00e3o distribu\u00eddas em nove blocos tem\u00e1ticos, que agrupam os cargos por \u00e1reas como sa\u00fade, tecnologia, administra\u00e7\u00e3o, justi\u00e7a, entre outras.<\/p>\n\n\n\n<p>A vers\u00e3o impressa do Cart\u00e3o de Confirma\u00e7\u00e3o de Inscri\u00e7\u00e3o, com o local da prova da discursiva,&nbsp;<strong>ser\u00e1 disponibilizada em 1\u00ba de dezembro de 2025<\/strong>.<\/p>\n\n\n\n<p>A nota preliminar da prova discursiva, acompanhada do espelho de corre\u00e7\u00e3o, ser\u00e1 divulgada 23 de janeiro de 2026.<\/p>\n\n\n\n<p>Os candidatos poder\u00e3o pedir revis\u00e3o das notas nos dias 26 e 27 de janeiro. J\u00e1 o resultado dos pedidos de revis\u00e3o e a nota final da prova discursiva&nbsp;<strong>ser\u00e3o divulgados em 18 de fevereiro de 2026<\/strong>.<\/p>\n\n\n\n<p>As primeiras listas de classifica\u00e7\u00e3o devem sair em 20 de fevereiro de 2026. O cronograma tamb\u00e9m prev\u00ea que as&nbsp;convoca\u00e7\u00f5es comecem em mar\u00e7o do pr\u00f3ximo ano.<\/p>\n\n\n\n<h2 class=\"wp-block-heading\"><strong>\ud83e\uddee Como ser\u00e1 o procedimento de verifica\u00e7\u00e3o?<\/strong><\/h2>\n\n\n\n<p>A nova edi\u00e7\u00e3o traz regras mais r\u00edgidas para garantir a reserva de vagas para pessoas negras, ind\u00edgenas, com defici\u00eancia e candidatos quilombolas.<\/p>\n\n\n\n<p>Segundo o governo, a medida refor\u00e7a o compromisso com a promo\u00e7\u00e3o da equidade no acesso ao servi\u00e7o p\u00fablico federal.<\/p>\n\n\n\n<p><strong>Com isso, a distribui\u00e7\u00e3o das cotas ficou definida da seguinte maneira:<\/strong><\/p>\n\n\n\n<ul class=\"wp-block-list\">\n<li>25% para pessoas negras;<\/li>\n\n\n\n<li>3% para pessoas ind\u00edgenas;<\/li>\n\n\n\n<li>2% para pessoas quilombolas;<\/li>\n\n\n\n<li>5% para pessoas com defici\u00eancia (PcD).<\/li>\n<\/ul>\n\n\n\n<p>Nos casos em que o n\u00famero de vagas \u00e9 inferior ao m\u00ednimo exigido para aplica\u00e7\u00e3o das cotas, o MGI realizou um sorteio para definir a reserva proporcional, conforme previsto na norma.<\/p>\n\n\n\n<p>Os candidatos que optaram por disputar vagas reservadas a pessoas negras, ind\u00edgenas, quilombolas ou pessoas com defici\u00eancia passar\u00e3o por etapas de verifica\u00e7\u00e3o da condi\u00e7\u00e3o declarada. Segundo o edital,&nbsp;<strong>as avalia\u00e7\u00f5es ocorrer\u00e3o entre 8 e 17 de dezembro<\/strong>.<\/p>\n\n\n\n<p>Quem&nbsp;<strong>se autodeclarou pessoa negra<\/strong>&nbsp;e concorre \u00e0s vagas reservadas dever\u00e1 se apresentar ao procedimento de confirma\u00e7\u00e3o complementar da autodeclara\u00e7\u00e3o (heteroidentifica\u00e7\u00e3o).<\/p>\n\n\n\n<p>Essa etapa ser\u00e1 presencial, realizada por uma comiss\u00e3o espec\u00edfica, que utiliza exclusivamente o crit\u00e9rio fenot\u00edpico \u2014 ou seja, caracter\u00edsticas f\u00edsicas observ\u00e1veis \u2014 para verificar a condi\u00e7\u00e3o declarada.<\/p>\n\n\n\n<p>Durante o procedimento, o candidato ter\u00e1 dados biom\u00e9tricos coletados e passar\u00e1 por exame grafol\u00f3gico. Todo o processo ser\u00e1 filmado para registro e an\u00e1lise da comiss\u00e3o, conforme regras previstas pelo edital.<\/p>\n\n\n\n<p><strong>Perder\u00e1 o direito \u00e0 vaga reservada o candidato que:<\/strong><\/p>\n\n\n\n<ul class=\"wp-block-list\">\n<li>N\u00e3o comparecer ao procedimento de heteroidentifica\u00e7\u00e3o;<\/li>\n\n\n\n<li>Recusar-se a ser filmado;<\/li>\n\n\n\n<li>Recusar-se a coletar os dados biom\u00e9tricos ou a fazer o exame grafol\u00f3gico.<\/li>\n<\/ul>\n\n\n\n<p>Candidatos&nbsp;<strong>ind\u00edgenas passar\u00e3o por uma an\u00e1lise documental<\/strong>, feita por uma comiss\u00e3o formada majoritariamente por pessoas ind\u00edgenas.<\/p>\n\n\n\n<p>Ser\u00e3o exigidos documentos oficiais que comprovem o pertencimento \u00e9tnico, como declara\u00e7\u00e3o de comunidade reconhecida ou registros de \u00f3rg\u00e3os p\u00fablicos ligados \u00e0 pauta ind\u00edgena<\/p>\n\n\n\n<p>Candidatos&nbsp;<strong>quilombolas dever\u00e3o apresentar documentos que comprovem o v\u00ednculo com comunidades&nbsp;<\/strong>reconhecidas pelo Estado, seguindo regras semelhantes \u00e0 adotada para ind\u00edgenas, com an\u00e1lise por uma comiss\u00e3o espec\u00edfica.<\/p>\n\n\n\n<p>Por fim,&nbsp;<strong>os candidatos que se declararam com defici\u00eancia<\/strong>&nbsp;dever\u00e3o passar por uma per\u00edcia m\u00e9dica (avalia\u00e7\u00e3o biopsicossocial), que inclui a an\u00e1lise da documenta\u00e7\u00e3o enviada durante a inscri\u00e7\u00e3o. Esses candidatos ser\u00e3o avaliados por uma equipe multiprofissional e interdisciplinar, que poder\u00e1 solicitar a presen\u00e7a f\u00edsica ou realizar avalia\u00e7\u00e3o complementar por telemedicina.<\/p>\n\n\n\n<p>A equipe ser\u00e1 respons\u00e1vel por emitir parecer conclusivo sobre o enquadramento da defici\u00eancia conforme a legisla\u00e7\u00e3o.&nbsp;<strong>Ser\u00e3o avaliados:<\/strong><\/p>\n\n\n\n<ul class=\"wp-block-list\">\n<li>Tipo e grau da defici\u00eancia;<\/li>\n\n\n\n<li>Compatibilidade com as atribui\u00e7\u00f5es do cargo;<\/li>\n\n\n\n<li>Possibilidade de uso de tecnologias assistivas.<\/li>\n<\/ul>\n\n\n\n<p>Se a condi\u00e7\u00e3o n\u00e3o for confirmada, o candidato perde o direito \u00e0 cota, mas&nbsp;<strong>poder\u00e1 permanecer na lista de ampla concorr\u00eancia, caso tenha nota suficiente.<\/strong><\/p>\n\n\n\n<p>Os resultados preliminares dessas verifica\u00e7\u00f5es ser\u00e3o divulgados em 15 de janeiro de 2026. O prazo para recursos ser\u00e1 de 16 a 19 de janeiro, e as decis\u00f5es finais ser\u00e3o publicadas em 18 de fevereiro de 2026.<\/p>\n\n\n\n<h2 class=\"wp-block-heading\"><strong>\u27a1\ufe0f Como ser\u00e1 feita a Avalia\u00e7\u00e3o de T\u00edtulos?<\/strong><\/h2>\n\n\n\n<p>A&nbsp;Avalia\u00e7\u00e3o de T\u00edtulos ser\u00e1 classificat\u00f3ria&nbsp;e poder\u00e1 acrescentar at\u00e9 dois pontos para cargos de n\u00edvel intermedi\u00e1rio e at\u00e9 cinco pontos para cargos de n\u00edvel superior.&nbsp;<strong>O envio dos documentos deve ser feito entre 13 e 19 de novembro<\/strong>, exclusivamente pelo site oficial do concurso.<\/p>\n\n\n\n<p>Os candidatos devem digitalizar e enviar certificados, diplomas e comprovantes de experi\u00eancia profissional dentro do prazo, seguindo os formatos e limites de tamanho exigidos.<\/p>\n\n\n\n<p>Os t\u00edtulos devem ser enviados em formato digital \u2014 imagem do documento original ou c\u00f3pia autenticada, frente e verso \u2014 nos formatos JPG, JPEG, PNG ou PDF, com tamanho m\u00e1ximo de 5 MB por arquivo.&nbsp;<strong>Ser\u00e3o aceitos os seguintes documentos:<\/strong><\/p>\n\n\n\n<ol class=\"wp-block-list\">\n<li>Diplomas, certificados ou declara\u00e7\u00f5es de conclus\u00e3o de cursos (em papel timbrado da institui\u00e7\u00e3o, com data de conclus\u00e3o, carga hor\u00e1ria e aprova\u00e7\u00e3o da banca);<\/li>\n\n\n\n<li>Para p\u00f3s-gradua\u00e7\u00e3o, \u00e9 necess\u00e1rio incluir o hist\u00f3rico escolar junto \u00e0 declara\u00e7\u00e3o;<\/li>\n\n\n\n<li>T\u00edtulos obtidos no exterior devem estar reconhecidos por institui\u00e7\u00f5es brasileiras e traduzidos por tradutor juramentado, se estiverem em l\u00edngua estrangeira.<\/li>\n<\/ol>\n\n\n\n<p>Cada t\u00edtulo ser\u00e1 analisado pela comiss\u00e3o, que verificar\u00e1 sua autenticidade e relev\u00e2ncia, atribuindo pontos conforme os crit\u00e9rios do edital. A soma dos pontos definir\u00e1 a nota final nesta etapa. O resultado ser\u00e1 publicado no sistema, com possibilidade de recurso em caso de diverg\u00eancia.<\/p>\n\n\n\n<p>Durante o envio dos documentos,&nbsp;<strong>o candidato deve observar algumas orienta\u00e7\u00f5es importantes:<\/strong><\/p>\n\n\n\n<ul class=\"wp-block-list\">\n<li>T\u00edtulos exigidos como requisito b\u00e1sico para o cargo\u00a0<strong>n\u00e3o ser\u00e3o pontuados<\/strong>;<\/li>\n\n\n\n<li>Cada t\u00edtulo ser\u00e1 considerado\u00a0<strong>apenas uma vez<\/strong>;<\/li>\n\n\n\n<li>O envio fora do prazo ou por outro meio que n\u00e3o o sistema online\u00a0<strong>ser\u00e1 desconsiderado<\/strong>;<\/li>\n\n\n\n<li>A aus\u00eancia de envio de t\u00edtulos n\u00e3o elimina o candidato, mas resultar\u00e1 em\u00a0<strong>nota zero nesta etapa<\/strong>.<\/li>\n<\/ul>\n\n\n\n<p>O resultado preliminar ser\u00e1 divulgado em 8 de janeiro de 2026, com prazo para recursos entre 9 e 12 de janeiro. O resultado definitivo est\u00e1 previsto para 18 de fevereiro de 2026.<\/p>\n\n\n\n<h2 class=\"wp-block-heading\">\ud83d\udcc6 Confira o cronograma oficial<\/h2>\n\n\n\n<ul class=\"wp-block-list\">\n<li><strong>Disponibiliza\u00e7\u00e3o da imagem do cart\u00e3o de respostas:<\/strong>\u00a012\/11\/2025<\/li>\n\n\n\n<li><strong>Convoca\u00e7\u00e3o para prova discursiva:<\/strong>\u00a012\/11\/2025<\/li>\n\n\n\n<li><strong>Convoca\u00e7\u00e3o para confirma\u00e7\u00e3o de cotas e PcD:<\/strong>\u00a012\/11\/2025<\/li>\n\n\n\n<li><strong>Convoca\u00e7\u00e3o para a avalia\u00e7\u00e3o de t\u00edtulos:\u00a0<\/strong>12\/11\/2025<\/li>\n\n\n\n<li><strong>Envio de t\u00edtulos:\u00a0<\/strong>de 13 a 19\/11\/2025<\/li>\n\n\n\n<li><strong>Cart\u00e3o de confirma\u00e7\u00e3o de inscri\u00e7\u00e3o para prova discursiva:<\/strong>\u00a01\/12\/2025<\/li>\n\n\n\n<li><strong>Prova discursiva (para habilitados na 1\u00aa fase):<\/strong>\u00a07\/12\/2025<\/li>\n\n\n\n<li><strong>Procedimentos de confirma\u00e7\u00e3o de cotas:<\/strong>\u00a0de 8 a 17\/12\/2025<\/li>\n\n\n\n<li><strong>Resultado preliminar da avalia\u00e7\u00e3o de t\u00edtulos:\u00a0<\/strong>2\/1\/2026<\/li>\n\n\n\n<li><strong>Divulga\u00e7\u00e3o da nota preliminar da prova discursiva:<\/strong>\u00a06\/1\/2026<\/li>\n\n\n\n<li><strong>Pedidos de revis\u00e3o das notas da discursiva:<\/strong>\u00a0de 7 a 8\/1\/2026<\/li>\n\n\n\n<li><strong>Divulga\u00e7\u00e3o da 1\u00aa lista de classifica\u00e7\u00e3o:<\/strong>\u00a030\/1\/2026<\/li>\n<\/ul>\n\n\n\n<p class=\"bs-intro\">FONTE: G1<\/p>\n\n\n\n<ul class=\"wp-block-social-links has-icon-color is-style-logos-only is-vertical is-layout-flex wp-container-core-social-links-is-layout-8cf370e7 wp-block-social-links-is-layout-flex\"><li style=\"color:#0693e3;\" class=\"wp-social-link wp-social-link-whatsapp has-vivid-cyan-blue-color wp-block-social-link\"><a href=\"https:\/\/wa.me\/\/75991238048\" class=\"wp-block-social-link-anchor\"><svg width=\"24\" height=\"24\" viewBox=\"0 0 24 24\" version=\"1.1\" xmlns=\"http:\/\/www.w3.org\/2000\/svg\" aria-hidden=\"true\" focusable=\"false\"><path d=\"M 12.011719 2 C 6.5057187 2 2.0234844 6.478375 2.0214844 11.984375 C 2.0204844 13.744375 2.4814687 15.462563 3.3554688 16.976562 L 2 22 L 7.2324219 20.763672 C 8.6914219 21.559672 10.333859 21.977516 12.005859 21.978516 L 12.009766 21.978516 C 17.514766 21.978516 21.995047 17.499141 21.998047 11.994141 C 22.000047 9.3251406 20.962172 6.8157344 19.076172 4.9277344 C 17.190172 3.0407344 14.683719 2.001 12.011719 2 z M 12.009766 4 C 14.145766 4.001 16.153109 4.8337969 17.662109 6.3417969 C 19.171109 7.8517969 20.000047 9.8581875 19.998047 11.992188 C 19.996047 16.396187 16.413812 19.978516 12.007812 19.978516 C 10.674812 19.977516 9.3544062 19.642812 8.1914062 19.007812 L 7.5175781 18.640625 L 6.7734375 18.816406 L 4.8046875 19.28125 L 5.2851562 17.496094 L 5.5019531 16.695312 L 5.0878906 15.976562 C 4.3898906 14.768562 4.0204844 13.387375 4.0214844 11.984375 C 4.0234844 7.582375 7.6067656 4 12.009766 4 z M 8.4765625 7.375 C 8.3095625 7.375 8.0395469 7.4375 7.8105469 7.6875 C 7.5815469 7.9365 6.9355469 8.5395781 6.9355469 9.7675781 C 6.9355469 10.995578 7.8300781 12.182609 7.9550781 12.349609 C 8.0790781 12.515609 9.68175 15.115234 12.21875 16.115234 C 14.32675 16.946234 14.754891 16.782234 15.212891 16.740234 C 15.670891 16.699234 16.690438 16.137687 16.898438 15.554688 C 17.106437 14.971687 17.106922 14.470187 17.044922 14.367188 C 16.982922 14.263188 16.816406 14.201172 16.566406 14.076172 C 16.317406 13.951172 15.090328 13.348625 14.861328 13.265625 C 14.632328 13.182625 14.464828 13.140625 14.298828 13.390625 C 14.132828 13.640625 13.655766 14.201187 13.509766 14.367188 C 13.363766 14.534188 13.21875 14.556641 12.96875 14.431641 C 12.71875 14.305641 11.914938 14.041406 10.960938 13.191406 C 10.218937 12.530406 9.7182656 11.714844 9.5722656 11.464844 C 9.4272656 11.215844 9.5585938 11.079078 9.6835938 10.955078 C 9.7955938 10.843078 9.9316406 10.663578 10.056641 10.517578 C 10.180641 10.371578 10.223641 10.267562 10.306641 10.101562 C 10.389641 9.9355625 10.347156 9.7890625 10.285156 9.6640625 C 10.223156 9.5390625 9.737625 8.3065 9.515625 7.8125 C 9.328625 7.3975 9.131125 7.3878594 8.953125 7.3808594 C 8.808125 7.3748594 8.6425625 7.375 8.4765625 7.375 z\"><\/path><\/svg><span class=\"wp-block-social-link-label screen-reader-text\">WhatsApp<\/span><\/a><\/li>\n\n<li style=\"color:#0693e3;\" class=\"wp-social-link wp-social-link-instagram has-vivid-cyan-blue-color wp-block-social-link\"><a href=\"https:\/\/www.instagram.com\/radiosisal97.3\/profilecard\/?igsh=MWo1azd5aXNvN2hmcQ==\" class=\"wp-block-social-link-anchor\"><svg width=\"24\" height=\"24\" viewBox=\"0 0 24 24\" version=\"1.1\" xmlns=\"http:\/\/www.w3.org\/2000\/svg\" aria-hidden=\"true\" focusable=\"false\"><path d=\"M12,4.622c2.403,0,2.688,0.009,3.637,0.052c0.877,0.04,1.354,0.187,1.671,0.31c0.42,0.163,0.72,0.358,1.035,0.673 c0.315,0.315,0.51,0.615,0.673,1.035c0.123,0.317,0.27,0.794,0.31,1.671c0.043,0.949,0.052,1.234,0.052,3.637 s-0.009,2.688-0.052,3.637c-0.04,0.877-0.187,1.354-0.31,1.671c-0.163,0.42-0.358,0.72-0.673,1.035 c-0.315,0.315-0.615,0.51-1.035,0.673c-0.317,0.123-0.794,0.27-1.671,0.31c-0.949,0.043-1.233,0.052-3.637,0.052 s-2.688-0.009-3.637-0.052c-0.877-0.04-1.354-0.187-1.671-0.31c-0.42-0.163-0.72-0.358-1.035-0.673 c-0.315-0.315-0.51-0.615-0.673-1.035c-0.123-0.317-0.27-0.794-0.31-1.671C4.631,14.688,4.622,14.403,4.622,12 s0.009-2.688,0.052-3.637c0.04-0.877,0.187-1.354,0.31-1.671c0.163-0.42,0.358-0.72,0.673-1.035 c0.315-0.315,0.615-0.51,1.035-0.673c0.317-0.123,0.794-0.27,1.671-0.31C9.312,4.631,9.597,4.622,12,4.622 M12,3 C9.556,3,9.249,3.01,8.289,3.054C7.331,3.098,6.677,3.25,6.105,3.472C5.513,3.702,5.011,4.01,4.511,4.511 c-0.5,0.5-0.808,1.002-1.038,1.594C3.25,6.677,3.098,7.331,3.054,8.289C3.01,9.249,3,9.556,3,12c0,2.444,0.01,2.751,0.054,3.711 c0.044,0.958,0.196,1.612,0.418,2.185c0.23,0.592,0.538,1.094,1.038,1.594c0.5,0.5,1.002,0.808,1.594,1.038 c0.572,0.222,1.227,0.375,2.185,0.418C9.249,20.99,9.556,21,12,21s2.751-0.01,3.711-0.054c0.958-0.044,1.612-0.196,2.185-0.418 c0.592-0.23,1.094-0.538,1.594-1.038c0.5-0.5,0.808-1.002,1.038-1.594c0.222-0.572,0.375-1.227,0.418-2.185 C20.99,14.751,21,14.444,21,12s-0.01-2.751-0.054-3.711c-0.044-0.958-0.196-1.612-0.418-2.185c-0.23-0.592-0.538-1.094-1.038-1.594 c-0.5-0.5-1.002-0.808-1.594-1.038c-0.572-0.222-1.227-0.375-2.185-0.418C14.751,3.01,14.444,3,12,3L12,3z M12,7.378 c-2.552,0-4.622,2.069-4.622,4.622S9.448,16.622,12,16.622s4.622-2.069,4.622-4.622S14.552,7.378,12,7.378z M12,15 c-1.657,0-3-1.343-3-3s1.343-3,3-3s3,1.343,3,3S13.657,15,12,15z M16.804,6.116c-0.596,0-1.08,0.484-1.08,1.08 s0.484,1.08,1.08,1.08c0.596,0,1.08-0.484,1.08-1.08S17.401,6.116,16.804,6.116z\"><\/path><\/svg><span class=\"wp-block-social-link-label screen-reader-text\">Instagram<\/span><\/a><\/li>\n\n<li style=\"color:#0693e3;\" class=\"wp-social-link wp-social-link-facebook has-vivid-cyan-blue-color wp-block-social-link\"><a href=\"https:\/\/www.facebook.com\/share\/1A7WveK9ft\/?mibextid=wwXIfr\" class=\"wp-block-social-link-anchor\"><svg width=\"24\" height=\"24\" viewBox=\"0 0 24 24\" version=\"1.1\" xmlns=\"http:\/\/www.w3.org\/2000\/svg\" aria-hidden=\"true\" focusable=\"false\"><path d=\"M12 2C6.5 2 2 6.5 2 12c0 5 3.7 9.1 8.4 9.9v-7H7.9V12h2.5V9.8c0-2.5 1.5-3.9 3.8-3.9 1.1 0 2.2.2 2.2.2v2.5h-1.3c-1.2 0-1.6.8-1.6 1.6V12h2.8l-.4 2.9h-2.3v7C18.3 21.1 22 17 22 12c0-5.5-4.5-10-10-10z\"><\/path><\/svg><span class=\"wp-block-social-link-label screen-reader-text\">Facebook<\/span><\/a><\/li><\/ul>\n","protected":false},"excerpt":{"rendered":"<p>Resultado das provas objetivas define quem segue para a etapa discursiva em dezembro; candidatos tamb\u00e9m ser\u00e3o chamados para envio de t\u00edtulos e verifica\u00e7\u00e3o de cotas. O governo federal vai divulgar, a partir das 10h desta quarta-feira (12), as notas finais das provas objetivas do Concurso Nacional Unificado (CNU), apelidado de&nbsp;\u201cEnem dos concursos\u201d. Essa \u00e9 a [&hellip;]<\/p>\n","protected":false},"author":2,"featured_media":10300,"comment_status":"open","ping_status":"open","sticky":false,"template":"","format":"standard","meta":{"footnotes":""},"categories":[1],"tags":[],"class_list":["post-10299","post","type-post","status-publish","format-standard","has-post-thumbnail","hentry","category-geral"],"jetpack_sharing_enabled":true,"jetpack_featured_media_url":"https:\/\/i0.wp.com\/radiosisal.com\/br\/wp-content\/uploads\/2025\/11\/Imagem-do-WhatsApp-de-2025-11-12-as-07.22.11_4bff3681.jpg?fit=984%2C555&ssl=1","_links":{"self":[{"href":"https:\/\/radiosisal.com\/br\/wp-json\/wp\/v2\/posts\/10299","targetHints":{"allow":["GET"]}}],"collection":[{"href":"https:\/\/radiosisal.com\/br\/wp-json\/wp\/v2\/posts"}],"about":[{"href":"https:\/\/radiosisal.com\/br\/wp-json\/wp\/v2\/types\/post"}],"author":[{"embeddable":true,"href":"https:\/\/radiosisal.com\/br\/wp-json\/wp\/v2\/users\/2"}],"replies":[{"embeddable":true,"href":"https:\/\/radiosisal.com\/br\/wp-json\/wp\/v2\/comments?post=10299"}],"version-history":[{"count":1,"href":"https:\/\/radiosisal.com\/br\/wp-json\/wp\/v2\/posts\/10299\/revisions"}],"predecessor-version":[{"id":10301,"href":"https:\/\/radiosisal.com\/br\/wp-json\/wp\/v2\/posts\/10299\/revisions\/10301"}],"wp:featuredmedia":[{"embeddable":true,"href":"https:\/\/radiosisal.com\/br\/wp-json\/wp\/v2\/media\/10300"}],"wp:attachment":[{"href":"https:\/\/radiosisal.com\/br\/wp-json\/wp\/v2\/media?parent=10299"}],"wp:term":[{"taxonomy":"category","embeddable":true,"href":"https:\/\/radiosisal.com\/br\/wp-json\/wp\/v2\/categories?post=10299"},{"taxonomy":"post_tag","embeddable":true,"href":"https:\/\/radiosisal.com\/br\/wp-json\/wp\/v2\/tags?post=10299"}],"curies":[{"name":"wp","href":"https:\/\/api.w.org\/{rel}","templated":true}]}}