{"id":10349,"date":"2025-11-17T10:27:17","date_gmt":"2025-11-17T10:27:17","guid":{"rendered":"https:\/\/radiosisal.com\/br\/?p=10349"},"modified":"2025-11-17T10:27:19","modified_gmt":"2025-11-17T10:27:19","slug":"pre-diabetes-ja-e-doenca-entenda-os-riscos-reais-e-como-evitar-o-diabetes-tipo-2","status":"publish","type":"post","link":"https:\/\/radiosisal.com\/br\/2025\/11\/17\/pre-diabetes-ja-e-doenca-entenda-os-riscos-reais-e-como-evitar-o-diabetes-tipo-2\/","title":{"rendered":"PR\u00c9-DIABETES J\u00c1 \u00c9 DOEN\u00c7A: ENTENDA OS RISCOS REAIS E COMO EVITAR O DIABETES TIPO 2"},"content":{"rendered":"\n<p><\/p>\n\n\n\n<p>Mais de 30 milh\u00f5es de brasileiros vivem com pr\u00e9-diabetes, aponta federa\u00e7\u00e3o internacional.<\/p>\n\n\n\n<p>H\u00e1 oito anos, a professora Rog\u00e9ria Sousa, 58, passou por um susto daqueles. Estava dando aula quando come\u00e7ou a passar mal e precisou ser levada para a emerg\u00eancia. A glicemia estava em 230 mg\/dL, muito acima da quantidade normal de glicose no sangue quando n\u00e3o se est\u00e1 em jejum, que \u00e9 de at\u00e9 140 mg\/dL. N\u00e3o demorou para descobrir o problema: tinha desenvolvido diabetes.<\/p>\n\n\n\n<p>\u201cFoi uma mistura de sentimentos. Porque quando se falava em diabetes, a primeira coisa que vinha na minha cabe\u00e7a era amputa\u00e7\u00e3o de membros. Ent\u00e3o foi um baque, a cabe\u00e7a deu um n\u00f3\u201d, relembra.<\/p>\n\n\n\n<p id=\"paragrafo-17dzrvcxi5\">A professora foi pega de surpresa pelo diagn\u00f3stico, sobretudo porque nunca percebeu ou foi notificada pelos m\u00e9dicos sobre sinais da doen\u00e7a. \u201cQuando eu descobri, j\u00e1 estava diab\u00e9tica. N\u00e3o teve \u2018pr\u00e9\u2019\u201d, conta. Ela n\u00e3o \u00e9 a \u00fanica. Em todo o Brasil, 30 milh\u00f5es de pessoas vivem com pr\u00e9-diabetes, mas apenas uma em cada nove pessoas sabe que tem essa condi\u00e7\u00e3o, de acordo com o Atlas da Diabetes da Federa\u00e7\u00e3o Internacional de Diabetes (IDF, na sigla em ingl\u00eas).<\/p>\n\n\n\n<p id=\"paragrafo-nmxqaqgnbj\">\u201cNingu\u00e9m dorme n\u00e3o-diab\u00e9tico e acorda diab\u00e9tico. Ent\u00e3o, a gente tem um per\u00edodo e esse per\u00edodo vai variar de pessoa para pessoa, mas quando a gente faz um diagn\u00f3stico de diabetes, isso significa que h\u00e1 uns cinco anos antes a fun\u00e7\u00e3o da minha c\u00e9lula beta, que \u00e9 a c\u00e9lula que produz insulina, j\u00e1 n\u00e3o est\u00e1 respondendo normal\u201d, diz a endocrinologista Denise Denise Franco,&nbsp;endocrinologista e especialista em tecnologia no tratamento do diabetes,&nbsp;membro da Sociedade Brasileira de Diabetes (SBD).<\/p>\n\n\n\n<p id=\"paragrafo-aptna70ntu\">A fala de Denise aconteceu em um encontro realizado pela empresa farmac\u00eautica Merck Healthcare em S\u00e3o Paulo, no \u00faltimo dia 6, para conscientizar sobre o pr\u00e9-diabetes. Na reuni\u00e3o com a imprensa, profissionais da \u00e1rea exibiram em primeira m\u00e3o os dados recentemente apresentados no Congresso da Associa\u00e7\u00e3o Europeia para o Estudo do Diabetes (EASD) 2025. Al\u00e9m da endocrinologista, a roda de conversa teve a participa\u00e7\u00e3o de Roberta Brito, gerente m\u00e9dica para diabetes e obesidade da Merck, e media\u00e7\u00e3o da m\u00e9dica e apresentadora Thelma Assis.<\/p>\n\n\n\n<p id=\"paragrafo-ell0u7eckf\">Silencioso, o pr\u00e9-diabetes precede o diabetes tipo 2, que concentra cerca de 90% das pessoas que t\u00eam a doen\u00e7a. Consiste numa condi\u00e7\u00e3o em que os n\u00edveis de glicose est\u00e3o acima do normal, mas ainda n\u00e3o s\u00e3o altos o suficiente para caracterizar o diabetes. \u00c9 a fase em que o diagn\u00f3stico ainda pode ser revertido, atrav\u00e9s da mudan\u00e7a de estilo de vida: adotar uma alimenta\u00e7\u00e3o mais saud\u00e1vel, praticar exerc\u00edcios regularmente e, em alguns casos, passar a tomar alguns medicamentos \u2013 tudo isso, claro, com acompanhamento m\u00e9dico.<\/p>\n\n\n\n<p id=\"paragrafo-yztpr3ia5b\">\u201cO paciente precisa se exercitar, precisa se alimentar bem, precisa evitar a\u00e7\u00facares, massas, gorduras, controlar o consumo de bebidas alco\u00f3licas. Mas isso n\u00e3o significa que a pessoa com diabetes perdeu o sentido da vida. N\u00e3o, de forma nenhuma. Uma pessoa diab\u00e9tica pode ter uma vida absolutamente normal. Ela s\u00f3 precisa controlar o diabetes de forma eficaz\u201d, afirma a endocrinologista Reine Marie Chaves, diretora fundadora do Centro de Diabetes e Endocrinologia da Bahia (Cedeba).<\/p>\n\n\n\n<p id=\"paragrafo-xaa7urmuol\">Algumas altera\u00e7\u00f5es alarmantes e caracter\u00edsticas do diabetes j\u00e1 come\u00e7am nessa etapa, como mudan\u00e7as no organismo que levam a eventos cardiovasculares, disglicemia e estresse oxidativo, al\u00e9m de problemas como doen\u00e7a cerebrovascular, nefropatia e retinopatia.<\/p>\n\n\n\n<p id=\"paragrafo-fy2xeogjfr\">Por isso, apesar do prefixo, \u00e9 preciso ter em mente que pr\u00e9-diabetes n\u00e3o \u00e9 \u201cpr\u00e9-doen\u00e7a\u201d, refor\u00e7a Roberta Brito. O termo, criado em 1997 pelo Report of the Expert Committee on the Diagnosis and Classification of Diabetes, tinha a inten\u00e7\u00e3o de alertar m\u00e9dicos e pacientes e fazer com que mudassem h\u00e1bitos para estabelecer estrat\u00e9gias de controle. Com o tempo, por\u00e9m, acabou se transformando numa esp\u00e9cie de mensagem tranquilizadora, como se ainda n\u00e3o fosse necess\u00e1rio se preocupar.<\/p>\n\n\n\n<p id=\"paragrafo-w1avuso5x5\">\u201cSe o \u2018pr\u00e9\u2019 \u00e9 para preparar algu\u00e9m, eu n\u00e3o quero me preparar para ter diabetes tipo 2. Ent\u00e3o o nome est\u00e1 errado. Tem uma frente importante das sociedades m\u00e9dicas tentando mudar isso, mas o que \u00e9 importante mostrar \u00e9 que esse tal pr\u00e9-diabetes j\u00e1 \u00e9 uma doen\u00e7a, \u00e9 o in\u00edcio do Diabetes Mellitus tipo 2. Porque ela j\u00e1 traz com ela um aumento importante de [risco de] alguns tipos de c\u00e2ncer, em 15%. Em 20% o risco cardiovascular \u2013 ou seja, eu tenho uma chance muito aumentada de ter um infarto agudo ou um AVC \u2013, e em 67% o risco de problemas renais\u201d, diz a gerente m\u00e9dica.<\/p>\n\n\n\n<p id=\"paragrafo-sg8pofri7l\">Este ano, estudos demonstraram pela primeira vez que normalizar a glicemia em pacientes com pr\u00e9-diabetes, alcan\u00e7ando a remiss\u00e3o (normoglicemia), pode reduzir em mais de 50% o risco de morte cardiovascular ou hospitaliza\u00e7\u00e3o por insufici\u00eancia card\u00edaca e em mais de 40% o risco de mortalidade por todas as causas.<\/p>\n\n\n\n<p id=\"paragrafo-tr9t40qc4q\">Hoje, para evitar consequ\u00eancias, a professora Rog\u00e9ria Sousa leva a vida da forma mais saud\u00e1vel poss\u00edvel. Cuida da alimenta\u00e7\u00e3o, faz exerc\u00edcios e vive bem, ainda que a doen\u00e7a venha com desafios. Se pudesse voltar no tempo, por\u00e9m, faria de tudo para descobrir no &#8216;pr\u00e9&#8217; e reverter a situa\u00e7\u00e3o.<\/p>\n\n\n\n<p id=\"paragrafo-5vwkdp6j2c\">&#8220;O que me mata, meu amor, \u00e9 aquela torta linda, maravilhosa, olhando para mim e eu n\u00e3o poder comer&#8221;, diz, bem-humorada. &#8220;Mas, quando voc\u00ea vai no hospital, quando voc\u00ea passa mal de verdade e v\u00ea aquele fio de vida se indo e tem esperan\u00e7a de ficar bem fazendo o que os m\u00e9dicos mandam corretamente, aquilo ali n\u00e3o \u00e9 nada.&#8221;<\/p>\n\n\n\n<h2 class=\"wp-block-heading\" id=\"intertitulo-turw4vs33w\">Antes que vire<\/h2>\n\n\n\n<p id=\"paragrafo-jtdyk82ygb\">S\u00f3 entre janeiro e outubro deste ano, 4.530 pessoas morreram por diabetes na Bahia, conforme informa\u00e7\u00f5es da Secretaria de Sa\u00fade do Estado (Sesab). Atualmente, o Cedeba tem mais de 100 mil pacientes cadastrados em todos os 417 munic\u00edpios, sendo 60% pessoas com diabetes, segundo a diretora fundadora Reine Marie Chaves.<\/p>\n\n\n\n<p id=\"paragrafo-sn31r074u6\">\u201cO Cedeba \u00e9 um centro de refer\u00eancia de m\u00e9dia complexidade, ent\u00e3o atende pacientes referenciados da aten\u00e7\u00e3o b\u00e1sica de sa\u00fade. Infelizmente, com a demanda da popula\u00e7\u00e3o crescente de casos de diabetes, a gente n\u00e3o tem como atender toda a popula\u00e7\u00e3o diab\u00e9tica da Bahia. Portanto, nessa situa\u00e7\u00e3o, n\u00f3s treinamos e capacitamos profissionais da aten\u00e7\u00e3o b\u00e1sica para o atendimento ao diabetes e os qualificamos para responder a essa parcela da popula\u00e7\u00e3o que pode ser controlada somente com atividade f\u00edsica, dieta e um comprimido oral\u201d, explica Reine. Quando a situa\u00e7\u00e3o \u00e9 mais complexa, os pacientes s\u00e3o encaminhados para consultas remotas, via telemedicina.<\/p>\n\n\n\n<p id=\"paragrafo-f5rvbrwz0c\">Em Salvador, de acordo com dados epidemiol\u00f3gicos da Sociedade Brasileira de Diabetes (SBD), a preval\u00eancia de diabetes \u00e9 de 7,9%, 0,6% acima da m\u00e9dia nacional.<\/p>\n\n\n\n<p id=\"paragrafo-xjfbrej5o3\">\u00c9 para reverter a situa\u00e7\u00e3o enquanto ainda h\u00e1 tempo \u2013 nos casos de diabetes tipo 2 \u2013 e evitar que vidas sejam perdidas devido a essa doen\u00e7a que existe o movimento \u201cAntes que vire\u201d. A iniciativa \u00e9 uma&nbsp;<\/p>\n\n\n\n<p>campanha<\/p>\n\n\n\n<p>&nbsp;de conscientiza\u00e7\u00e3o desenvolvida pela Merck em parceria com a SBD e a ADJ Diabetes Brasil.<\/p>\n\n\n\n<p id=\"paragrafo-kr7lcig4w5\">O objetivo \u00e9 atingir os milh\u00f5es de brasileiros que convivem com fatores de risco (obesidade e hist\u00f3rico familiar de diabetes, por exemplo), atrav\u00e9s da disponibiliza\u00e7\u00e3o de exames gratuitos e a\u00e7\u00f5es educacionais com profissionais de sa\u00fade.<\/p>\n\n\n\n<p id=\"paragrafo-28krk81h39\">\u201cA gente precisa educar a popula\u00e7\u00e3o e tamb\u00e9m fazer a educa\u00e7\u00e3o da classe m\u00e9dica. N\u00e3o \u00e9 todo m\u00e9dico que tem acesso a atualiza\u00e7\u00e3o de hoje. Essas pessoas est\u00e3o l\u00e1 na ponta trabalhando X horas por dia, que hora que eles v\u00e3o se atualizar? Eu acho que a ind\u00fastria cosm\u00e9tica tem uma obriga\u00e7\u00e3o de ajudar nessa educa\u00e7\u00e3o m\u00e9dica\u201d, defende Roberta Brito. \u201cMas o movimento tem algumas vertentes, e o grande alvo \u00e9 a popula\u00e7\u00e3o, porque a gente precisa empoderar essas pessoas para que elas entendam o que t\u00eam que fazer, antes que vire diabetes.\u201d<\/p>\n\n\n\n<h2 class=\"wp-block-heading\" id=\"intertitulo-m2hrok61wk\">Tire suas d\u00favidas sobre diabetes e pr\u00e9-diabetes<\/h2>\n\n\n\n<p id=\"paragrafo-rkof2heoxd\"><strong>Quais os tipos de diabetes?<\/strong><\/p>\n\n\n\n<p id=\"paragrafo-qdvuavzdia\">Existem diferentes tipos de diabetes. S\u00e3o eles:<\/p>\n\n\n\n<p id=\"paragrafo-gzzzn04tlo\">O Tipo 1, que aparece geralmente na inf\u00e2ncia ou na adolesc\u00eancia (mas tamb\u00e9m pode ser diagnosticado em adultos). Nesses casos, o sistema imunol\u00f3gico ataca equivocadamente as c\u00e9lulas beta, de forma que pouca ou nenhuma insulina \u00e9 liberada para o corpo e a glicose fica no sangue, em vez de ser usada como energia.<\/p>\n\n\n\n<p id=\"paragrafo-46lab50ca0\">O diabetes Tipo 2, desenvolvido quando o organismo n\u00e3o consegue usar adequadamente a insulina que produz ou n\u00e3o produz insulina suficiente para controlar a taxa de glicemia. Cerca de 90% das pessoas com diabetes t\u00eam o Tipo 2.<\/p>\n\n\n\n<p id=\"paragrafo-xut8egrxit\">O pr\u00e9-diabetes, em que os n\u00edveis de glicose est\u00e3o acima do normal, mas ainda n\u00e3o s\u00e3o altos o suficiente para caracterizar o diabetes tipo 2. Pode ser revertido atrav\u00e9s de mudan\u00e7as de estilo de vida.<\/p>\n\n\n\n<p id=\"paragrafo-fqj3byn7r4\">A diabetes gestacional, por sua vez, \u00e9 uma altera\u00e7\u00e3o glic\u00eamica que acontece durante a gesta\u00e7\u00e3o, per\u00edodo em que a mulher passa por mudan\u00e7as em seu equil\u00edbrio hormonal para permitir o desenvolvimento do feto. Nesse cen\u00e1rio, de acordo com a SBD, h\u00e1 risco para os dois, uma vez exp\u00f5e o beb\u00ea a grandes quantidades de glicose ainda no ambiente intra uterino, aumentando o risco de crescimento excessivo e, consequentemente, partos traum\u00e1ticos, hipoglicemia neonatal e at\u00e9 de obesidade e diabetes na vida adulta.<\/p>\n\n\n\n<p id=\"paragrafo-fyblba77i7\"><strong>Quem pode desenvolver pr\u00e9-diabetes?<\/strong><\/p>\n\n\n\n<p id=\"paragrafo-n35iibn7bx\">Pessoas acima de 35 anos ou que tenham menos de 35 anos, mas vivam com sobrepeso ou obesidade e mais um dos seguintes fatores:<\/p>\n\n\n\n<p id=\"paragrafo-rt4zs22myn\">&#8211; Sedentarismo;<\/p>\n\n\n\n<p id=\"paragrafo-oivvb15k9m\">&#8211; Hist\u00f3rico familiar de diabetes tipo 2 em parente de primeiro grau;<\/p>\n\n\n\n<p id=\"paragrafo-w5ijoztfau\">&#8211; Hist\u00f3rico de doen\u00e7a cardiovascular;<\/p>\n\n\n\n<p id=\"paragrafo-14z6lm4ub5\">&#8211; Hipertens\u00e3o arterial;<\/p>\n\n\n\n<p id=\"paragrafo-9amcb6sdko\">&#8211; Lipoprote\u00edna de alta densidade (HDL), o \u201ccolesterol bom\u201d, abaixo de 35 mg\/dL;<\/p>\n\n\n\n<p id=\"paragrafo-c7npgcegbr\">&#8211; Triglicer\u00eddeos acima de 250 mg\/dL;<\/p>\n\n\n\n<p id=\"paragrafo-e7ocnt4qh1\">&#8211; S\u00edndrome dos ov\u00e1rios polic\u00edsticos;<\/p>\n\n\n\n<p id=\"paragrafo-m03xpul7ak\">&#8211; Acantose nigricans (regi\u00e3o do pesco\u00e7o mais escurecida, com aspecto aveludado).<\/p>\n\n\n\n<p id=\"paragrafo-ifwv8p7bky\"><strong>Como saber se eu tenho pr\u00e9-diabetes?<\/strong><\/p>\n\n\n\n<p id=\"paragrafo-st9cwfv2ms\">Atrav\u00e9s do teste de glicemia, que pode ser feito em farm\u00e1cias. Se o resultado for uma glicemia entre 100 e 126 mg\/dL em jejum ou de 140 a 199 mg\/dL at\u00e9 duas horas depois de uma refei\u00e7\u00e3o, \u00e9 sinal de pr\u00e9-diabetes.<\/p>\n\n\n\n<p id=\"paragrafo-z3slb57nne\">\u201cNormalmente o indiv\u00edduo come\u00e7a a ficar pr\u00e9-diab\u00e9tico quando come\u00e7a a apresentar ganhos de peso e aumento da circunfer\u00eancia abdominal, principalmente naquelas pessoas que t\u00eam antecedentes familiares de diabetes. E a nossa grande preocupa\u00e7\u00e3o em diagnosticar de forma eficaz \u00e9 porque o indiv\u00edduo com pr\u00e9-diabetes que evolui para diabetes j\u00e1 apresenta maior risco no desenvolvimento de complica\u00e7\u00f5es da doen\u00e7a. E o pr\u00e9-diabetes pode passar totalmente assintom\u00e1tico\u201d, diz a endocrinologista Reine Marie Chaves.<\/p>\n\n\n\n<p id=\"paragrafo-fl4yk3gf7c\"><strong>Quais os principais fatores de risco e os sintomas do diabetes?<\/strong><\/p>\n\n\n\n<p id=\"paragrafo-eaccwoaqtx\">Os principais fatores de risco s\u00e3o idade acima de 45 anos, hist\u00f3rico familiar e sobrepeso e obesidade. A endocrinologista Sandra Lopes explica que n\u00e3o \u00e9 recomendado esperar os sintomas para fazer diagn\u00f3stico. Isso porque o Diabetes Mellitus pode ser assintom\u00e1tico por muito tempo. Apenas quando a glicemia est\u00e1 bastante aumentada o indiv\u00edduo sente uma vontade aumentada de urinar, perde peso e tem muita sede.<\/p>\n\n\n\n<p id=\"paragrafo-w1ccdfjk6n\"><strong>Como as pessoas que n\u00e3o nasceram com diabetes devem agir para se prevenir?<\/strong><\/p>\n\n\n\n<p id=\"paragrafo-apgkfukfkw\">O mais importante na preven\u00e7\u00e3o do diabetes \u00e9 ter uma vida saud\u00e1vel, praticar atividade f\u00edsica regularmente, ter uma alimenta\u00e7\u00e3o balanceada e manter um peso saud\u00e1vel, diz a m\u00e9dica Sandra Lopes.<\/p>\n\n\n\n<p id=\"paragrafo-477ueiq8qm\"><strong>Existem medicamentos que devem ser evitados por quem tem diabetes?<\/strong><\/p>\n\n\n\n<p id=\"paragrafo-k0cz60cnli\">H\u00e1 cuidados muito espec\u00edficos para quem tem diabetes, e um deles \u00e9 evitar certos medicamentos, aqueles que aumentam o n\u00edvel de glicose no sangue. Alguns exemplos s\u00e3o corticoides, antipsic\u00f3ticos e antidepressivos.<\/p>\n\n\n\n<p id=\"paragrafo-sn9rob59qi\">\u201cExistem muitas pessoas que t\u00eam dores articulares, dores nas pernas, e acham que devem e podem usar o corticoide porque d\u00e1 um al\u00edvio r\u00e1pido \u00e0 dor. Mas o problema \u00e9 que o corticoide, por exemplo, ele piora e muito o controle glic\u00eamico e deve ser evitado porque tem diabetes. Portanto, eu acho que o meu recado aqui para a popula\u00e7\u00e3o seria: se voc\u00ea tem familiar diab\u00e9tico, se voc\u00ea est\u00e1 aumentando de peso, se voc\u00ea aumentou a circunfer\u00eancia abdominal, aquela gordura localizada no abd\u00f4men, procure logo um profissional de sa\u00fade\u201d, afirma Reine Marie, diretora do Cedeba.<\/p>\n\n\n\n<p><\/p>\n\n\n\n<p class=\"bs-intro\">FONTE: <a href=\"https:\/\/www.correio24horas.com.br\/\">https:\/\/www.correio24horas.com.br\/<\/a><\/p>\n\n\n\n<ul class=\"wp-block-social-links has-icon-color is-style-logos-only is-vertical is-layout-flex wp-container-core-social-links-is-layout-8cf370e7 wp-block-social-links-is-layout-flex\"><li style=\"color:#0693e3;\" class=\"wp-social-link wp-social-link-whatsapp has-vivid-cyan-blue-color wp-block-social-link\"><a href=\"https:\/\/wa.me\/\/75991238048\" class=\"wp-block-social-link-anchor\"><svg width=\"24\" height=\"24\" viewBox=\"0 0 24 24\" version=\"1.1\" xmlns=\"http:\/\/www.w3.org\/2000\/svg\" aria-hidden=\"true\" focusable=\"false\"><path d=\"M 12.011719 2 C 6.5057187 2 2.0234844 6.478375 2.0214844 11.984375 C 2.0204844 13.744375 2.4814687 15.462563 3.3554688 16.976562 L 2 22 L 7.2324219 20.763672 C 8.6914219 21.559672 10.333859 21.977516 12.005859 21.978516 L 12.009766 21.978516 C 17.514766 21.978516 21.995047 17.499141 21.998047 11.994141 C 22.000047 9.3251406 20.962172 6.8157344 19.076172 4.9277344 C 17.190172 3.0407344 14.683719 2.001 12.011719 2 z M 12.009766 4 C 14.145766 4.001 16.153109 4.8337969 17.662109 6.3417969 C 19.171109 7.8517969 20.000047 9.8581875 19.998047 11.992188 C 19.996047 16.396187 16.413812 19.978516 12.007812 19.978516 C 10.674812 19.977516 9.3544062 19.642812 8.1914062 19.007812 L 7.5175781 18.640625 L 6.7734375 18.816406 L 4.8046875 19.28125 L 5.2851562 17.496094 L 5.5019531 16.695312 L 5.0878906 15.976562 C 4.3898906 14.768562 4.0204844 13.387375 4.0214844 11.984375 C 4.0234844 7.582375 7.6067656 4 12.009766 4 z M 8.4765625 7.375 C 8.3095625 7.375 8.0395469 7.4375 7.8105469 7.6875 C 7.5815469 7.9365 6.9355469 8.5395781 6.9355469 9.7675781 C 6.9355469 10.995578 7.8300781 12.182609 7.9550781 12.349609 C 8.0790781 12.515609 9.68175 15.115234 12.21875 16.115234 C 14.32675 16.946234 14.754891 16.782234 15.212891 16.740234 C 15.670891 16.699234 16.690438 16.137687 16.898438 15.554688 C 17.106437 14.971687 17.106922 14.470187 17.044922 14.367188 C 16.982922 14.263188 16.816406 14.201172 16.566406 14.076172 C 16.317406 13.951172 15.090328 13.348625 14.861328 13.265625 C 14.632328 13.182625 14.464828 13.140625 14.298828 13.390625 C 14.132828 13.640625 13.655766 14.201187 13.509766 14.367188 C 13.363766 14.534188 13.21875 14.556641 12.96875 14.431641 C 12.71875 14.305641 11.914938 14.041406 10.960938 13.191406 C 10.218937 12.530406 9.7182656 11.714844 9.5722656 11.464844 C 9.4272656 11.215844 9.5585938 11.079078 9.6835938 10.955078 C 9.7955938 10.843078 9.9316406 10.663578 10.056641 10.517578 C 10.180641 10.371578 10.223641 10.267562 10.306641 10.101562 C 10.389641 9.9355625 10.347156 9.7890625 10.285156 9.6640625 C 10.223156 9.5390625 9.737625 8.3065 9.515625 7.8125 C 9.328625 7.3975 9.131125 7.3878594 8.953125 7.3808594 C 8.808125 7.3748594 8.6425625 7.375 8.4765625 7.375 z\"><\/path><\/svg><span class=\"wp-block-social-link-label screen-reader-text\">WhatsApp<\/span><\/a><\/li>\n\n<li style=\"color:#0693e3;\" class=\"wp-social-link wp-social-link-instagram has-vivid-cyan-blue-color wp-block-social-link\"><a href=\"https:\/\/www.instagram.com\/radiosisal97.3\/profilecard\/?igsh=MWo1azd5aXNvN2hmcQ==\" class=\"wp-block-social-link-anchor\"><svg width=\"24\" height=\"24\" viewBox=\"0 0 24 24\" version=\"1.1\" xmlns=\"http:\/\/www.w3.org\/2000\/svg\" aria-hidden=\"true\" focusable=\"false\"><path d=\"M12,4.622c2.403,0,2.688,0.009,3.637,0.052c0.877,0.04,1.354,0.187,1.671,0.31c0.42,0.163,0.72,0.358,1.035,0.673 c0.315,0.315,0.51,0.615,0.673,1.035c0.123,0.317,0.27,0.794,0.31,1.671c0.043,0.949,0.052,1.234,0.052,3.637 s-0.009,2.688-0.052,3.637c-0.04,0.877-0.187,1.354-0.31,1.671c-0.163,0.42-0.358,0.72-0.673,1.035 c-0.315,0.315-0.615,0.51-1.035,0.673c-0.317,0.123-0.794,0.27-1.671,0.31c-0.949,0.043-1.233,0.052-3.637,0.052 s-2.688-0.009-3.637-0.052c-0.877-0.04-1.354-0.187-1.671-0.31c-0.42-0.163-0.72-0.358-1.035-0.673 c-0.315-0.315-0.51-0.615-0.673-1.035c-0.123-0.317-0.27-0.794-0.31-1.671C4.631,14.688,4.622,14.403,4.622,12 s0.009-2.688,0.052-3.637c0.04-0.877,0.187-1.354,0.31-1.671c0.163-0.42,0.358-0.72,0.673-1.035 c0.315-0.315,0.615-0.51,1.035-0.673c0.317-0.123,0.794-0.27,1.671-0.31C9.312,4.631,9.597,4.622,12,4.622 M12,3 C9.556,3,9.249,3.01,8.289,3.054C7.331,3.098,6.677,3.25,6.105,3.472C5.513,3.702,5.011,4.01,4.511,4.511 c-0.5,0.5-0.808,1.002-1.038,1.594C3.25,6.677,3.098,7.331,3.054,8.289C3.01,9.249,3,9.556,3,12c0,2.444,0.01,2.751,0.054,3.711 c0.044,0.958,0.196,1.612,0.418,2.185c0.23,0.592,0.538,1.094,1.038,1.594c0.5,0.5,1.002,0.808,1.594,1.038 c0.572,0.222,1.227,0.375,2.185,0.418C9.249,20.99,9.556,21,12,21s2.751-0.01,3.711-0.054c0.958-0.044,1.612-0.196,2.185-0.418 c0.592-0.23,1.094-0.538,1.594-1.038c0.5-0.5,0.808-1.002,1.038-1.594c0.222-0.572,0.375-1.227,0.418-2.185 C20.99,14.751,21,14.444,21,12s-0.01-2.751-0.054-3.711c-0.044-0.958-0.196-1.612-0.418-2.185c-0.23-0.592-0.538-1.094-1.038-1.594 c-0.5-0.5-1.002-0.808-1.594-1.038c-0.572-0.222-1.227-0.375-2.185-0.418C14.751,3.01,14.444,3,12,3L12,3z M12,7.378 c-2.552,0-4.622,2.069-4.622,4.622S9.448,16.622,12,16.622s4.622-2.069,4.622-4.622S14.552,7.378,12,7.378z M12,15 c-1.657,0-3-1.343-3-3s1.343-3,3-3s3,1.343,3,3S13.657,15,12,15z M16.804,6.116c-0.596,0-1.08,0.484-1.08,1.08 s0.484,1.08,1.08,1.08c0.596,0,1.08-0.484,1.08-1.08S17.401,6.116,16.804,6.116z\"><\/path><\/svg><span class=\"wp-block-social-link-label screen-reader-text\">Instagram<\/span><\/a><\/li>\n\n<li style=\"color:#0693e3;\" class=\"wp-social-link wp-social-link-facebook has-vivid-cyan-blue-color wp-block-social-link\"><a href=\"https:\/\/www.facebook.com\/share\/1A7WveK9ft\/?mibextid=wwXIfr\" class=\"wp-block-social-link-anchor\"><svg width=\"24\" height=\"24\" viewBox=\"0 0 24 24\" version=\"1.1\" xmlns=\"http:\/\/www.w3.org\/2000\/svg\" aria-hidden=\"true\" focusable=\"false\"><path d=\"M12 2C6.5 2 2 6.5 2 12c0 5 3.7 9.1 8.4 9.9v-7H7.9V12h2.5V9.8c0-2.5 1.5-3.9 3.8-3.9 1.1 0 2.2.2 2.2.2v2.5h-1.3c-1.2 0-1.6.8-1.6 1.6V12h2.8l-.4 2.9h-2.3v7C18.3 21.1 22 17 22 12c0-5.5-4.5-10-10-10z\"><\/path><\/svg><span class=\"wp-block-social-link-label screen-reader-text\">Facebook<\/span><\/a><\/li><\/ul>\n\n\n\n<p><\/p>\n","protected":false},"excerpt":{"rendered":"<p>Mais de 30 milh\u00f5es de brasileiros vivem com pr\u00e9-diabetes, aponta federa\u00e7\u00e3o internacional. H\u00e1 oito anos, a professora Rog\u00e9ria Sousa, 58, passou por um susto daqueles. Estava dando aula quando come\u00e7ou a passar mal e precisou ser levada para a emerg\u00eancia. A glicemia estava em 230 mg\/dL, muito acima da quantidade normal de glicose no sangue [&hellip;]<\/p>\n","protected":false},"author":2,"featured_media":10350,"comment_status":"open","ping_status":"open","sticky":false,"template":"","format":"standard","meta":{"footnotes":""},"categories":[1],"tags":[],"class_list":["post-10349","post","type-post","status-publish","format-standard","has-post-thumbnail","hentry","category-geral"],"jetpack_sharing_enabled":true,"jetpack_featured_media_url":"https:\/\/i0.wp.com\/radiosisal.com\/br\/wp-content\/uploads\/2025\/11\/diabetes-precisa-de-atencao-2838432-article.webp?fit=1200%2C800&ssl=1","_links":{"self":[{"href":"https:\/\/radiosisal.com\/br\/wp-json\/wp\/v2\/posts\/10349","targetHints":{"allow":["GET"]}}],"collection":[{"href":"https:\/\/radiosisal.com\/br\/wp-json\/wp\/v2\/posts"}],"about":[{"href":"https:\/\/radiosisal.com\/br\/wp-json\/wp\/v2\/types\/post"}],"author":[{"embeddable":true,"href":"https:\/\/radiosisal.com\/br\/wp-json\/wp\/v2\/users\/2"}],"replies":[{"embeddable":true,"href":"https:\/\/radiosisal.com\/br\/wp-json\/wp\/v2\/comments?post=10349"}],"version-history":[{"count":1,"href":"https:\/\/radiosisal.com\/br\/wp-json\/wp\/v2\/posts\/10349\/revisions"}],"predecessor-version":[{"id":10351,"href":"https:\/\/radiosisal.com\/br\/wp-json\/wp\/v2\/posts\/10349\/revisions\/10351"}],"wp:featuredmedia":[{"embeddable":true,"href":"https:\/\/radiosisal.com\/br\/wp-json\/wp\/v2\/media\/10350"}],"wp:attachment":[{"href":"https:\/\/radiosisal.com\/br\/wp-json\/wp\/v2\/media?parent=10349"}],"wp:term":[{"taxonomy":"category","embeddable":true,"href":"https:\/\/radiosisal.com\/br\/wp-json\/wp\/v2\/categories?post=10349"},{"taxonomy":"post_tag","embeddable":true,"href":"https:\/\/radiosisal.com\/br\/wp-json\/wp\/v2\/tags?post=10349"}],"curies":[{"name":"wp","href":"https:\/\/api.w.org\/{rel}","templated":true}]}}