{"id":10378,"date":"2025-11-19T10:21:21","date_gmt":"2025-11-19T10:21:21","guid":{"rendered":"https:\/\/radiosisal.com\/br\/?p=10378"},"modified":"2025-11-19T10:21:26","modified_gmt":"2025-11-19T10:21:26","slug":"bahia-tem-concursos-publicos-abertos-com-mais-de-900-vagas-e-salarios-que-podem-chegar-a-r-63-mil-confira-lista","status":"publish","type":"post","link":"https:\/\/radiosisal.com\/br\/2025\/11\/19\/bahia-tem-concursos-publicos-abertos-com-mais-de-900-vagas-e-salarios-que-podem-chegar-a-r-63-mil-confira-lista\/","title":{"rendered":"BAHIA TEM CONCURSOS P\u00daBLICOS ABERTOS COM MAIS DE 900 VAGAS E SAL\u00c1RIOS QUE PODEM CHEGAR A R$ 6,3 MIL; CONFIRA LISTA"},"content":{"rendered":"\n<p><\/p>\n\n\n\n<p>H\u00e1 oportunidades em Tapero\u00e1, Jequi\u00e9 e Itapetinga, entre outras cidades, em diferentes n\u00edveis de conhecimento.<\/p>\n\n\n\n<p>Pelo menos sete concursos p\u00fablicos est\u00e3o com inscri\u00e7\u00f5es abertas na Bahia. O n\u00famero de vagas passa de 900 e os sal\u00e1rios podem chegar a R$ 6,3 mil, dependendo da oportunidade.<\/p>\n\n\n\n<p>Entre as cidades com possibilidades, est\u00e3o&nbsp;<a class=\"\" href=\"https:\/\/g1.globo.com\/ba\/bahia\/cidade\/taperoa-ba\/\">Tapero\u00e1<\/a>,&nbsp;<a class=\"\" href=\"https:\/\/g1.globo.com\/ba\/bahia\/cidade\/jequie\/\">Jequi\u00e9<\/a>&nbsp;e&nbsp;<a class=\"\" href=\"https:\/\/g1.globo.com\/ba\/bahia\/cidade\/itapetinga\/\">Itapetinga<\/a>. As vagas atendem tamb\u00e9m a diferentes n\u00edveis de conhecimento, como superior, m\u00e9dio e fundamental.<\/p>\n\n\n\n<p>Os interessados devem acessar os editais de cada concurso e conferir os detalhes para se inscrever.&nbsp;<strong><em>(Confira a rela\u00e7\u00e3o abaixo com as principais informa\u00e7\u00f5es)<\/em><\/strong><\/p>\n\n\n\n<h2 class=\"wp-block-heading\">Prefeitura de Tapero\u00e1<\/h2>\n\n\n\n<ul class=\"wp-block-list\">\n<li>Inscri\u00e7\u00f5es:\u00a0<a class=\"\" href=\"https:\/\/g1.globo.com\/ba\/bahia\/blogdoemprego\/noticia\/2025\/11\/17\/prefeitura-na-bahia-concurso.ghtml\">at\u00e9 7 de dezembro<\/a><\/li>\n\n\n\n<li>370 vagas<\/li>\n\n\n\n<li>N\u00edveis: superior, m\u00e9dio t\u00e9cnico, m\u00e9dio e fundamental<\/li>\n\n\n\n<li>Sal\u00e1rios: at\u00e9 R$ 3,7 mil<\/li>\n\n\n\n<li><a class=\"\" href=\"https:\/\/concepcaoconsultoria.com.br\/Arquivos\/Arquivo\/112025\/Retifica%C3%A7%C3%A3o%2001%20do%20Edital%2001-2025%20-%20Concurso%20Publico%20D.O.pdf\" target=\"_blank\" rel=\"noreferrer noopener\">Veja edital<\/a><\/li>\n<\/ul>\n\n\n\n<h2 class=\"wp-block-heading\">Prefeitura de Jequi\u00e9<\/h2>\n\n\n\n<ul class=\"wp-block-list\">\n<li>Inscri\u00e7\u00f5es:\u00a0<a class=\"\" href=\"https:\/\/concurso.idib.org.br\/\" target=\"_blank\" rel=\"noreferrer noopener\">at\u00e9 4 de dezembro<\/a><\/li>\n\n\n\n<li>208 vagas<\/li>\n\n\n\n<li>N\u00edveis: m\u00e9dio, t\u00e9cnico e superior<\/li>\n\n\n\n<li>Sal\u00e1rios: at\u00e9 R$ 5,1 mil<\/li>\n\n\n\n<li>Editais:\u00a0<a class=\"\" href=\"https:\/\/concurso.idib.org.br\/ConcursoDownloadArquivo.aspx?ID2=1&amp;ID=SCRN6XTXYRY1I622U69EEWYHIQERD8TYEKRLJAPTX1PC4SUOVB5S1LERUXWUA2NMXBGQMMQF246OSE0I7993.pdf\" target=\"_blank\" rel=\"noreferrer noopener\">concurso 1<\/a>\u00a0e\u00a0<a class=\"\" href=\"https:\/\/concurso.idib.org.br\/ConcursoDownloadArquivo.aspx?ID2=1&amp;ID=UBJWRV5JVL3KCQ623ICFNSEHUA3G3H5E7KTTPVMM1158Y9FUSQAE2M331RMQC7G6PJ7O3VC8VK68ORW97994.pdf\" target=\"_blank\" rel=\"noreferrer noopener\">concurso 2<\/a><\/li>\n<\/ul>\n\n\n\n<h2 class=\"wp-block-heading\">C\u00e2mara Municipal de Jequi\u00e9<\/h2>\n\n\n\n<ul class=\"wp-block-list\">\n<li>Inscri\u00e7\u00f5es:\u00a0<a class=\"\" href=\"https:\/\/concurso.idib.org.br\/Concurso.aspx?ID=326\" target=\"_blank\" rel=\"noreferrer noopener\">at\u00e9 4 de dezembro<\/a><\/li>\n\n\n\n<li>7 vagas<\/li>\n\n\n\n<li>N\u00edveis: m\u00e9dio e superior<\/li>\n\n\n\n<li>Sal\u00e1rios: at\u00e9 R$ 4,1 mil<\/li>\n\n\n\n<li><a class=\"\" href=\"https:\/\/concurso.idib.org.br\/ConcursoDownloadArquivo.aspx?ID2=1&amp;ID=Y85T43T2M3E14S3O9FECKNDSFR5E64QSIOBIF192XDX6D1GCS2RLR3XGAJT9W0SLARV8UW4XS82U7RK27976.pdf\" target=\"_blank\" rel=\"noreferrer noopener\">Veja edital<\/a><\/li>\n<\/ul>\n\n\n\n<h2 class=\"wp-block-heading\">Prefeitura de Itaet\u00ea<\/h2>\n\n\n\n<ul class=\"wp-block-list\">\n<li>Inscri\u00e7\u00f5es:\u00a0<a class=\"\" href=\"https:\/\/frgestaopublica.com.br\/concursos\/publicacoes\/PREFEITURA%20MUNICIPAL%20DE%20ITAET%C3%8A\/6\" target=\"_blank\" rel=\"noreferrer noopener\">at\u00e9 24 de novembro<\/a><\/li>\n\n\n\n<li>325 vagas<\/li>\n\n\n\n<li>N\u00edveis: m\u00e9dio, superior e fundamental<\/li>\n\n\n\n<li>Sal\u00e1rios: at\u00e9 R$ 2,6 mil<\/li>\n\n\n\n<li><a class=\"\" href=\"https:\/\/www.dropbox.com\/scl\/fi\/41i2jnirj48s93pg86z2b\/REPUBLICACAO_DO_EDITAL_DE_ABERTURA_INSCRICAO_1_2025_11_14_12_10_25.pdf?rlkey=vu5ozjjsbnierretcu4syuaut&amp;dl=0&amp;raw=1\" target=\"_blank\" rel=\"noreferrer noopener\">Veja edital<\/a><\/li>\n<\/ul>\n\n\n\n<h2 class=\"wp-block-heading\">Prefeitura de&nbsp;<a class=\"\" href=\"https:\/\/g1.globo.com\/ba\/feira-de-santana-regiao\/cidade\/araci\/\">Araci<\/a><\/h2>\n\n\n\n<ul class=\"wp-block-list\">\n<li>Inscri\u00e7\u00f5es:\u00a0<a class=\"\" href=\"https:\/\/www.idcap.org.br\/informacoes\/203\/#\" target=\"_blank\" rel=\"noreferrer noopener\">at\u00e9 3 de dezembro<\/a><\/li>\n\n\n\n<li>42 vagas<\/li>\n\n\n\n<li>N\u00edveis: t\u00e9cnico e superior<\/li>\n\n\n\n<li>Sal\u00e1rios: at\u00e9 R$ 2,6 mil<\/li>\n\n\n\n<li><a class=\"\" href=\"https:\/\/anexos.cdn.selecao.net.br\/uploads\/227\/concursos\/203\/anexos\/7642c850-8069-48f8-9109-a6fd6f222d54.pdf\" target=\"_blank\" rel=\"noreferrer noopener\">Veja edital<\/a><\/li>\n<\/ul>\n\n\n\n<h2 class=\"wp-block-heading\">IF Baiano Itapatinga<\/h2>\n\n\n\n<ul class=\"wp-block-list\">\n<li>Inscri\u00e7\u00f5es:\u00a0<a class=\"\" href=\"https:\/\/concurso.ifbaiano.edu.br\/portal\/substituto-itapetinga-outubro-2025\/\" target=\"_blank\" rel=\"noreferrer noopener\">at\u00e9 26 de novembro<\/a><\/li>\n\n\n\n<li>1 vaga<\/li>\n\n\n\n<li>N\u00edvel: superior<\/li>\n\n\n\n<li>Sal\u00e1rios: at\u00e9 R$ 6,3 mil<\/li>\n\n\n\n<li><a class=\"\" href=\"https:\/\/concurso.ifbaiano.edu.br\/portal\/substituto-itapetinga-outubro-2025\/wp-content\/uploads\/sites\/1270\/2025\/10\/Edital-no-228.pdf\" target=\"_blank\" rel=\"noreferrer noopener\">Veja edital<\/a><\/li>\n<\/ul>\n\n\n\n<h2 class=\"wp-block-heading\">Rede Sarah Salvador<\/h2>\n\n\n\n<ul class=\"wp-block-list\">\n<li>Inscri\u00e7\u00f5es:\u00a0<a class=\"\" href=\"https:\/\/www2.sarah.br\/ProcessoSeletivo\/Selecao?nl=1\" target=\"_blank\" rel=\"noreferrer noopener\">at\u00e9 14 de dezembro<\/a><\/li>\n\n\n\n<li>2 vagas<\/li>\n\n\n\n<li>N\u00edvel: t\u00e9cnico<\/li>\n\n\n\n<li>Sal\u00e1rios: at\u00e9 R$ 6,1 mil<\/li>\n\n\n\n<li>Editais:\u00a0<a class=\"\" href=\"https:\/\/www2.sarah.br\/processoseletivo\/Dados\/editais\/SSP20250701.pdf\" target=\"_blank\" rel=\"noreferrer noopener\">vaga 1<\/a>\u00a0e\u00a0<a class=\"\" href=\"https:\/\/www2.sarah.br\/processoseletivo\/Dados\/editais\/SSP20250601.pdf\" target=\"_blank\" rel=\"noreferrer noopener\">vaga 2<\/a><\/li>\n<\/ul>\n\n\n\n<h2 class=\"wp-block-heading\">Conselho Regional de Nutri\u00e7\u00e3o da 5\u00aa Regi\u00e3o (CRN-5)<\/h2>\n\n\n\n<ul class=\"wp-block-list\">\n<li>Inscri\u00e7\u00f5es:\u00a0<a class=\"\" href=\"https:\/\/www.concepcaoconsultoria.com.br\/pagina\/293\/CRN-05-BASE.aspx\" target=\"_blank\" rel=\"noreferrer noopener\">at\u00e9 3 de dezembro<\/a><\/li>\n\n\n\n<li>N\u00famero de vagas n\u00e3o divulgado<\/li>\n\n\n\n<li>N\u00edvel: superior<\/li>\n\n\n\n<li>Sal\u00e1rios: n\u00e3o divulgado<\/li>\n\n\n\n<li><a class=\"\" href=\"https:\/\/www.concepcaoconsultoria.com.br\/Arquivos\/Arquivo\/102025\/Errata%2001%20do%20Edital%2001-2025.pdf\" target=\"_blank\" rel=\"noreferrer noopener\">Veja edital<\/a><\/li>\n<\/ul>\n\n\n\n<p class=\"bs-intro\">FONTE: G1 Bahia<\/p>\n\n\n\n<ul class=\"wp-block-social-links has-icon-color is-style-logos-only is-vertical is-layout-flex wp-container-core-social-links-is-layout-8cf370e7 wp-block-social-links-is-layout-flex\">\n\n<li style=\"color:#0693e3;\" class=\"wp-social-link wp-social-link-instagram has-vivid-cyan-blue-color wp-block-social-link\"><a href=\"https:\/\/www.instagram.com\/radiosisal97.3\/profilecard\/?igsh=MWo1azd5aXNvN2hmcQ==\" class=\"wp-block-social-link-anchor\"><svg width=\"24\" height=\"24\" viewBox=\"0 0 24 24\" version=\"1.1\" xmlns=\"http:\/\/www.w3.org\/2000\/svg\" aria-hidden=\"true\" focusable=\"false\"><path d=\"M12,4.622c2.403,0,2.688,0.009,3.637,0.052c0.877,0.04,1.354,0.187,1.671,0.31c0.42,0.163,0.72,0.358,1.035,0.673 c0.315,0.315,0.51,0.615,0.673,1.035c0.123,0.317,0.27,0.794,0.31,1.671c0.043,0.949,0.052,1.234,0.052,3.637 s-0.009,2.688-0.052,3.637c-0.04,0.877-0.187,1.354-0.31,1.671c-0.163,0.42-0.358,0.72-0.673,1.035 c-0.315,0.315-0.615,0.51-1.035,0.673c-0.317,0.123-0.794,0.27-1.671,0.31c-0.949,0.043-1.233,0.052-3.637,0.052 s-2.688-0.009-3.637-0.052c-0.877-0.04-1.354-0.187-1.671-0.31c-0.42-0.163-0.72-0.358-1.035-0.673 c-0.315-0.315-0.51-0.615-0.673-1.035c-0.123-0.317-0.27-0.794-0.31-1.671C4.631,14.688,4.622,14.403,4.622,12 s0.009-2.688,0.052-3.637c0.04-0.877,0.187-1.354,0.31-1.671c0.163-0.42,0.358-0.72,0.673-1.035 c0.315-0.315,0.615-0.51,1.035-0.673c0.317-0.123,0.794-0.27,1.671-0.31C9.312,4.631,9.597,4.622,12,4.622 M12,3 C9.556,3,9.249,3.01,8.289,3.054C7.331,3.098,6.677,3.25,6.105,3.472C5.513,3.702,5.011,4.01,4.511,4.511 c-0.5,0.5-0.808,1.002-1.038,1.594C3.25,6.677,3.098,7.331,3.054,8.289C3.01,9.249,3,9.556,3,12c0,2.444,0.01,2.751,0.054,3.711 c0.044,0.958,0.196,1.612,0.418,2.185c0.23,0.592,0.538,1.094,1.038,1.594c0.5,0.5,1.002,0.808,1.594,1.038 c0.572,0.222,1.227,0.375,2.185,0.418C9.249,20.99,9.556,21,12,21s2.751-0.01,3.711-0.054c0.958-0.044,1.612-0.196,2.185-0.418 c0.592-0.23,1.094-0.538,1.594-1.038c0.5-0.5,0.808-1.002,1.038-1.594c0.222-0.572,0.375-1.227,0.418-2.185 C20.99,14.751,21,14.444,21,12s-0.01-2.751-0.054-3.711c-0.044-0.958-0.196-1.612-0.418-2.185c-0.23-0.592-0.538-1.094-1.038-1.594 c-0.5-0.5-1.002-0.808-1.594-1.038c-0.572-0.222-1.227-0.375-2.185-0.418C14.751,3.01,14.444,3,12,3L12,3z M12,7.378 c-2.552,0-4.622,2.069-4.622,4.622S9.448,16.622,12,16.622s4.622-2.069,4.622-4.622S14.552,7.378,12,7.378z M12,15 c-1.657,0-3-1.343-3-3s1.343-3,3-3s3,1.343,3,3S13.657,15,12,15z M16.804,6.116c-0.596,0-1.08,0.484-1.08,1.08 s0.484,1.08,1.08,1.08c0.596,0,1.08-0.484,1.08-1.08S17.401,6.116,16.804,6.116z\"><\/path><\/svg><span class=\"wp-block-social-link-label screen-reader-text\">Instagram<\/span><\/a><\/li>\n\n<li style=\"color:#0693e3;\" class=\"wp-social-link wp-social-link-facebook has-vivid-cyan-blue-color wp-block-social-link\"><a href=\"https:\/\/www.instagram.com\/radiosisal97.3\/profilecard\/?igsh=MWo1azd5aXNvN2hmcQ==\" class=\"wp-block-social-link-anchor\"><svg width=\"24\" height=\"24\" viewBox=\"0 0 24 24\" version=\"1.1\" xmlns=\"http:\/\/www.w3.org\/2000\/svg\" aria-hidden=\"true\" focusable=\"false\"><path d=\"M12 2C6.5 2 2 6.5 2 12c0 5 3.7 9.1 8.4 9.9v-7H7.9V12h2.5V9.8c0-2.5 1.5-3.9 3.8-3.9 1.1 0 2.2.2 2.2.2v2.5h-1.3c-1.2 0-1.6.8-1.6 1.6V12h2.8l-.4 2.9h-2.3v7C18.3 21.1 22 17 22 12c0-5.5-4.5-10-10-10z\"><\/path><\/svg><span class=\"wp-block-social-link-label screen-reader-text\">Facebook<\/span><\/a><\/li><\/ul>\n","protected":false},"excerpt":{"rendered":"<p>H\u00e1 oportunidades em Tapero\u00e1, Jequi\u00e9 e Itapetinga, entre outras cidades, em diferentes n\u00edveis de conhecimento. Pelo menos sete concursos p\u00fablicos est\u00e3o com inscri\u00e7\u00f5es abertas na Bahia. O n\u00famero de vagas passa de 900 e os sal\u00e1rios podem chegar a R$ 6,3 mil, dependendo da oportunidade. Entre as cidades com possibilidades, est\u00e3o&nbsp;Tapero\u00e1,&nbsp;Jequi\u00e9&nbsp;e&nbsp;Itapetinga. As vagas atendem tamb\u00e9m [&hellip;]<\/p>\n","protected":false},"author":2,"featured_media":10379,"comment_status":"open","ping_status":"open","sticky":false,"template":"","format":"standard","meta":{"footnotes":""},"categories":[1],"tags":[],"class_list":["post-10378","post","type-post","status-publish","format-standard","has-post-thumbnail","hentry","category-geral"],"jetpack_sharing_enabled":true,"jetpack_featured_media_url":"https:\/\/i0.wp.com\/radiosisal.com\/br\/wp-content\/uploads\/2025\/11\/Imagem-do-WhatsApp-de-2025-11-19-as-07.15.47_bc9de2b9.jpg?fit=984%2C738&ssl=1","_links":{"self":[{"href":"https:\/\/radiosisal.com\/br\/wp-json\/wp\/v2\/posts\/10378","targetHints":{"allow":["GET"]}}],"collection":[{"href":"https:\/\/radiosisal.com\/br\/wp-json\/wp\/v2\/posts"}],"about":[{"href":"https:\/\/radiosisal.com\/br\/wp-json\/wp\/v2\/types\/post"}],"author":[{"embeddable":true,"href":"https:\/\/radiosisal.com\/br\/wp-json\/wp\/v2\/users\/2"}],"replies":[{"embeddable":true,"href":"https:\/\/radiosisal.com\/br\/wp-json\/wp\/v2\/comments?post=10378"}],"version-history":[{"count":1,"href":"https:\/\/radiosisal.com\/br\/wp-json\/wp\/v2\/posts\/10378\/revisions"}],"predecessor-version":[{"id":10380,"href":"https:\/\/radiosisal.com\/br\/wp-json\/wp\/v2\/posts\/10378\/revisions\/10380"}],"wp:featuredmedia":[{"embeddable":true,"href":"https:\/\/radiosisal.com\/br\/wp-json\/wp\/v2\/media\/10379"}],"wp:attachment":[{"href":"https:\/\/radiosisal.com\/br\/wp-json\/wp\/v2\/media?parent=10378"}],"wp:term":[{"taxonomy":"category","embeddable":true,"href":"https:\/\/radiosisal.com\/br\/wp-json\/wp\/v2\/categories?post=10378"},{"taxonomy":"post_tag","embeddable":true,"href":"https:\/\/radiosisal.com\/br\/wp-json\/wp\/v2\/tags?post=10378"}],"curies":[{"name":"wp","href":"https:\/\/api.w.org\/{rel}","templated":true}]}}