{"id":10441,"date":"2025-11-25T10:19:27","date_gmt":"2025-11-25T10:19:27","guid":{"rendered":"https:\/\/radiosisal.com\/br\/?p=10441"},"modified":"2025-11-25T10:19:29","modified_gmt":"2025-11-25T10:19:29","slug":"cbf-anuncia-calendario-do-futebol-feminino-2026-com-grandes-mudancas","status":"publish","type":"post","link":"https:\/\/radiosisal.com\/br\/2025\/11\/25\/cbf-anuncia-calendario-do-futebol-feminino-2026-com-grandes-mudancas\/","title":{"rendered":"CBF ANUNCIA CALEND\u00c1RIO DO FUTEBOL FEMININO 2026 COM GRANDES MUDAN\u00c7AS"},"content":{"rendered":"\n<p><\/p>\n\n\n\n<p>Entidade amplia n\u00famero de clubes, datas, cotas e cria medida in\u00e9dita de apoio \u00e0s atletas m\u00e3es no novo calend\u00e1rio nacional.<\/p>\n\n\n\n<p>A&nbsp;<a href=\"https:\/\/atarde.com.br\/?q=CBF\" target=\"_blank\" rel=\"noreferrer noopener\">Confedera\u00e7\u00e3o Brasileira de Futebol (CBF)&nbsp;<\/a>oficializou, nesta segunda-feira, 24, uma profunda reformula\u00e7\u00e3o no calend\u00e1rio do futebol feminino, v\u00e1lida a partir da temporada de 2026. A iniciativa, apresentada ainda no in\u00edcio da gest\u00e3o do presidente&nbsp;<a href=\"https:\/\/atarde.com.br\/?q=Samir%20Xaud\" target=\"_blank\" rel=\"noreferrer noopener\">Samir Xaud<\/a>, envolve mudan\u00e7as estruturais em todas as competi\u00e7\u00f5es nacionais, aumento significativo de jogos e datas, reajustes de cotas, investimentos na base e uma medida in\u00e9dita de apoio a atletas m\u00e3es e lactantes.<\/p>\n\n\n\n<h2 class=\"wp-block-heading\">Investimento hist\u00f3rico e amplia\u00e7\u00e3o das competi\u00e7\u00f5es<\/h2>\n\n\n\n<p>A reformula\u00e7\u00e3o representa um investimento total de R$ 685 milh\u00f5es, acompanhada de um crescimento de 41% no n\u00famero de datas, 84% no volume de partidas e 69% no total de vagas no calend\u00e1rio nacional. A S\u00e9rie A1, principal competi\u00e7\u00e3o do pa\u00eds, passa a contar com 18 clubes, calend\u00e1rio ampliado e 167 partidas.<\/p>\n\n\n\n<p>A S\u00e9rie A2 adota grupo \u00fanico e turno \u00fanico na primeira fase, enquanto a S\u00e9rie A3 chega a 32 equipes, com todas as unidades federativas representadas. A Copa do Brasil Feminina tamb\u00e9m cresce: passa de 65 para 66 participantes, com aumento de jogos e confrontos de ida e volta a partir das quartas de final.<\/p>\n\n\n\n<h2 class=\"wp-block-heading\">Protagonismo feminino como eixo central do projeto<\/h2>\n\n\n\n<p>Durante o evento de an\u00fancio, o presidente Samir Xaud destacou que o redesenho do calend\u00e1rio foi desenvolvido de forma colaborativa e com foco em valorizar a modalidade.<\/p>\n\n\n\n<p>\u201cAssim como fizemos no futebol masculino, passamos os \u00faltimos meses analisando e estudando oportunidades de melhorar o calend\u00e1rio e o fomento do futebol feminino. Ouvimos especialistas, federa\u00e7\u00f5es, clubes e jogadoras. E chegamos a um modelo que atende a demandas importantes, colocando o futebol feminino brasileiro onde merece estar&#8221;, afirmou.<\/p>\n\n\n\n<p>A gerente de competi\u00e7\u00f5es femininas da CBF, Aline Pellegrino, refor\u00e7ou o processo de constru\u00e7\u00e3o do novo modelo.<\/p>\n\n\n\n<p>\u201cCome\u00e7amos a desenhar o calend\u00e1rio em julho e em outubro estava bem encaminhado. De outubro at\u00e9 agora, final de novembro, algumas mudan\u00e7as surgiram e tentamos internamente melhorar v\u00e1rias quest\u00f5es&#8230; que a gente quer que eles joguem mais\u201d, afirmou, destacando que a prioridade foi garantir representatividade e equil\u00edbrio competitivo.<\/p>\n\n\n\n<h2 class=\"wp-block-heading\">Medida in\u00e9dita: apoio \u00e0s atletas m\u00e3es<\/h2>\n\n\n\n<p>Entre os an\u00fancios, a CBF implementar\u00e1 uma pol\u00edtica pioneira no futebol mundial: atletas m\u00e3es em fase de lacta\u00e7\u00e3o poder\u00e3o levar seus filhos a viagens oficiais, com todas as despesas custeadas pela entidade. Segundo a confedera\u00e7\u00e3o, a a\u00e7\u00e3o visa garantir condi\u00e7\u00f5es dignas e inclusivas para o desempenho esportivo de jogadoras com filhos pequenos.<\/p>\n\n\n\n<p class=\"bs-intro\"><strong>Base fortalecida e integra\u00e7\u00e3o com sele\u00e7\u00f5es<\/strong><\/p>\n\n\n\n<p>A reestrutura\u00e7\u00e3o tamb\u00e9m chega \u00e0s categorias de base, com ajustes no Sub-20, Sub-17, Sub-16 e Sub-14. Os campeonatos passam por mudan\u00e7as para evitar conflitos com datas das Sele\u00e7\u00f5es Brasileiras e garantir janelas de treino. O CBF Transforma ganhar\u00e1 expans\u00e3o, financiando campeonatos estaduais Sub-15, Sub-17 e, agora, Sub-20.<\/p>\n\n\n\n<h2 class=\"wp-block-heading\">Principais defini\u00e7\u00f5es das competi\u00e7\u00f5es<\/h2>\n\n\n\n<h3 class=\"wp-block-heading\">Supercopa Feminina<\/h3>\n\n\n\n<ul class=\"wp-block-list\">\n<li>\u2013 Abertura do calend\u00e1rio em 8 de fevereiro<\/li>\n\n\n\n<li>\u2013 Disputa entre campe\u00e3s da A1 e da Copa do Brasil<\/li>\n\n\n\n<li>\u2013 Premia\u00e7\u00e3o: R$ 1 milh\u00e3o (campe\u00e3s) e R$ 600 mil (vice)<\/li>\n\n\n\n<li>S\u00e9rie A1<\/li>\n\n\n\n<li>\u2013 18 clubes; in\u00edcio em 15 de fevereiro e final em 4 de outubro<\/li>\n\n\n\n<li>\u2013 23 datas e 167 jogos<\/li>\n\n\n\n<li>\u2013 Cota fixa: R$ 720 mil por clube na 1\u00aa fase<\/li>\n\n\n\n<li>\u2013 Campe\u00e3: R$ 2 milh\u00f5es; vice: R$ 1 milh\u00e3o<\/li>\n\n\n\n<li>\u2013 Rebaixamento: 2 equipes<\/li>\n\n\n\n<li>\u2013 Participa\u00e7\u00e3o obrigat\u00f3ria na Copa do Brasil Feminina<\/li>\n<\/ul>\n\n\n\n<h3 class=\"wp-block-heading\">S\u00e9rie A2<\/h3>\n\n\n\n<ul class=\"wp-block-list\">\n<li>\u2013 In\u00edcio em 14 de mar\u00e7o; final em 19 de setembro<\/li>\n\n\n\n<li>\u2013 21 datas, 134 jogos<\/li>\n\n\n\n<li>\u2013 Cota: R$ 360 mil por clube<\/li>\n\n\n\n<li>\u2013 Formato com grupo \u00fanico na 1\u00aa fase<\/li>\n\n\n\n<li>\u2013 4 acessos para A1 e 2 rebaixamentos para A3<\/li>\n<\/ul>\n\n\n\n<h3 class=\"wp-block-heading\">S\u00e9rie A3<\/h3>\n\n\n\n<ul class=\"wp-block-list\">\n<li>\u2013 De 21 de mar\u00e7o a 5 de setembro<\/li>\n\n\n\n<li>\u2013 32 clubes e 126 partidas<\/li>\n\n\n\n<li>\u2013 Cota: R$ 120 mil<\/li>\n\n\n\n<li>\u2013 Turno e returno na 1\u00aa fase<\/li>\n\n\n\n<li>\u2013 4 acessos para A2<\/li>\n<\/ul>\n\n\n\n<h3 class=\"wp-block-heading\">Copa do Brasil Feminina<\/h3>\n\n\n\n<ul class=\"wp-block-list\">\n<li>\u2013 66 clubes, 72 partidas<\/li>\n\n\n\n<li>\u2013 In\u00edcio em 22 de abril; final em 15 de novembro<\/li>\n\n\n\n<li>\u2013 Cotas dobradas<\/li>\n\n\n\n<li>\u2013 Jogos de ida e volta a partir das quartas<\/li>\n<\/ul>\n\n\n\n<h2 class=\"wp-block-heading\">Constru\u00e7\u00e3o conjunta \u00e0s v\u00e9speras da Copa do Mundo 2027<\/h2>\n\n\n\n<p>A CBF ressaltou que o projeto foi constru\u00eddo com a participa\u00e7\u00e3o de clubes, federa\u00e7\u00f5es, atletas e especialistas, e \u00e9 considerado estrat\u00e9gico por anteceder a Copa do Mundo Feminina de 2027, que ser\u00e1 sediada no Brasil. Para a entidade, o novo calend\u00e1rio estabelece bases para a consolida\u00e7\u00e3o definitiva da modalidade no pa\u00eds.<\/p>\n\n\n\n<p class=\"bs-intro\">FONTE: <a href=\"https:\/\/atarde.com.br\/esportes\">https:\/\/atarde.com.br\/esportes<\/a><\/p>\n\n\n\n<ul class=\"wp-block-social-links has-icon-color is-style-logos-only is-vertical is-layout-flex wp-container-core-social-links-is-layout-8cf370e7 wp-block-social-links-is-layout-flex\"><li style=\"color:#0693e3;\" class=\"wp-social-link wp-social-link-whatsapp has-vivid-cyan-blue-color wp-block-social-link\"><a href=\"https:\/\/wa.me\/\/75991238048\" class=\"wp-block-social-link-anchor\"><svg width=\"24\" height=\"24\" viewBox=\"0 0 24 24\" version=\"1.1\" xmlns=\"http:\/\/www.w3.org\/2000\/svg\" aria-hidden=\"true\" focusable=\"false\"><path d=\"M 12.011719 2 C 6.5057187 2 2.0234844 6.478375 2.0214844 11.984375 C 2.0204844 13.744375 2.4814687 15.462563 3.3554688 16.976562 L 2 22 L 7.2324219 20.763672 C 8.6914219 21.559672 10.333859 21.977516 12.005859 21.978516 L 12.009766 21.978516 C 17.514766 21.978516 21.995047 17.499141 21.998047 11.994141 C 22.000047 9.3251406 20.962172 6.8157344 19.076172 4.9277344 C 17.190172 3.0407344 14.683719 2.001 12.011719 2 z M 12.009766 4 C 14.145766 4.001 16.153109 4.8337969 17.662109 6.3417969 C 19.171109 7.8517969 20.000047 9.8581875 19.998047 11.992188 C 19.996047 16.396187 16.413812 19.978516 12.007812 19.978516 C 10.674812 19.977516 9.3544062 19.642812 8.1914062 19.007812 L 7.5175781 18.640625 L 6.7734375 18.816406 L 4.8046875 19.28125 L 5.2851562 17.496094 L 5.5019531 16.695312 L 5.0878906 15.976562 C 4.3898906 14.768562 4.0204844 13.387375 4.0214844 11.984375 C 4.0234844 7.582375 7.6067656 4 12.009766 4 z M 8.4765625 7.375 C 8.3095625 7.375 8.0395469 7.4375 7.8105469 7.6875 C 7.5815469 7.9365 6.9355469 8.5395781 6.9355469 9.7675781 C 6.9355469 10.995578 7.8300781 12.182609 7.9550781 12.349609 C 8.0790781 12.515609 9.68175 15.115234 12.21875 16.115234 C 14.32675 16.946234 14.754891 16.782234 15.212891 16.740234 C 15.670891 16.699234 16.690438 16.137687 16.898438 15.554688 C 17.106437 14.971687 17.106922 14.470187 17.044922 14.367188 C 16.982922 14.263188 16.816406 14.201172 16.566406 14.076172 C 16.317406 13.951172 15.090328 13.348625 14.861328 13.265625 C 14.632328 13.182625 14.464828 13.140625 14.298828 13.390625 C 14.132828 13.640625 13.655766 14.201187 13.509766 14.367188 C 13.363766 14.534188 13.21875 14.556641 12.96875 14.431641 C 12.71875 14.305641 11.914938 14.041406 10.960938 13.191406 C 10.218937 12.530406 9.7182656 11.714844 9.5722656 11.464844 C 9.4272656 11.215844 9.5585938 11.079078 9.6835938 10.955078 C 9.7955938 10.843078 9.9316406 10.663578 10.056641 10.517578 C 10.180641 10.371578 10.223641 10.267562 10.306641 10.101562 C 10.389641 9.9355625 10.347156 9.7890625 10.285156 9.6640625 C 10.223156 9.5390625 9.737625 8.3065 9.515625 7.8125 C 9.328625 7.3975 9.131125 7.3878594 8.953125 7.3808594 C 8.808125 7.3748594 8.6425625 7.375 8.4765625 7.375 z\"><\/path><\/svg><span class=\"wp-block-social-link-label screen-reader-text\">WhatsApp<\/span><\/a><\/li>\n\n<li style=\"color:#0693e3;\" class=\"wp-social-link wp-social-link-instagram has-vivid-cyan-blue-color wp-block-social-link\"><a href=\"https:\/\/www.instagram.com\/radiosisal97.3\/profilecard\/?igsh=MWo1azd5aXNvN2hmcQ==\" class=\"wp-block-social-link-anchor\"><svg width=\"24\" height=\"24\" viewBox=\"0 0 24 24\" version=\"1.1\" xmlns=\"http:\/\/www.w3.org\/2000\/svg\" aria-hidden=\"true\" focusable=\"false\"><path d=\"M12,4.622c2.403,0,2.688,0.009,3.637,0.052c0.877,0.04,1.354,0.187,1.671,0.31c0.42,0.163,0.72,0.358,1.035,0.673 c0.315,0.315,0.51,0.615,0.673,1.035c0.123,0.317,0.27,0.794,0.31,1.671c0.043,0.949,0.052,1.234,0.052,3.637 s-0.009,2.688-0.052,3.637c-0.04,0.877-0.187,1.354-0.31,1.671c-0.163,0.42-0.358,0.72-0.673,1.035 c-0.315,0.315-0.615,0.51-1.035,0.673c-0.317,0.123-0.794,0.27-1.671,0.31c-0.949,0.043-1.233,0.052-3.637,0.052 s-2.688-0.009-3.637-0.052c-0.877-0.04-1.354-0.187-1.671-0.31c-0.42-0.163-0.72-0.358-1.035-0.673 c-0.315-0.315-0.51-0.615-0.673-1.035c-0.123-0.317-0.27-0.794-0.31-1.671C4.631,14.688,4.622,14.403,4.622,12 s0.009-2.688,0.052-3.637c0.04-0.877,0.187-1.354,0.31-1.671c0.163-0.42,0.358-0.72,0.673-1.035 c0.315-0.315,0.615-0.51,1.035-0.673c0.317-0.123,0.794-0.27,1.671-0.31C9.312,4.631,9.597,4.622,12,4.622 M12,3 C9.556,3,9.249,3.01,8.289,3.054C7.331,3.098,6.677,3.25,6.105,3.472C5.513,3.702,5.011,4.01,4.511,4.511 c-0.5,0.5-0.808,1.002-1.038,1.594C3.25,6.677,3.098,7.331,3.054,8.289C3.01,9.249,3,9.556,3,12c0,2.444,0.01,2.751,0.054,3.711 c0.044,0.958,0.196,1.612,0.418,2.185c0.23,0.592,0.538,1.094,1.038,1.594c0.5,0.5,1.002,0.808,1.594,1.038 c0.572,0.222,1.227,0.375,2.185,0.418C9.249,20.99,9.556,21,12,21s2.751-0.01,3.711-0.054c0.958-0.044,1.612-0.196,2.185-0.418 c0.592-0.23,1.094-0.538,1.594-1.038c0.5-0.5,0.808-1.002,1.038-1.594c0.222-0.572,0.375-1.227,0.418-2.185 C20.99,14.751,21,14.444,21,12s-0.01-2.751-0.054-3.711c-0.044-0.958-0.196-1.612-0.418-2.185c-0.23-0.592-0.538-1.094-1.038-1.594 c-0.5-0.5-1.002-0.808-1.594-1.038c-0.572-0.222-1.227-0.375-2.185-0.418C14.751,3.01,14.444,3,12,3L12,3z M12,7.378 c-2.552,0-4.622,2.069-4.622,4.622S9.448,16.622,12,16.622s4.622-2.069,4.622-4.622S14.552,7.378,12,7.378z M12,15 c-1.657,0-3-1.343-3-3s1.343-3,3-3s3,1.343,3,3S13.657,15,12,15z M16.804,6.116c-0.596,0-1.08,0.484-1.08,1.08 s0.484,1.08,1.08,1.08c0.596,0,1.08-0.484,1.08-1.08S17.401,6.116,16.804,6.116z\"><\/path><\/svg><span class=\"wp-block-social-link-label screen-reader-text\">Instagram<\/span><\/a><\/li>\n\n<li style=\"color:#0693e3;\" class=\"wp-social-link wp-social-link-facebook has-vivid-cyan-blue-color wp-block-social-link\"><a href=\"https:\/\/www.facebook.com\/share\/1A7WveK9ft\/?mibextid=wwXIfr\" class=\"wp-block-social-link-anchor\"><svg width=\"24\" height=\"24\" viewBox=\"0 0 24 24\" version=\"1.1\" xmlns=\"http:\/\/www.w3.org\/2000\/svg\" aria-hidden=\"true\" focusable=\"false\"><path d=\"M12 2C6.5 2 2 6.5 2 12c0 5 3.7 9.1 8.4 9.9v-7H7.9V12h2.5V9.8c0-2.5 1.5-3.9 3.8-3.9 1.1 0 2.2.2 2.2.2v2.5h-1.3c-1.2 0-1.6.8-1.6 1.6V12h2.8l-.4 2.9h-2.3v7C18.3 21.1 22 17 22 12c0-5.5-4.5-10-10-10z\"><\/path><\/svg><span class=\"wp-block-social-link-label screen-reader-text\">Facebook<\/span><\/a><\/li><\/ul>\n","protected":false},"excerpt":{"rendered":"<p>Entidade amplia n\u00famero de clubes, datas, cotas e cria medida in\u00e9dita de apoio \u00e0s atletas m\u00e3es no novo calend\u00e1rio nacional. A&nbsp;Confedera\u00e7\u00e3o Brasileira de Futebol (CBF)&nbsp;oficializou, nesta segunda-feira, 24, uma profunda reformula\u00e7\u00e3o no calend\u00e1rio do futebol feminino, v\u00e1lida a partir da temporada de 2026. A iniciativa, apresentada ainda no in\u00edcio da gest\u00e3o do presidente&nbsp;Samir Xaud, envolve [&hellip;]<\/p>\n","protected":false},"author":2,"featured_media":10442,"comment_status":"open","ping_status":"open","sticky":false,"template":"","format":"standard","meta":{"footnotes":""},"categories":[1],"tags":[],"class_list":["post-10441","post","type-post","status-publish","format-standard","has-post-thumbnail","hentry","category-geral"],"jetpack_sharing_enabled":true,"jetpack_featured_media_url":"https:\/\/i0.wp.com\/radiosisal.com\/br\/wp-content\/uploads\/2025\/11\/CBF-anuncia-calendario-do-futebol-feminino-2026-co0136983600202511250622-ScaleDownProportional.webp?fit=1079%2C720&ssl=1","_links":{"self":[{"href":"https:\/\/radiosisal.com\/br\/wp-json\/wp\/v2\/posts\/10441","targetHints":{"allow":["GET"]}}],"collection":[{"href":"https:\/\/radiosisal.com\/br\/wp-json\/wp\/v2\/posts"}],"about":[{"href":"https:\/\/radiosisal.com\/br\/wp-json\/wp\/v2\/types\/post"}],"author":[{"embeddable":true,"href":"https:\/\/radiosisal.com\/br\/wp-json\/wp\/v2\/users\/2"}],"replies":[{"embeddable":true,"href":"https:\/\/radiosisal.com\/br\/wp-json\/wp\/v2\/comments?post=10441"}],"version-history":[{"count":1,"href":"https:\/\/radiosisal.com\/br\/wp-json\/wp\/v2\/posts\/10441\/revisions"}],"predecessor-version":[{"id":10443,"href":"https:\/\/radiosisal.com\/br\/wp-json\/wp\/v2\/posts\/10441\/revisions\/10443"}],"wp:featuredmedia":[{"embeddable":true,"href":"https:\/\/radiosisal.com\/br\/wp-json\/wp\/v2\/media\/10442"}],"wp:attachment":[{"href":"https:\/\/radiosisal.com\/br\/wp-json\/wp\/v2\/media?parent=10441"}],"wp:term":[{"taxonomy":"category","embeddable":true,"href":"https:\/\/radiosisal.com\/br\/wp-json\/wp\/v2\/categories?post=10441"},{"taxonomy":"post_tag","embeddable":true,"href":"https:\/\/radiosisal.com\/br\/wp-json\/wp\/v2\/tags?post=10441"}],"curies":[{"name":"wp","href":"https:\/\/api.w.org\/{rel}","templated":true}]}}