{"id":12036,"date":"2026-04-27T10:19:06","date_gmt":"2026-04-27T10:19:06","guid":{"rendered":"https:\/\/radiosisal.com\/br\/?p=12036"},"modified":"2026-04-27T10:19:08","modified_gmt":"2026-04-27T10:19:08","slug":"bahia-tem-selecao-com-40-vagas-e-salarios-de-ate-r-38-mil-confira-areas","status":"publish","type":"post","link":"https:\/\/radiosisal.com\/br\/2026\/04\/27\/bahia-tem-selecao-com-40-vagas-e-salarios-de-ate-r-38-mil-confira-areas\/","title":{"rendered":"BAHIA TEM SELE\u00c7\u00c3O COM 40 VAGAS E SAL\u00c1RIOS DE AT\u00c9 R$ 3,8 MIL; CONFIRA \u00c1REAS"},"content":{"rendered":"\n<p><\/p>\n\n\n\n<p>Vagas s\u00e3o para atua\u00e7\u00e3o na Secretaria das Mulheres de Salvador, Irec\u00ea, Itabuna e Feira de Santana.<\/p>\n\n\n\n<p>A<a href=\"https:\/\/atarde.com.br\/?q=SPM-BA\" target=\"_blank\" rel=\"noreferrer noopener\">&nbsp;Secretaria das Mulheres do Estado da Bahia (SPM-BA)<\/a>&nbsp;anunciou a oferta de 40 vagas tempor\u00e1rias para profissionais de n\u00edveis m\u00e9dio e superior, com atua\u00e7\u00e3o em&nbsp;<strong>Salvador, Irec\u00ea, Itabuna e Feira de Santana<\/strong>, por meio de processo seletivo simplificado em Regime Especial de Direito Administrativo (REDA).<\/p>\n\n\n\n<p>As inscri\u00e7\u00f5es ser\u00e3o realizadas exclusivamente pela internet, por meio do site oficial do<a href=\"http:\/\/selecao.ba.gov.br\/\" target=\"_blank\" rel=\"noreferrer noopener\">&nbsp;Governo da Bahia<\/a><strong>, entre os dias 4 e 9 de maio de 2026<\/strong>. O processo seletivo contar\u00e1 com apenas uma etapa, composta por avalia\u00e7\u00e3o curricular, de car\u00e1ter eliminat\u00f3rio e classificat\u00f3rio.<\/p>\n\n\n\n<p>Os candidatos dever\u00e3o apresentar documenta\u00e7\u00e3o que comprove forma\u00e7\u00e3o acad\u00eamica e experi\u00eancia profissional compat\u00edveis com a fun\u00e7\u00e3o desejada. Esses crit\u00e9rios ser\u00e3o utilizados para pontua\u00e7\u00e3o e defini\u00e7\u00e3o da classifica\u00e7\u00e3o final.<\/p>\n\n\n\n<h2 class=\"wp-block-heading\">\u00c1reas contempladas no processo seletivo<\/h2>\n\n\n\n<p>As oportunidades est\u00e3o distribu\u00eddas em diferentes \u00e1reas de atua\u00e7\u00e3o, contemplando forma\u00e7\u00f5es variadas:<\/p>\n\n\n\n<h3 class=\"wp-block-heading\">N\u00edvel superior:<\/h3>\n\n\n\n<ul class=\"wp-block-list\">\n<li>Administra\u00e7\u00e3o<\/li>\n\n\n\n<li>Contabilidade<\/li>\n\n\n\n<li>Ci\u00eancias Jur\u00eddicas<\/li>\n\n\n\n<li>Servi\u00e7o Social<\/li>\n\n\n\n<li>Psicologia<\/li>\n\n\n\n<li>Estat\u00edstica<\/li>\n\n\n\n<li>Comunica\u00e7\u00e3o Social (Jornalismo e Produ\u00e7\u00e3o)<\/li>\n\n\n\n<li>Economia<\/li>\n\n\n\n<li>Pedagogia<\/li>\n\n\n\n<li>Bacharelado em G\u00eanero<\/li>\n\n\n\n<li>Tecnologia da Informa\u00e7\u00e3o<\/li>\n<\/ul>\n\n\n\n<h3 class=\"wp-block-heading\">N\u00edvel m\u00e9dio:<\/h3>\n\n\n\n<ul class=\"wp-block-list\">\n<li>Finan\u00e7as<\/li>\n\n\n\n<li>Design Gr\u00e1fico<\/li>\n\n\n\n<li>Fotografia<\/li>\n\n\n\n<li>Assistente de Atividade Administrativa<\/li>\n\n\n\n<li>Remunera\u00e7\u00e3o e dura\u00e7\u00e3o dos contratos<\/li>\n<\/ul>\n\n\n\n<p><strong>Sal\u00e1rios de acordo com o n\u00edvel de escolaridade e fun\u00e7\u00e3o:<\/strong><\/p>\n\n\n\n<p>Valores e carga hor\u00e1ria:<\/p>\n\n\n\n<ul class=\"wp-block-list\">\n<li>N\u00edvel superior: at\u00e9 R$ 3.810,40 (40 horas semanais)<\/li>\n\n\n\n<li>N\u00edvel m\u00e9dio: R$ 3.170,32 (40 horas semanais)<\/li>\n<\/ul>\n\n\n\n<p>O processo seletivo ter\u00e1 validade de um ano, podendo ser prorrogado por igual per\u00edodo. J\u00e1 os contratos ter\u00e3o dura\u00e7\u00e3o de at\u00e9 36 meses, com possibilidade de renova\u00e7\u00e3o uma \u00fanica vez pelo mesmo prazo.<\/p>\n\n\n\n<p>A sele\u00e7\u00e3o integra a estrat\u00e9gia do Governo da Bahia para fortalecer a atua\u00e7\u00e3o da Secretaria das Mulheres, ampliando a execu\u00e7\u00e3o de pol\u00edticas p\u00fablicas voltadas \u00e0 promo\u00e7\u00e3o de direitos, autonomia econ\u00f4mica e enfrentamento \u00e0 viol\u00eancia de g\u00eanero no estado.<\/p>\n\n\n\n<p><\/p>\n\n\n\n<p class=\"bs-intro\">FONTE: <a href=\"https:\/\/atarde.com.br\/\">https:\/\/atarde.com.br\/<\/a><\/p>\n\n\n\n<ul class=\"wp-block-social-links has-icon-color is-style-logos-only is-vertical is-layout-flex wp-container-core-social-links-is-layout-8cf370e7 wp-block-social-links-is-layout-flex\"><li style=\"color:#0693e3;\" class=\"wp-social-link wp-social-link-whatsapp has-vivid-cyan-blue-color wp-block-social-link\"><a href=\"https:\/\/wa.me\/\/75991238048\" class=\"wp-block-social-link-anchor\"><svg width=\"24\" height=\"24\" viewBox=\"0 0 24 24\" version=\"1.1\" xmlns=\"http:\/\/www.w3.org\/2000\/svg\" aria-hidden=\"true\" focusable=\"false\"><path d=\"M 12.011719 2 C 6.5057187 2 2.0234844 6.478375 2.0214844 11.984375 C 2.0204844 13.744375 2.4814687 15.462563 3.3554688 16.976562 L 2 22 L 7.2324219 20.763672 C 8.6914219 21.559672 10.333859 21.977516 12.005859 21.978516 L 12.009766 21.978516 C 17.514766 21.978516 21.995047 17.499141 21.998047 11.994141 C 22.000047 9.3251406 20.962172 6.8157344 19.076172 4.9277344 C 17.190172 3.0407344 14.683719 2.001 12.011719 2 z M 12.009766 4 C 14.145766 4.001 16.153109 4.8337969 17.662109 6.3417969 C 19.171109 7.8517969 20.000047 9.8581875 19.998047 11.992188 C 19.996047 16.396187 16.413812 19.978516 12.007812 19.978516 C 10.674812 19.977516 9.3544062 19.642812 8.1914062 19.007812 L 7.5175781 18.640625 L 6.7734375 18.816406 L 4.8046875 19.28125 L 5.2851562 17.496094 L 5.5019531 16.695312 L 5.0878906 15.976562 C 4.3898906 14.768562 4.0204844 13.387375 4.0214844 11.984375 C 4.0234844 7.582375 7.6067656 4 12.009766 4 z M 8.4765625 7.375 C 8.3095625 7.375 8.0395469 7.4375 7.8105469 7.6875 C 7.5815469 7.9365 6.9355469 8.5395781 6.9355469 9.7675781 C 6.9355469 10.995578 7.8300781 12.182609 7.9550781 12.349609 C 8.0790781 12.515609 9.68175 15.115234 12.21875 16.115234 C 14.32675 16.946234 14.754891 16.782234 15.212891 16.740234 C 15.670891 16.699234 16.690438 16.137687 16.898438 15.554688 C 17.106437 14.971687 17.106922 14.470187 17.044922 14.367188 C 16.982922 14.263188 16.816406 14.201172 16.566406 14.076172 C 16.317406 13.951172 15.090328 13.348625 14.861328 13.265625 C 14.632328 13.182625 14.464828 13.140625 14.298828 13.390625 C 14.132828 13.640625 13.655766 14.201187 13.509766 14.367188 C 13.363766 14.534188 13.21875 14.556641 12.96875 14.431641 C 12.71875 14.305641 11.914938 14.041406 10.960938 13.191406 C 10.218937 12.530406 9.7182656 11.714844 9.5722656 11.464844 C 9.4272656 11.215844 9.5585938 11.079078 9.6835938 10.955078 C 9.7955938 10.843078 9.9316406 10.663578 10.056641 10.517578 C 10.180641 10.371578 10.223641 10.267562 10.306641 10.101562 C 10.389641 9.9355625 10.347156 9.7890625 10.285156 9.6640625 C 10.223156 9.5390625 9.737625 8.3065 9.515625 7.8125 C 9.328625 7.3975 9.131125 7.3878594 8.953125 7.3808594 C 8.808125 7.3748594 8.6425625 7.375 8.4765625 7.375 z\"><\/path><\/svg><span class=\"wp-block-social-link-label screen-reader-text\">WhatsApp<\/span><\/a><\/li>\n\n<li style=\"color:#0693e3;\" class=\"wp-social-link wp-social-link-instagram has-vivid-cyan-blue-color wp-block-social-link\"><a href=\"https:\/\/www.instagram.com\/radiosisal97.3\/profilecard\/?igsh=MWo1azd5aXNvN2hmcQ==\" class=\"wp-block-social-link-anchor\"><svg width=\"24\" height=\"24\" viewBox=\"0 0 24 24\" version=\"1.1\" xmlns=\"http:\/\/www.w3.org\/2000\/svg\" aria-hidden=\"true\" focusable=\"false\"><path d=\"M12,4.622c2.403,0,2.688,0.009,3.637,0.052c0.877,0.04,1.354,0.187,1.671,0.31c0.42,0.163,0.72,0.358,1.035,0.673 c0.315,0.315,0.51,0.615,0.673,1.035c0.123,0.317,0.27,0.794,0.31,1.671c0.043,0.949,0.052,1.234,0.052,3.637 s-0.009,2.688-0.052,3.637c-0.04,0.877-0.187,1.354-0.31,1.671c-0.163,0.42-0.358,0.72-0.673,1.035 c-0.315,0.315-0.615,0.51-1.035,0.673c-0.317,0.123-0.794,0.27-1.671,0.31c-0.949,0.043-1.233,0.052-3.637,0.052 s-2.688-0.009-3.637-0.052c-0.877-0.04-1.354-0.187-1.671-0.31c-0.42-0.163-0.72-0.358-1.035-0.673 c-0.315-0.315-0.51-0.615-0.673-1.035c-0.123-0.317-0.27-0.794-0.31-1.671C4.631,14.688,4.622,14.403,4.622,12 s0.009-2.688,0.052-3.637c0.04-0.877,0.187-1.354,0.31-1.671c0.163-0.42,0.358-0.72,0.673-1.035 c0.315-0.315,0.615-0.51,1.035-0.673c0.317-0.123,0.794-0.27,1.671-0.31C9.312,4.631,9.597,4.622,12,4.622 M12,3 C9.556,3,9.249,3.01,8.289,3.054C7.331,3.098,6.677,3.25,6.105,3.472C5.513,3.702,5.011,4.01,4.511,4.511 c-0.5,0.5-0.808,1.002-1.038,1.594C3.25,6.677,3.098,7.331,3.054,8.289C3.01,9.249,3,9.556,3,12c0,2.444,0.01,2.751,0.054,3.711 c0.044,0.958,0.196,1.612,0.418,2.185c0.23,0.592,0.538,1.094,1.038,1.594c0.5,0.5,1.002,0.808,1.594,1.038 c0.572,0.222,1.227,0.375,2.185,0.418C9.249,20.99,9.556,21,12,21s2.751-0.01,3.711-0.054c0.958-0.044,1.612-0.196,2.185-0.418 c0.592-0.23,1.094-0.538,1.594-1.038c0.5-0.5,0.808-1.002,1.038-1.594c0.222-0.572,0.375-1.227,0.418-2.185 C20.99,14.751,21,14.444,21,12s-0.01-2.751-0.054-3.711c-0.044-0.958-0.196-1.612-0.418-2.185c-0.23-0.592-0.538-1.094-1.038-1.594 c-0.5-0.5-1.002-0.808-1.594-1.038c-0.572-0.222-1.227-0.375-2.185-0.418C14.751,3.01,14.444,3,12,3L12,3z M12,7.378 c-2.552,0-4.622,2.069-4.622,4.622S9.448,16.622,12,16.622s4.622-2.069,4.622-4.622S14.552,7.378,12,7.378z M12,15 c-1.657,0-3-1.343-3-3s1.343-3,3-3s3,1.343,3,3S13.657,15,12,15z M16.804,6.116c-0.596,0-1.08,0.484-1.08,1.08 s0.484,1.08,1.08,1.08c0.596,0,1.08-0.484,1.08-1.08S17.401,6.116,16.804,6.116z\"><\/path><\/svg><span class=\"wp-block-social-link-label screen-reader-text\">Instagram<\/span><\/a><\/li>\n\n<li style=\"color:#0693e3;\" class=\"wp-social-link wp-social-link-facebook has-vivid-cyan-blue-color wp-block-social-link\"><a href=\"https:\/\/www.instagram.com\/radiosisal97.3\/profilecard\/?igsh=MWo1azd5aXNvN2hmcQ==\" class=\"wp-block-social-link-anchor\"><svg width=\"24\" height=\"24\" viewBox=\"0 0 24 24\" version=\"1.1\" xmlns=\"http:\/\/www.w3.org\/2000\/svg\" aria-hidden=\"true\" focusable=\"false\"><path d=\"M12 2C6.5 2 2 6.5 2 12c0 5 3.7 9.1 8.4 9.9v-7H7.9V12h2.5V9.8c0-2.5 1.5-3.9 3.8-3.9 1.1 0 2.2.2 2.2.2v2.5h-1.3c-1.2 0-1.6.8-1.6 1.6V12h2.8l-.4 2.9h-2.3v7C18.3 21.1 22 17 22 12c0-5.5-4.5-10-10-10z\"><\/path><\/svg><span class=\"wp-block-social-link-label screen-reader-text\">Facebook<\/span><\/a><\/li><\/ul>\n","protected":false},"excerpt":{"rendered":"<p>Vagas s\u00e3o para atua\u00e7\u00e3o na Secretaria das Mulheres de Salvador, Irec\u00ea, Itabuna e Feira de Santana. A&nbsp;Secretaria das Mulheres do Estado da Bahia (SPM-BA)&nbsp;anunciou a oferta de 40 vagas tempor\u00e1rias para profissionais de n\u00edveis m\u00e9dio e superior, com atua\u00e7\u00e3o em&nbsp;Salvador, Irec\u00ea, Itabuna e Feira de Santana, por meio de processo seletivo simplificado em Regime Especial [&hellip;]<\/p>\n","protected":false},"author":2,"featured_media":12037,"comment_status":"open","ping_status":"open","sticky":false,"template":"","format":"standard","meta":{"footnotes":""},"categories":[1],"tags":[],"class_list":["post-12036","post","type-post","status-publish","format-standard","has-post-thumbnail","hentry","category-geral"],"jetpack_sharing_enabled":true,"jetpack_featured_media_url":"https:\/\/i0.wp.com\/radiosisal.com\/br\/wp-content\/uploads\/2026\/04\/Cidade-baiana-abre-processo-seletivo-com-salarios-0137127500202512051404-ScaleDownProportional.webp?fit=1152%2C720&ssl=1","_links":{"self":[{"href":"https:\/\/radiosisal.com\/br\/wp-json\/wp\/v2\/posts\/12036","targetHints":{"allow":["GET"]}}],"collection":[{"href":"https:\/\/radiosisal.com\/br\/wp-json\/wp\/v2\/posts"}],"about":[{"href":"https:\/\/radiosisal.com\/br\/wp-json\/wp\/v2\/types\/post"}],"author":[{"embeddable":true,"href":"https:\/\/radiosisal.com\/br\/wp-json\/wp\/v2\/users\/2"}],"replies":[{"embeddable":true,"href":"https:\/\/radiosisal.com\/br\/wp-json\/wp\/v2\/comments?post=12036"}],"version-history":[{"count":1,"href":"https:\/\/radiosisal.com\/br\/wp-json\/wp\/v2\/posts\/12036\/revisions"}],"predecessor-version":[{"id":12038,"href":"https:\/\/radiosisal.com\/br\/wp-json\/wp\/v2\/posts\/12036\/revisions\/12038"}],"wp:featuredmedia":[{"embeddable":true,"href":"https:\/\/radiosisal.com\/br\/wp-json\/wp\/v2\/media\/12037"}],"wp:attachment":[{"href":"https:\/\/radiosisal.com\/br\/wp-json\/wp\/v2\/media?parent=12036"}],"wp:term":[{"taxonomy":"category","embeddable":true,"href":"https:\/\/radiosisal.com\/br\/wp-json\/wp\/v2\/categories?post=12036"},{"taxonomy":"post_tag","embeddable":true,"href":"https:\/\/radiosisal.com\/br\/wp-json\/wp\/v2\/tags?post=12036"}],"curies":[{"name":"wp","href":"https:\/\/api.w.org\/{rel}","templated":true}]}}