{"id":12042,"date":"2026-04-27T12:17:27","date_gmt":"2026-04-27T12:17:27","guid":{"rendered":"https:\/\/radiosisal.com\/br\/?p=12042"},"modified":"2026-04-27T12:17:29","modified_gmt":"2026-04-27T12:17:29","slug":"dia-do-trabalhador-1o-de-maio-e-feriado-ganho-em-dobro-se-trabalhar-saiba-o-que-diz-a-lei","status":"publish","type":"post","link":"https:\/\/radiosisal.com\/br\/2026\/04\/27\/dia-do-trabalhador-1o-de-maio-e-feriado-ganho-em-dobro-se-trabalhar-saiba-o-que-diz-a-lei\/","title":{"rendered":"DIA DO TRABALHADOR: 1\u00ba DE MAIO \u00c9 FERIADO? GANHO EM DOBRO SE TRABALHAR? SAIBA O QUE DIZ A LEI"},"content":{"rendered":"\n<p><\/p>\n\n\n\n<p>Quem for escalado para trabalhar na data tem alguns direitos assegurados, como pagamento em dobro ou folga compensat\u00f3ria.<\/p>\n\n\n\n<p>Muitos trabalhadores j\u00e1 est\u00e3o de olho no t\u00e3o esperado \u201cferiad\u00e3o\u201d prolongado que chega na&nbsp;<strong>pr\u00f3xima sexta-feira (1\u00ba): o Dia do Trabalhador<\/strong>. A data, considerada feriado nacional pela Consolida\u00e7\u00e3o das Leis do Trabalho (CLT), garante aos funcion\u00e1rios um dia de descanso.<\/p>\n\n\n\n<p>O Dia do Trabalhador entrou para a hist\u00f3ria ap\u00f3s uma greve oper\u00e1ria nos Estados Unidos, durante a Revolu\u00e7\u00e3o Industrial, que reivindicava a jornada de 8 horas di\u00e1rias e melhores condi\u00e7\u00f5es de trabalho.<\/p>\n\n\n\n<p>Como a data cai em uma sexta-feira, quem folga aos fins de semana poder\u00e1 ter tr\u00eas dias seguidos de descanso \u2014 de sexta a domingo.<\/p>\n\n\n\n<p>Enquanto alguns ter\u00e3o a oportunidade de aproveitar o tempo livre, outros seguir\u00e3o trabalhando normalmente. A legisla\u00e7\u00e3o trabalhista autoriza o funcionamento de atividades em setores considerados essenciais (<strong><em>veja quais abaixo<\/em><\/strong>).<\/p>\n\n\n\n<blockquote class=\"wp-block-quote is-layout-flow wp-block-quote-is-layout-flow\">\n<p><strong>\u26a0\ufe0f Mas aten\u00e7\u00e3o:&nbsp;<\/strong>quem for escalado para trabalhar no feriado tem direito a&nbsp;receber em dobro ou a uma folga compensat\u00f3ria. O&nbsp;<a class=\"\" href=\"https:\/\/g1.globo.com\/\"><strong>g1&nbsp;<\/strong><\/a>conversou com especialistas em direito trabalhista para explicar como funcionam as regras.<\/p>\n<\/blockquote>\n\n\n\n<p><strong>Abaixo, voc\u00ea vai descobrir:<\/strong><\/p>\n\n\n\n<ol class=\"wp-block-list\">\n<li><a href=\"https:\/\/g1.globo.com\/trabalho-e-carreira\/noticia\/2026\/04\/27\/dia-do-trabalhador-1o-de-maio-e-feriado.ghtml#1\" class=\"\"><strong>\ud83e\udd14 Meu chefe pode me obrigar a trabalhar durante o feriado?<\/strong><\/a><\/li>\n\n\n\n<li><a href=\"https:\/\/g1.globo.com\/trabalho-e-carreira\/noticia\/2026\/04\/27\/dia-do-trabalhador-1o-de-maio-e-feriado.ghtml#2\" class=\"\"><strong>\u2696\ufe0f Quais s\u00e3o os meus direitos?<\/strong><\/a><\/li>\n\n\n\n<li><a href=\"https:\/\/g1.globo.com\/trabalho-e-carreira\/noticia\/2026\/04\/27\/dia-do-trabalhador-1o-de-maio-e-feriado.ghtml#3\" class=\"\"><strong>\ud83d\udcb0 Remunera\u00e7\u00e3o em dobro ou folga? Quem define?<\/strong><\/a><\/li>\n\n\n\n<li><a href=\"https:\/\/g1.globo.com\/trabalho-e-carreira\/noticia\/2026\/04\/27\/dia-do-trabalhador-1o-de-maio-e-feriado.ghtml#4\" class=\"\"><strong>\u274c Faltei ao trabalho, apesar de ter sido escalado. Posso ser demitido por justa causa?<\/strong><\/a><\/li>\n\n\n\n<li><a href=\"https:\/\/g1.globo.com\/trabalho-e-carreira\/noticia\/2026\/04\/27\/dia-do-trabalhador-1o-de-maio-e-feriado.ghtml#5\" class=\"\"><strong>\u26a0\ufe0f As regras s\u00e3o diferentes para empregado fixo e tempor\u00e1rio?<\/strong><\/a><\/li>\n\n\n\n<li><a href=\"https:\/\/g1.globo.com\/trabalho-e-carreira\/noticia\/2026\/04\/27\/dia-do-trabalhador-1o-de-maio-e-feriado.ghtml#6\" class=\"\"><strong>\u270d\ud83c\udffc Como funciona no caso do trabalhador intermitente?<\/strong><\/a><\/li>\n\n\n\n<li><a href=\"https:\/\/g1.globo.com\/trabalho-e-carreira\/noticia\/2026\/04\/27\/dia-do-trabalhador-1o-de-maio-e-feriado.ghtml#7\" class=\"\"><strong>\ud83d\udcc6 Quais s\u00e3o os pr\u00f3ximos feriados de 2026?<\/strong><\/a><\/li>\n<\/ol>\n\n\n\n<h2 class=\"wp-block-heading\"><strong><br>1. Meu chefe pode me obrigar a trabalhar durante o feriado?<\/strong><\/h2>\n\n\n\n<p>Sim. Apesar do artigo 70 da CLT proibir atividades profissionais durante feriados nacionais,&nbsp;a legisla\u00e7\u00e3o abre exce\u00e7\u00f5es para servi\u00e7os considerados essenciais, como setores de ind\u00fastria, com\u00e9rcio, transportes, comunica\u00e7\u00f5es, servi\u00e7os funer\u00e1rios, atividades ligadas \u00e0 seguran\u00e7a, entre outros.<\/p>\n\n\n\n<p>Al\u00e9m disso, o empregador pode solicitar que o funcion\u00e1rio trabalhe durante o feriado quando houver uma Conven\u00e7\u00e3o Coletiva de Trabalho, que \u00e9 um acordo antecipado feito entre empregadores e sindicatos.<\/p>\n\n\n\n<h2 class=\"wp-block-heading\"><strong>2. Quais s\u00e3o os meus direitos?<\/strong><\/h2>\n\n\n\n<p>Para quem \u00e9 obrigado a trabalhar no feriado, a legisla\u00e7\u00e3o garante o&nbsp;<strong>pagamento da remunera\u00e7\u00e3o em dobro ou compensa\u00e7\u00e3o com folga em outro dia<\/strong>.<\/p>\n\n\n\n<blockquote class=\"wp-block-quote is-layout-flow wp-block-quote-is-layout-flow\">\n<p><em>&#8221; Havendo banco de horas tamb\u00e9m poder\u00e3o ser lan\u00e7adas estas horas de trabalho, nos termos do acordo individual ou coletivo&#8221;, explica Ana Gabriela Burlamaqui, advogada trabalhista e s\u00f3cia do A. C Burlamaqui Consultores.<\/em><\/p>\n<\/blockquote>\n\n\n\n<h2 class=\"wp-block-heading\"><strong>3. Remunera\u00e7\u00e3o em dobro ou folga? Quem define?<\/strong><\/h2>\n\n\n\n<p>A defini\u00e7\u00e3o do tipo de compensa\u00e7\u00e3o (seja atrav\u00e9s do pagamento em dobro ou concess\u00e3o de folga compensat\u00f3ria) geralmente \u00e9 determinada durante o acordo que feito entre empregador e sindicato.<\/p>\n\n\n\n<p>Na aus\u00eancia da Conven\u00e7\u00e3o Coletiva de Trabalho,&nbsp;<strong>a decis\u00e3o pode ser negociada entre empregador e funcion\u00e1rio.<\/strong>&nbsp;No entanto, \u00e9 importante que as duas partes estejam de acordo e que a compensa\u00e7\u00e3o escolhida esteja em conformidade com a legisla\u00e7\u00e3o.<\/p>\n\n\n\n<blockquote class=\"wp-block-quote is-layout-flow wp-block-quote-is-layout-flow\">\n<p><em>&#8220;O empregador n\u00e3o pode decidir de forma unilateral. Se houver um acordo ou conven\u00e7\u00e3o coletiva prevendo a compensa\u00e7\u00e3o por folga, essa regra prevalece; caso n\u00e3o exista, o pagamento em dobro pelo trabalho no feriado \u00e9 obrigat\u00f3rio&#8221;, afirma Elisa Alonso, advogada trabalhista e s\u00f3cia do RCA Advogados.<\/em><\/p>\n<\/blockquote>\n\n\n\n<h2 class=\"wp-block-heading\"><strong>4. Faltei ao trabalho, apesar de ter sido escalado. Posso ser demitido por justa causa?<\/strong><\/h2>\n\n\n\n<p>Depende. A falta pode ser entendida como insubordina\u00e7\u00e3o, que \u00e9 a desobedi\u00eancia a um superior.<\/p>\n\n\n\n<blockquote class=\"wp-block-quote is-layout-flow wp-block-quote-is-layout-flow\">\n<p><em>&#8220;Mas a dispensa por justa causa, em geral, n\u00e3o decorre de um fato isolado, mas de um comportamento faltoso de forma reiterada&#8221;, afirma Ana Gabriela Burlamaqui, advogada trabalhista.<\/em><\/p>\n<\/blockquote>\n\n\n\n<p>Com isso, a demiss\u00e3o por justa causa geralmente segue um processo que deve incluir uma soma de advert\u00eancias escritas e tentativas de corre\u00e7\u00e3o de comportamento.<\/p>\n\n\n\n<p>Em caso de expediente normal, o empregado poder\u00e1 sofrer outras penalidades administrativas como o desconto do dia n\u00e3o trabalhado, que ser\u00e1 considerado falta injustificada.<\/p>\n\n\n\n<blockquote class=\"wp-block-quote is-layout-flow wp-block-quote-is-layout-flow\">\n<p><em>&#8220;A falta injustificada deve ser repreendida, no entanto, para fins de justa causa necess\u00e1rio que outros sejam analisados, como a recorr\u00eancia da conduta, o impacto causado \u00e0 empresa e a fun\u00e7\u00e3o desempenhada pelo empregado, por exemplo&#8221;, completa a advogada trabalhista Elisa Alonso.<\/em><\/p>\n<\/blockquote>\n\n\n\n<h2 class=\"wp-block-heading\"><strong>5. As regras s\u00e3o diferentes para empregado fixo e tempor\u00e1rio?<\/strong><\/h2>\n\n\n\n<p>As regras b\u00e1sicas sobre trabalho em feriados aplicam-se tanto a empregados fixos quanto tempor\u00e1rios,&nbsp;<strong>incluindo o direito ao pagamento em dobro ou folga compensat\u00f3ria<\/strong>.<\/p>\n\n\n\n<p>No entanto, contratados por meio de v\u00ednculo de trabalho tempor\u00e1rio podem ter pr\u00e9-condi\u00e7\u00f5es espec\u00edficas.<\/p>\n\n\n\n<h2 class=\"wp-block-heading\"><strong>6. Como funciona no caso do trabalhador intermitente?<\/strong><\/h2>\n\n\n\n<p>Para o trabalhador que \u00e9 contratado em regime de trabalho intermitente (previs\u00e3o legal inserida na CLT pela Reforma Trabalhista de 2017), o pagamento em feriados&nbsp;<strong>deve ser acordado no momento da admiss\u00e3o<\/strong>.<\/p>\n\n\n\n<p>O contrato deve especificar o valor da hora de trabalho, que j\u00e1 deve considerar os adicionais devidos por trabalho em feriados ou horas extras.<\/p>\n\n\n\n<p>Dessa forma, o trabalhador intermitente receber\u00e1 o valor que foi combinado para os dias trabalhados, incluindo feriados, aponta o advogado Lu\u00eds Nicoli.<\/p>\n\n\n\n<h2 class=\"wp-block-heading\"><strong>7. Quais s\u00e3o os pr\u00f3ximos feriados de 2026?<\/strong><\/h2>\n\n\n\n<p>Depois de abril,&nbsp;<strong>a pr\u00f3xima<\/strong>&nbsp;possibilidade de emenda \u00e9 o Corpus Christi, em 4 de junho,&nbsp;<strong>que \u00e9 considerado ponto facultativo nacional<\/strong>. Ou seja, cada estado ou munic\u00edpio tem autonomia para decretar a data como feriado religioso, desde que haja regulamenta\u00e7\u00e3o local.<\/p>\n\n\n\n<p>Nas cidades onde a data \u00e9 considerada feriado,\u00a0<strong>a regra \u00e9 a dispensa do trabalhador<\/strong>. Caso seja necess\u00e1rio trabalhar, h\u00e1 direito ao pagamento em dobro ou a uma folga compensat\u00f3ria.<strong>Veja abaixo os pr\u00f3ximos feriados nacionais e os dias da semana em que caem<\/strong>:<\/p>\n\n\n\n<ul class=\"wp-block-list\">\n<li><strong>7 de setembro<\/strong>, Independ\u00eancia do Brasil (segunda-feira)<\/li>\n\n\n\n<li><strong>12 de outubro<\/strong>, Nossa Senhora Aparecida (segunda-feira)<\/li>\n\n\n\n<li><strong>2 de novembro<\/strong>, Finados (segunda-feira)<\/li>\n\n\n\n<li><strong>15 de novembro<\/strong>, Proclama\u00e7\u00e3o da Rep\u00fablica (domingo)<\/li>\n\n\n\n<li><strong>20 de novembro,<\/strong>\u00a0Dia da Consci\u00eancia Negra (sexta-feira)<\/li>\n\n\n\n<li><strong>25 de dezembro<\/strong>, Natal (sexta-feira)<\/li>\n<\/ul>\n\n\n\n<p><strong>Confira tamb\u00e9m os pr\u00f3ximos pontos facultativos, que podem render folgas em alguns casos:<\/strong><\/p>\n\n\n\n<p><strong>31 de dezembro<\/strong>, v\u00e9spera de Ano Novo (ap\u00f3s 13h) (quinta-feira)<\/p>\n\n\n\n<p><strong>4 de junho<\/strong>, Corpus Christi (quinta-feira)<\/p>\n\n\n\n<p><strong>5 de junho<\/strong>\u00a0(sexta-feira)<\/p>\n\n\n\n<p><strong>28 de outubro<\/strong>, Dia do Servidor P\u00fablico (quarta-feira)<\/p>\n\n\n\n<p><strong>24 de dezembro<\/strong>,<strong>\u00a0<\/strong>v\u00e9spera de Natal (ap\u00f3s 13h) (quinta-feira)<\/p>\n\n\n\n<p><\/p>\n\n\n\n<p class=\"bs-intro\">FONTE: G1<\/p>\n\n\n\n<ul class=\"wp-block-social-links has-icon-color is-style-logos-only is-vertical is-layout-flex wp-container-core-social-links-is-layout-8cf370e7 wp-block-social-links-is-layout-flex\"><li style=\"color:#0693e3;\" class=\"wp-social-link wp-social-link-whatsapp has-vivid-cyan-blue-color wp-block-social-link\"><a href=\"https:\/\/wa.me\/\/75991238048\" class=\"wp-block-social-link-anchor\"><svg width=\"24\" height=\"24\" viewBox=\"0 0 24 24\" version=\"1.1\" xmlns=\"http:\/\/www.w3.org\/2000\/svg\" aria-hidden=\"true\" focusable=\"false\"><path d=\"M 12.011719 2 C 6.5057187 2 2.0234844 6.478375 2.0214844 11.984375 C 2.0204844 13.744375 2.4814687 15.462563 3.3554688 16.976562 L 2 22 L 7.2324219 20.763672 C 8.6914219 21.559672 10.333859 21.977516 12.005859 21.978516 L 12.009766 21.978516 C 17.514766 21.978516 21.995047 17.499141 21.998047 11.994141 C 22.000047 9.3251406 20.962172 6.8157344 19.076172 4.9277344 C 17.190172 3.0407344 14.683719 2.001 12.011719 2 z M 12.009766 4 C 14.145766 4.001 16.153109 4.8337969 17.662109 6.3417969 C 19.171109 7.8517969 20.000047 9.8581875 19.998047 11.992188 C 19.996047 16.396187 16.413812 19.978516 12.007812 19.978516 C 10.674812 19.977516 9.3544062 19.642812 8.1914062 19.007812 L 7.5175781 18.640625 L 6.7734375 18.816406 L 4.8046875 19.28125 L 5.2851562 17.496094 L 5.5019531 16.695312 L 5.0878906 15.976562 C 4.3898906 14.768562 4.0204844 13.387375 4.0214844 11.984375 C 4.0234844 7.582375 7.6067656 4 12.009766 4 z M 8.4765625 7.375 C 8.3095625 7.375 8.0395469 7.4375 7.8105469 7.6875 C 7.5815469 7.9365 6.9355469 8.5395781 6.9355469 9.7675781 C 6.9355469 10.995578 7.8300781 12.182609 7.9550781 12.349609 C 8.0790781 12.515609 9.68175 15.115234 12.21875 16.115234 C 14.32675 16.946234 14.754891 16.782234 15.212891 16.740234 C 15.670891 16.699234 16.690438 16.137687 16.898438 15.554688 C 17.106437 14.971687 17.106922 14.470187 17.044922 14.367188 C 16.982922 14.263188 16.816406 14.201172 16.566406 14.076172 C 16.317406 13.951172 15.090328 13.348625 14.861328 13.265625 C 14.632328 13.182625 14.464828 13.140625 14.298828 13.390625 C 14.132828 13.640625 13.655766 14.201187 13.509766 14.367188 C 13.363766 14.534188 13.21875 14.556641 12.96875 14.431641 C 12.71875 14.305641 11.914938 14.041406 10.960938 13.191406 C 10.218937 12.530406 9.7182656 11.714844 9.5722656 11.464844 C 9.4272656 11.215844 9.5585938 11.079078 9.6835938 10.955078 C 9.7955938 10.843078 9.9316406 10.663578 10.056641 10.517578 C 10.180641 10.371578 10.223641 10.267562 10.306641 10.101562 C 10.389641 9.9355625 10.347156 9.7890625 10.285156 9.6640625 C 10.223156 9.5390625 9.737625 8.3065 9.515625 7.8125 C 9.328625 7.3975 9.131125 7.3878594 8.953125 7.3808594 C 8.808125 7.3748594 8.6425625 7.375 8.4765625 7.375 z\"><\/path><\/svg><span class=\"wp-block-social-link-label screen-reader-text\">WhatsApp<\/span><\/a><\/li>\n\n<li style=\"color:#0693e3;\" class=\"wp-social-link wp-social-link-instagram has-vivid-cyan-blue-color wp-block-social-link\"><a href=\"https:\/\/www.instagram.com\/radiosisal97.3\/profilecard\/?igsh=MWo1azd5aXNvN2hmcQ==\" class=\"wp-block-social-link-anchor\"><svg width=\"24\" height=\"24\" viewBox=\"0 0 24 24\" version=\"1.1\" xmlns=\"http:\/\/www.w3.org\/2000\/svg\" aria-hidden=\"true\" focusable=\"false\"><path d=\"M12,4.622c2.403,0,2.688,0.009,3.637,0.052c0.877,0.04,1.354,0.187,1.671,0.31c0.42,0.163,0.72,0.358,1.035,0.673 c0.315,0.315,0.51,0.615,0.673,1.035c0.123,0.317,0.27,0.794,0.31,1.671c0.043,0.949,0.052,1.234,0.052,3.637 s-0.009,2.688-0.052,3.637c-0.04,0.877-0.187,1.354-0.31,1.671c-0.163,0.42-0.358,0.72-0.673,1.035 c-0.315,0.315-0.615,0.51-1.035,0.673c-0.317,0.123-0.794,0.27-1.671,0.31c-0.949,0.043-1.233,0.052-3.637,0.052 s-2.688-0.009-3.637-0.052c-0.877-0.04-1.354-0.187-1.671-0.31c-0.42-0.163-0.72-0.358-1.035-0.673 c-0.315-0.315-0.51-0.615-0.673-1.035c-0.123-0.317-0.27-0.794-0.31-1.671C4.631,14.688,4.622,14.403,4.622,12 s0.009-2.688,0.052-3.637c0.04-0.877,0.187-1.354,0.31-1.671c0.163-0.42,0.358-0.72,0.673-1.035 c0.315-0.315,0.615-0.51,1.035-0.673c0.317-0.123,0.794-0.27,1.671-0.31C9.312,4.631,9.597,4.622,12,4.622 M12,3 C9.556,3,9.249,3.01,8.289,3.054C7.331,3.098,6.677,3.25,6.105,3.472C5.513,3.702,5.011,4.01,4.511,4.511 c-0.5,0.5-0.808,1.002-1.038,1.594C3.25,6.677,3.098,7.331,3.054,8.289C3.01,9.249,3,9.556,3,12c0,2.444,0.01,2.751,0.054,3.711 c0.044,0.958,0.196,1.612,0.418,2.185c0.23,0.592,0.538,1.094,1.038,1.594c0.5,0.5,1.002,0.808,1.594,1.038 c0.572,0.222,1.227,0.375,2.185,0.418C9.249,20.99,9.556,21,12,21s2.751-0.01,3.711-0.054c0.958-0.044,1.612-0.196,2.185-0.418 c0.592-0.23,1.094-0.538,1.594-1.038c0.5-0.5,0.808-1.002,1.038-1.594c0.222-0.572,0.375-1.227,0.418-2.185 C20.99,14.751,21,14.444,21,12s-0.01-2.751-0.054-3.711c-0.044-0.958-0.196-1.612-0.418-2.185c-0.23-0.592-0.538-1.094-1.038-1.594 c-0.5-0.5-1.002-0.808-1.594-1.038c-0.572-0.222-1.227-0.375-2.185-0.418C14.751,3.01,14.444,3,12,3L12,3z M12,7.378 c-2.552,0-4.622,2.069-4.622,4.622S9.448,16.622,12,16.622s4.622-2.069,4.622-4.622S14.552,7.378,12,7.378z M12,15 c-1.657,0-3-1.343-3-3s1.343-3,3-3s3,1.343,3,3S13.657,15,12,15z M16.804,6.116c-0.596,0-1.08,0.484-1.08,1.08 s0.484,1.08,1.08,1.08c0.596,0,1.08-0.484,1.08-1.08S17.401,6.116,16.804,6.116z\"><\/path><\/svg><span class=\"wp-block-social-link-label screen-reader-text\">Instagram<\/span><\/a><\/li>\n\n<li style=\"color:#0693e3;\" class=\"wp-social-link wp-social-link-facebook has-vivid-cyan-blue-color wp-block-social-link\"><a href=\"https:\/\/www.facebook.com\/share\/1A7WveK9ft\/?mibextid=wwXIfr\" class=\"wp-block-social-link-anchor\"><svg width=\"24\" height=\"24\" viewBox=\"0 0 24 24\" version=\"1.1\" xmlns=\"http:\/\/www.w3.org\/2000\/svg\" aria-hidden=\"true\" focusable=\"false\"><path d=\"M12 2C6.5 2 2 6.5 2 12c0 5 3.7 9.1 8.4 9.9v-7H7.9V12h2.5V9.8c0-2.5 1.5-3.9 3.8-3.9 1.1 0 2.2.2 2.2.2v2.5h-1.3c-1.2 0-1.6.8-1.6 1.6V12h2.8l-.4 2.9h-2.3v7C18.3 21.1 22 17 22 12c0-5.5-4.5-10-10-10z\"><\/path><\/svg><span class=\"wp-block-social-link-label screen-reader-text\">Facebook<\/span><\/a><\/li><\/ul>\n\n\n\n<p><\/p>\n","protected":false},"excerpt":{"rendered":"<p>Quem for escalado para trabalhar na data tem alguns direitos assegurados, como pagamento em dobro ou folga compensat\u00f3ria. Muitos trabalhadores j\u00e1 est\u00e3o de olho no t\u00e3o esperado \u201cferiad\u00e3o\u201d prolongado que chega na&nbsp;pr\u00f3xima sexta-feira (1\u00ba): o Dia do Trabalhador. A data, considerada feriado nacional pela Consolida\u00e7\u00e3o das Leis do Trabalho (CLT), garante aos funcion\u00e1rios um dia [&hellip;]<\/p>\n","protected":false},"author":2,"featured_media":12043,"comment_status":"open","ping_status":"open","sticky":false,"template":"","format":"standard","meta":{"footnotes":""},"categories":[1],"tags":[],"class_list":["post-12042","post","type-post","status-publish","format-standard","has-post-thumbnail","hentry","category-geral"],"jetpack_sharing_enabled":true,"jetpack_featured_media_url":"https:\/\/i0.wp.com\/radiosisal.com\/br\/wp-content\/uploads\/2026\/04\/WhatsApp-Image-2026-04-27-at-09.11.18.jpeg?fit=984%2C554&ssl=1","_links":{"self":[{"href":"https:\/\/radiosisal.com\/br\/wp-json\/wp\/v2\/posts\/12042","targetHints":{"allow":["GET"]}}],"collection":[{"href":"https:\/\/radiosisal.com\/br\/wp-json\/wp\/v2\/posts"}],"about":[{"href":"https:\/\/radiosisal.com\/br\/wp-json\/wp\/v2\/types\/post"}],"author":[{"embeddable":true,"href":"https:\/\/radiosisal.com\/br\/wp-json\/wp\/v2\/users\/2"}],"replies":[{"embeddable":true,"href":"https:\/\/radiosisal.com\/br\/wp-json\/wp\/v2\/comments?post=12042"}],"version-history":[{"count":1,"href":"https:\/\/radiosisal.com\/br\/wp-json\/wp\/v2\/posts\/12042\/revisions"}],"predecessor-version":[{"id":12044,"href":"https:\/\/radiosisal.com\/br\/wp-json\/wp\/v2\/posts\/12042\/revisions\/12044"}],"wp:featuredmedia":[{"embeddable":true,"href":"https:\/\/radiosisal.com\/br\/wp-json\/wp\/v2\/media\/12043"}],"wp:attachment":[{"href":"https:\/\/radiosisal.com\/br\/wp-json\/wp\/v2\/media?parent=12042"}],"wp:term":[{"taxonomy":"category","embeddable":true,"href":"https:\/\/radiosisal.com\/br\/wp-json\/wp\/v2\/categories?post=12042"},{"taxonomy":"post_tag","embeddable":true,"href":"https:\/\/radiosisal.com\/br\/wp-json\/wp\/v2\/tags?post=12042"}],"curies":[{"name":"wp","href":"https:\/\/api.w.org\/{rel}","templated":true}]}}