{"id":12052,"date":"2026-04-28T10:31:26","date_gmt":"2026-04-28T10:31:26","guid":{"rendered":"https:\/\/radiosisal.com\/br\/?p=12052"},"modified":"2026-04-28T10:31:28","modified_gmt":"2026-04-28T10:31:28","slug":"coite-folia-2026-tera-reforco-de-cerca-de-25-agentes-da-guarda-municipal","status":"publish","type":"post","link":"https:\/\/radiosisal.com\/br\/2026\/04\/28\/coite-folia-2026-tera-reforco-de-cerca-de-25-agentes-da-guarda-municipal\/","title":{"rendered":"COIT\u00c9 FOLIA 2026 TER\u00c1 REFOR\u00c7O DE CERCA DE 25 AGENTES DA GUARDA MUNICIPAL"},"content":{"rendered":"\n<p><\/p>\n\n\n\n<p>A Prefeitura de Concei\u00e7\u00e3o do Coit\u00e9, por meio do Departamento de Seguran\u00e7a P\u00fablica, vai mobilizar cerca de 25 agentes da Guarda Civil Municipal (GCM) para atuar durante o Coit\u00e9 Folia 2026 que acontece nesta quinta-feira (30) e segue at\u00e9 o dia 03 de maio.&nbsp;<strong>As informa\u00e7\u00f5es s\u00e3o da pr\u00f3pria Secretaria de Seguran\u00e7a P\u00fablica&nbsp;<\/strong><\/p>\n\n\n\n<p><strong>Veja tamb\u00e9m:<\/strong><\/p>\n\n\n\n<p><strong><a href=\"https:\/\/portalraizes.com.br\/investigadores-da-policia-civil-irao-atuar-disfarcados-de-folioes-de-forma-estrategica-na-coite-folia-2026\/\">Investigadores da Pol\u00edcia Civil ir\u00e3o atuar disfar\u00e7ados de foli\u00f5es, de forma estrat\u00e9gica na Coit\u00e9 Folia 2026<\/a><\/strong><\/p>\n\n\n\n<p><a href=\"https:\/\/portalraizes.com.br\/lmonitoramento-por-reconhecimento-facial-sera-usado-em-todos-os-acessos-no-coite-folia-2026\/\">Monitoramento por reconhecimento facial ser\u00e1 usado em todos os acessos no Coit\u00e9 Folia 2026<\/a><\/p>\n\n\n\n<p>O efetivo contar\u00e1 tamb\u00e9m com o apoio dos Agentes de Tr\u00e2nsito, utilizando viaturas de quatro rodas e motocicletas para garantir a seguran\u00e7a ao longo de todos os dias do evento.<\/p>\n\n\n\n<p>De acordo com o diretor de Seguran\u00e7a P\u00fablica, Ivaldo Ara\u00fajo,&nbsp; as equipes realizar\u00e3o rondas constantes em todo o circuito da festa e nas \u00e1reas adjacentes, refor\u00e7ando a prote\u00e7\u00e3o dos foli\u00f5es. Al\u00e9m disso, a GCM dar\u00e1 suporte log\u00edstico aos artistas, principalmente nos momentos de embarque e desembarque nos trios el\u00e9tricos.<\/p>\n\n\n\n<p>A atua\u00e7\u00e3o tamb\u00e9m inclui apoio aos fiscais da Prefeitura nas a\u00e7\u00f5es voltadas aos ambulantes e em outras demandas que surgirem durante a festa, com o objetivo de manter a organiza\u00e7\u00e3o e o bom andamento do Coit\u00e9 Folia.<\/p>\n\n\n\n<p class=\"bs-intro\">FONTE: <a href=\"https:\/\/portalraizes.com.br\/\">https:\/\/portalraizes.com.br\/<\/a><\/p>\n\n\n\n<ul class=\"wp-block-social-links has-icon-color is-style-logos-only is-vertical is-layout-flex wp-container-core-social-links-is-layout-8cf370e7 wp-block-social-links-is-layout-flex\">\n\n<li style=\"color:#0693e3;\" class=\"wp-social-link wp-social-link-instagram has-vivid-cyan-blue-color wp-block-social-link\"><a href=\"https:\/\/wa.me\/\/75991238048\" class=\"wp-block-social-link-anchor\"><svg width=\"24\" height=\"24\" viewBox=\"0 0 24 24\" version=\"1.1\" xmlns=\"http:\/\/www.w3.org\/2000\/svg\" aria-hidden=\"true\" focusable=\"false\"><path d=\"M12,4.622c2.403,0,2.688,0.009,3.637,0.052c0.877,0.04,1.354,0.187,1.671,0.31c0.42,0.163,0.72,0.358,1.035,0.673 c0.315,0.315,0.51,0.615,0.673,1.035c0.123,0.317,0.27,0.794,0.31,1.671c0.043,0.949,0.052,1.234,0.052,3.637 s-0.009,2.688-0.052,3.637c-0.04,0.877-0.187,1.354-0.31,1.671c-0.163,0.42-0.358,0.72-0.673,1.035 c-0.315,0.315-0.615,0.51-1.035,0.673c-0.317,0.123-0.794,0.27-1.671,0.31c-0.949,0.043-1.233,0.052-3.637,0.052 s-2.688-0.009-3.637-0.052c-0.877-0.04-1.354-0.187-1.671-0.31c-0.42-0.163-0.72-0.358-1.035-0.673 c-0.315-0.315-0.51-0.615-0.673-1.035c-0.123-0.317-0.27-0.794-0.31-1.671C4.631,14.688,4.622,14.403,4.622,12 s0.009-2.688,0.052-3.637c0.04-0.877,0.187-1.354,0.31-1.671c0.163-0.42,0.358-0.72,0.673-1.035 c0.315-0.315,0.615-0.51,1.035-0.673c0.317-0.123,0.794-0.27,1.671-0.31C9.312,4.631,9.597,4.622,12,4.622 M12,3 C9.556,3,9.249,3.01,8.289,3.054C7.331,3.098,6.677,3.25,6.105,3.472C5.513,3.702,5.011,4.01,4.511,4.511 c-0.5,0.5-0.808,1.002-1.038,1.594C3.25,6.677,3.098,7.331,3.054,8.289C3.01,9.249,3,9.556,3,12c0,2.444,0.01,2.751,0.054,3.711 c0.044,0.958,0.196,1.612,0.418,2.185c0.23,0.592,0.538,1.094,1.038,1.594c0.5,0.5,1.002,0.808,1.594,1.038 c0.572,0.222,1.227,0.375,2.185,0.418C9.249,20.99,9.556,21,12,21s2.751-0.01,3.711-0.054c0.958-0.044,1.612-0.196,2.185-0.418 c0.592-0.23,1.094-0.538,1.594-1.038c0.5-0.5,0.808-1.002,1.038-1.594c0.222-0.572,0.375-1.227,0.418-2.185 C20.99,14.751,21,14.444,21,12s-0.01-2.751-0.054-3.711c-0.044-0.958-0.196-1.612-0.418-2.185c-0.23-0.592-0.538-1.094-1.038-1.594 c-0.5-0.5-1.002-0.808-1.594-1.038c-0.572-0.222-1.227-0.375-2.185-0.418C14.751,3.01,14.444,3,12,3L12,3z M12,7.378 c-2.552,0-4.622,2.069-4.622,4.622S9.448,16.622,12,16.622s4.622-2.069,4.622-4.622S14.552,7.378,12,7.378z M12,15 c-1.657,0-3-1.343-3-3s1.343-3,3-3s3,1.343,3,3S13.657,15,12,15z M16.804,6.116c-0.596,0-1.08,0.484-1.08,1.08 s0.484,1.08,1.08,1.08c0.596,0,1.08-0.484,1.08-1.08S17.401,6.116,16.804,6.116z\"><\/path><\/svg><span class=\"wp-block-social-link-label screen-reader-text\">Instagram<\/span><\/a><\/li>\n\n<li style=\"color:#0693e3;\" class=\"wp-social-link wp-social-link-facebook has-vivid-cyan-blue-color wp-block-social-link\"><a href=\"https:\/\/www.instagram.com\/radiosisal97.3\/profilecard\/?igsh=MWo1azd5aXNvN2hmcQ==\" class=\"wp-block-social-link-anchor\"><svg width=\"24\" height=\"24\" viewBox=\"0 0 24 24\" version=\"1.1\" xmlns=\"http:\/\/www.w3.org\/2000\/svg\" aria-hidden=\"true\" focusable=\"false\"><path d=\"M12 2C6.5 2 2 6.5 2 12c0 5 3.7 9.1 8.4 9.9v-7H7.9V12h2.5V9.8c0-2.5 1.5-3.9 3.8-3.9 1.1 0 2.2.2 2.2.2v2.5h-1.3c-1.2 0-1.6.8-1.6 1.6V12h2.8l-.4 2.9h-2.3v7C18.3 21.1 22 17 22 12c0-5.5-4.5-10-10-10z\"><\/path><\/svg><span class=\"wp-block-social-link-label screen-reader-text\">Facebook<\/span><\/a><\/li><\/ul>\n\n\n\n<p><\/p>\n","protected":false},"excerpt":{"rendered":"<p>A Prefeitura de Concei\u00e7\u00e3o do Coit\u00e9, por meio do Departamento de Seguran\u00e7a P\u00fablica, vai mobilizar cerca de 25 agentes da Guarda Civil Municipal (GCM) para atuar durante o Coit\u00e9 Folia 2026 que acontece nesta quinta-feira (30) e segue at\u00e9 o dia 03 de maio.&nbsp;As informa\u00e7\u00f5es s\u00e3o da pr\u00f3pria Secretaria de Seguran\u00e7a P\u00fablica&nbsp; Veja tamb\u00e9m: Investigadores [&hellip;]<\/p>\n","protected":false},"author":2,"featured_media":12053,"comment_status":"open","ping_status":"open","sticky":false,"template":"","format":"standard","meta":{"footnotes":""},"categories":[1],"tags":[],"class_list":["post-12052","post","type-post","status-publish","format-standard","has-post-thumbnail","hentry","category-geral"],"jetpack_sharing_enabled":true,"jetpack_featured_media_url":"https:\/\/i0.wp.com\/radiosisal.com\/br\/wp-content\/uploads\/2026\/04\/IMG-20260427-WA0265.jpg?fit=880%2C629&ssl=1","_links":{"self":[{"href":"https:\/\/radiosisal.com\/br\/wp-json\/wp\/v2\/posts\/12052","targetHints":{"allow":["GET"]}}],"collection":[{"href":"https:\/\/radiosisal.com\/br\/wp-json\/wp\/v2\/posts"}],"about":[{"href":"https:\/\/radiosisal.com\/br\/wp-json\/wp\/v2\/types\/post"}],"author":[{"embeddable":true,"href":"https:\/\/radiosisal.com\/br\/wp-json\/wp\/v2\/users\/2"}],"replies":[{"embeddable":true,"href":"https:\/\/radiosisal.com\/br\/wp-json\/wp\/v2\/comments?post=12052"}],"version-history":[{"count":1,"href":"https:\/\/radiosisal.com\/br\/wp-json\/wp\/v2\/posts\/12052\/revisions"}],"predecessor-version":[{"id":12054,"href":"https:\/\/radiosisal.com\/br\/wp-json\/wp\/v2\/posts\/12052\/revisions\/12054"}],"wp:featuredmedia":[{"embeddable":true,"href":"https:\/\/radiosisal.com\/br\/wp-json\/wp\/v2\/media\/12053"}],"wp:attachment":[{"href":"https:\/\/radiosisal.com\/br\/wp-json\/wp\/v2\/media?parent=12052"}],"wp:term":[{"taxonomy":"category","embeddable":true,"href":"https:\/\/radiosisal.com\/br\/wp-json\/wp\/v2\/categories?post=12052"},{"taxonomy":"post_tag","embeddable":true,"href":"https:\/\/radiosisal.com\/br\/wp-json\/wp\/v2\/tags?post=12052"}],"curies":[{"name":"wp","href":"https:\/\/api.w.org\/{rel}","templated":true}]}}