{"id":12064,"date":"2026-04-28T12:57:50","date_gmt":"2026-04-28T12:57:50","guid":{"rendered":"https:\/\/radiosisal.com\/br\/?p=12064"},"modified":"2026-04-28T12:57:52","modified_gmt":"2026-04-28T12:57:52","slug":"fgts-para-abater-dividas-desconto-de-ate-90-e-mais-o-que-se-sabe-sobre-o-pacote-do-governo-para-reduzir-o-endividamento","status":"publish","type":"post","link":"https:\/\/radiosisal.com\/br\/2026\/04\/28\/fgts-para-abater-dividas-desconto-de-ate-90-e-mais-o-que-se-sabe-sobre-o-pacote-do-governo-para-reduzir-o-endividamento\/","title":{"rendered":"FGTS PARA ABATER D\u00cdVIDAS, DESCONTO DE AT\u00c9 90% E MAIS: O QUE SE SABE SOBRE O PACOTE DO GOVERNO PARA REDUZIR O ENDIVIDAMENTO"},"content":{"rendered":"\n<p><\/p>\n\n\n\n<p>Segundo o ministro da Fazenda, Dario Durigan, o plano ser\u00e1 apresentado ao presidente Lula nesta ter\u00e7a-feira (28). O an\u00fancio oficial deve ocorrer ainda nesta semana.<\/p>\n\n\n\n<p>O governo federal\u00a0<a href=\"https:\/\/g1.globo.com\/economia\/noticia\/2026\/04\/27\/governo-vai-usar-fgts-em-programa-para-brasileiros-endividados-diz-durigan.ghtml\" class=\"\">vai permitir o uso de recursos do Fundo de Garantia por Tempo de Servi\u00e7o (FGTS) por brasileiros endividados<\/a>, informou o ministro da Fazenda, Dario Durigan, nesta segunda-feira (27).<\/p>\n\n\n\n<p>A iniciativa integra um conjunto de medidas que busca reduzir o n\u00edvel de endividamento no pa\u00eds. Atualmente,&nbsp;<a class=\"\" href=\"https:\/\/g1.globo.com\/economia\/noticia\/2026\/04\/07\/endividamento-familias-cnc.ghtml\">80,4% das fam\u00edlias est\u00e3o nessa situa\u00e7\u00e3o<\/a>, segundo pesquisa da Confedera\u00e7\u00e3o Nacional do Com\u00e9rcio de Bens, Servi\u00e7os e Turismo (CNC).<\/p>\n\n\n\n<h2 class=\"wp-block-heading\">O que as medidas preveem?<\/h2>\n\n\n\n<p>Em linhas gerais, incluem a&nbsp;<strong>libera\u00e7\u00e3o do uso do&nbsp;<\/strong><a class=\"\" href=\"https:\/\/g1.globo.com\/tudo-sobre\/fgts\/\">FGTS<\/a><strong>&nbsp;<\/strong>e a&nbsp;<strong>renegocia\u00e7\u00e3o de d\u00edvidas<\/strong>&nbsp;de cart\u00e3o de cr\u00e9dito, cr\u00e9dito direto ao consumidor (CDC) e cheque especial.<\/p>\n\n\n\n<p>Como mostrou o&nbsp;<a class=\"\" href=\"https:\/\/g1.globo.com\/\"><strong>g1<\/strong><\/a>, o uso do cr\u00e9dito rotativo do cart\u00e3o \u2014 a modalidade mais cara do mercado financeiro \u2014&nbsp;<a class=\"\" href=\"https:\/\/g1.globo.com\/economia\/noticia\/2026\/04\/27\/apesar-do-juro-alto-familias-recorrem-mais-ao-rotativo-do-cartao-de-credito-emprestimos-somam-r-110-bi-no-1o-trimestre.ghtml\">subiu quase 10% no primeiro trimestre<\/a>. Esse tipo de cr\u00e9dito \u00e9 apontado como um dos principais fatores do alto n\u00edvel de endividamento da popula\u00e7\u00e3o brasileira.<\/p>\n\n\n\n<h2 class=\"wp-block-heading\"><strong>Quem poder\u00e1 aderir?<\/strong><\/h2>\n\n\n\n<p>O recorte ainda n\u00e3o foi divulgado oficialmente pelo governo. O&nbsp;<a class=\"\" href=\"https:\/\/g1.globo.com\/\"><strong>g1<\/strong><\/a>&nbsp;apurou, no entanto, que o novo programa voltado \u00e0 negocia\u00e7\u00e3o de d\u00edvidas ser\u00e1 direcionado a brasileiros com renda de at\u00e9 cinco sal\u00e1rios m\u00ednimos (<strong>R$ 8.105,00<\/strong>).<\/p>\n\n\n\n<h2 class=\"wp-block-heading\"><strong>Qual o objetivo das medidas?<\/strong><\/h2>\n\n\n\n<p>A proposta do governo \u00e9 reduzir o comprometimento da renda das fam\u00edlias e aliviar o peso das d\u00edvidas no or\u00e7amento dom\u00e9stico. A iniciativa ocorre no mesmo ano em que o presidente&nbsp;<a class=\"\" href=\"https:\/\/g1.globo.com\/tudo-sobre\/luiz-inacio-lula-da-silva\/\">Luiz In\u00e1cio Lula da Silva<\/a>&nbsp;(<a class=\"\" href=\"https:\/\/g1.globo.com\/politica\/partido\/pt\/\">PT<\/a>) concorre \u00e0 reelei\u00e7\u00e3o.<\/p>\n\n\n\n<p>Segundo Durigan, a iniciativa prev\u00ea, como diretriz geral, a redu\u00e7\u00e3o de d\u00edvidas de cart\u00e3o de cr\u00e9dito, cr\u00e9dito direto ao consumidor (CDC) e cheque especial.<\/p>\n\n\n\n<h2 class=\"wp-block-heading\">Terei desconto no pagamento das d\u00edvidas?<\/h2>\n\n\n\n<p>Sim. O novo programa prev\u00ea descontos no processo de renegocia\u00e7\u00e3o e condi\u00e7\u00f5es mais favor\u00e1veis de pagamento, com potencial de reduzir significativamente o valor das d\u00edvidas.&nbsp;<strong>Em alguns casos, a redu\u00e7\u00e3o pode chegar a cerca de 90%.<\/strong><\/p>\n\n\n\n<p>O ministro da Fazenda afirmou que se reuniu com os presidentes dos principais bancos do pa\u00eds, incluindo Banco do Brasil e Caixa Econ\u00f4mica Federal, para discutir a medida.<\/p>\n\n\n\n<p>&#8220;Conversamos tamb\u00e9m sobre o compromisso dos bancos com boas pr\u00e1ticas, tanto na oferta de cr\u00e9dito futuro quanto do ponto de vista da educa\u00e7\u00e3o financeira e dos projetos e programas que temos&#8221;, disse.<\/p>\n\n\n\n<h2 class=\"wp-block-heading\">Haver\u00e1 restri\u00e7\u00f5es quanto ao uso do FGTS?<\/h2>\n\n\n\n<p>Sim. Durigan afirmou que o governo pretende impor limites ao uso do fundo, vinculando o saque ao pagamento das d\u00edvidas.<\/p>\n\n\n\n<p>&#8220;Ser\u00e1 um saque vinculado ao pagamento da d\u00edvida do programa, mas n\u00e3o necessariamente maior do que a d\u00edvida&#8221;, afirmou o ministro, sem dar mais detalhes.<\/p>\n\n\n\n<h2 class=\"wp-block-heading\">Como o governo quer viabilizar o uso do FGTS?<\/h2>\n\n\n\n<p>Ap\u00f3s enfrentar dificuldades jur\u00eddicas, o governo federal estuda editar uma Medida Provis\u00f3ria (MP) para permitir o uso do FGTS no abatimento de d\u00edvidas, segundo o&nbsp;<a class=\"\" href=\"https:\/\/g1.globo.com\/economia\/blog\/ana-flor\/post\/2026\/04\/27\/governo-estuda-editar-mp-para-agilizar-uso-do-fgts-para-abatimento-de-dividas.ghtml\"><strong>blog da Ana Flor<\/strong><\/a>. Com a medida, o Executivo ganharia tempo enquanto o&nbsp;<a class=\"\" href=\"https:\/\/g1.globo.com\/tudo-sobre\/congresso-nacional\/\">Congresso Nacional<\/a>&nbsp;analisa o texto.<\/p>\n\n\n\n<p>Na pr\u00e1tica, a MP daria seguran\u00e7a jur\u00eddica \u00e0 iniciativa e passaria a valer imediatamente ap\u00f3s a assinatura do presidente da Rep\u00fablica, mesmo que a an\u00e1lise pelo Congresso se estenda, inclusive em raz\u00e3o do ano eleitoral.<\/p>\n\n\n\n<h2 class=\"wp-block-heading\">Quando as medidas entrar\u00e3o em vigor?<\/h2>\n\n\n\n<p>N\u00e3o h\u00e1 data definida. Segundo o ministro da Fazenda, o pacote ser\u00e1 apresentado ao presidente Lula nesta ter\u00e7a-feira (28), e o an\u00fancio oficial deve ocorrer ainda nesta semana.<\/p>\n\n\n\n<p>O\u00a0<a href=\"https:\/\/g1.globo.com\/economia\/blog\/ana-flor\/\" class=\"\"><strong>blog da Ana Flor<\/strong><\/a>\u00a0informou que o governo pretende aproveitar o Dia do Trabalhador, em 1\u00ba de maio, para divulgar o programa, mesmo que a implementa\u00e7\u00e3o fique para um momento posterior.<\/p>\n\n\n\n<h2 class=\"wp-block-heading\"><br>Como ficam as bets?<\/h2>\n\n\n\n<p>O governo estuda formas de restringir as apostas online para pessoas endividadas. O objetivo, segundo o ministro da Fazenda, \u00e9 evitar novos ciclos de endividamento.<\/p>\n\n\n\n<p>&#8220;As institui\u00e7\u00f5es financeiras elogiaram muito a medida que anunciei na semana passada, que pro\u00edbe os mercados de predi\u00e7\u00e3o, para que n\u00e3o se tornem um problema ainda maior para a sociedade brasileira.&nbsp;A gente chegou a um bom consenso t\u00e9cnico&#8221;, afirmou nesta segunda-feira.<\/p>\n\n\n\n<p>Na semana passada,&nbsp;<a class=\"\" href=\"https:\/\/g1.globo.com\/economia\/noticia\/2026\/04\/24\/regulacao-das-apostas-governo-bloqueia-28-plataformas-que-faziam-previsoes-sobre-eventos.ghtml\">o governo bloqueou 27 plataformas de chamadas apostas de \u201cpredi\u00e7\u00e3o\u201d<\/a>, que envolvem previs\u00f5es atreladas a eventos esportivos, jogos on-line e temas pol\u00edticos, eleitorais, sociais, culturais ou de entretenimento.<\/p>\n\n\n\n<p class=\"bs-intro\">FONTE: G1<\/p>\n\n\n\n<ul class=\"wp-block-social-links has-icon-color is-style-logos-only is-vertical is-layout-flex wp-container-core-social-links-is-layout-8cf370e7 wp-block-social-links-is-layout-flex\"><li style=\"color:#0693e3;\" class=\"wp-social-link wp-social-link-whatsapp has-vivid-cyan-blue-color wp-block-social-link\"><a href=\"https:\/\/wa.me\/\/75991238048\" class=\"wp-block-social-link-anchor\"><svg width=\"24\" height=\"24\" viewBox=\"0 0 24 24\" version=\"1.1\" xmlns=\"http:\/\/www.w3.org\/2000\/svg\" aria-hidden=\"true\" focusable=\"false\"><path d=\"M 12.011719 2 C 6.5057187 2 2.0234844 6.478375 2.0214844 11.984375 C 2.0204844 13.744375 2.4814687 15.462563 3.3554688 16.976562 L 2 22 L 7.2324219 20.763672 C 8.6914219 21.559672 10.333859 21.977516 12.005859 21.978516 L 12.009766 21.978516 C 17.514766 21.978516 21.995047 17.499141 21.998047 11.994141 C 22.000047 9.3251406 20.962172 6.8157344 19.076172 4.9277344 C 17.190172 3.0407344 14.683719 2.001 12.011719 2 z M 12.009766 4 C 14.145766 4.001 16.153109 4.8337969 17.662109 6.3417969 C 19.171109 7.8517969 20.000047 9.8581875 19.998047 11.992188 C 19.996047 16.396187 16.413812 19.978516 12.007812 19.978516 C 10.674812 19.977516 9.3544062 19.642812 8.1914062 19.007812 L 7.5175781 18.640625 L 6.7734375 18.816406 L 4.8046875 19.28125 L 5.2851562 17.496094 L 5.5019531 16.695312 L 5.0878906 15.976562 C 4.3898906 14.768562 4.0204844 13.387375 4.0214844 11.984375 C 4.0234844 7.582375 7.6067656 4 12.009766 4 z M 8.4765625 7.375 C 8.3095625 7.375 8.0395469 7.4375 7.8105469 7.6875 C 7.5815469 7.9365 6.9355469 8.5395781 6.9355469 9.7675781 C 6.9355469 10.995578 7.8300781 12.182609 7.9550781 12.349609 C 8.0790781 12.515609 9.68175 15.115234 12.21875 16.115234 C 14.32675 16.946234 14.754891 16.782234 15.212891 16.740234 C 15.670891 16.699234 16.690438 16.137687 16.898438 15.554688 C 17.106437 14.971687 17.106922 14.470187 17.044922 14.367188 C 16.982922 14.263188 16.816406 14.201172 16.566406 14.076172 C 16.317406 13.951172 15.090328 13.348625 14.861328 13.265625 C 14.632328 13.182625 14.464828 13.140625 14.298828 13.390625 C 14.132828 13.640625 13.655766 14.201187 13.509766 14.367188 C 13.363766 14.534188 13.21875 14.556641 12.96875 14.431641 C 12.71875 14.305641 11.914938 14.041406 10.960938 13.191406 C 10.218937 12.530406 9.7182656 11.714844 9.5722656 11.464844 C 9.4272656 11.215844 9.5585938 11.079078 9.6835938 10.955078 C 9.7955938 10.843078 9.9316406 10.663578 10.056641 10.517578 C 10.180641 10.371578 10.223641 10.267562 10.306641 10.101562 C 10.389641 9.9355625 10.347156 9.7890625 10.285156 9.6640625 C 10.223156 9.5390625 9.737625 8.3065 9.515625 7.8125 C 9.328625 7.3975 9.131125 7.3878594 8.953125 7.3808594 C 8.808125 7.3748594 8.6425625 7.375 8.4765625 7.375 z\"><\/path><\/svg><span class=\"wp-block-social-link-label screen-reader-text\">WhatsApp<\/span><\/a><\/li>\n\n<li style=\"color:#0693e3;\" class=\"wp-social-link wp-social-link-instagram has-vivid-cyan-blue-color wp-block-social-link\"><a href=\"https:\/\/www.instagram.com\/radiosisal97.3\/profilecard\/?igsh=MWo1azd5aXNvN2hmcQ==\" class=\"wp-block-social-link-anchor\"><svg width=\"24\" height=\"24\" viewBox=\"0 0 24 24\" version=\"1.1\" xmlns=\"http:\/\/www.w3.org\/2000\/svg\" aria-hidden=\"true\" focusable=\"false\"><path d=\"M12,4.622c2.403,0,2.688,0.009,3.637,0.052c0.877,0.04,1.354,0.187,1.671,0.31c0.42,0.163,0.72,0.358,1.035,0.673 c0.315,0.315,0.51,0.615,0.673,1.035c0.123,0.317,0.27,0.794,0.31,1.671c0.043,0.949,0.052,1.234,0.052,3.637 s-0.009,2.688-0.052,3.637c-0.04,0.877-0.187,1.354-0.31,1.671c-0.163,0.42-0.358,0.72-0.673,1.035 c-0.315,0.315-0.615,0.51-1.035,0.673c-0.317,0.123-0.794,0.27-1.671,0.31c-0.949,0.043-1.233,0.052-3.637,0.052 s-2.688-0.009-3.637-0.052c-0.877-0.04-1.354-0.187-1.671-0.31c-0.42-0.163-0.72-0.358-1.035-0.673 c-0.315-0.315-0.51-0.615-0.673-1.035c-0.123-0.317-0.27-0.794-0.31-1.671C4.631,14.688,4.622,14.403,4.622,12 s0.009-2.688,0.052-3.637c0.04-0.877,0.187-1.354,0.31-1.671c0.163-0.42,0.358-0.72,0.673-1.035 c0.315-0.315,0.615-0.51,1.035-0.673c0.317-0.123,0.794-0.27,1.671-0.31C9.312,4.631,9.597,4.622,12,4.622 M12,3 C9.556,3,9.249,3.01,8.289,3.054C7.331,3.098,6.677,3.25,6.105,3.472C5.513,3.702,5.011,4.01,4.511,4.511 c-0.5,0.5-0.808,1.002-1.038,1.594C3.25,6.677,3.098,7.331,3.054,8.289C3.01,9.249,3,9.556,3,12c0,2.444,0.01,2.751,0.054,3.711 c0.044,0.958,0.196,1.612,0.418,2.185c0.23,0.592,0.538,1.094,1.038,1.594c0.5,0.5,1.002,0.808,1.594,1.038 c0.572,0.222,1.227,0.375,2.185,0.418C9.249,20.99,9.556,21,12,21s2.751-0.01,3.711-0.054c0.958-0.044,1.612-0.196,2.185-0.418 c0.592-0.23,1.094-0.538,1.594-1.038c0.5-0.5,0.808-1.002,1.038-1.594c0.222-0.572,0.375-1.227,0.418-2.185 C20.99,14.751,21,14.444,21,12s-0.01-2.751-0.054-3.711c-0.044-0.958-0.196-1.612-0.418-2.185c-0.23-0.592-0.538-1.094-1.038-1.594 c-0.5-0.5-1.002-0.808-1.594-1.038c-0.572-0.222-1.227-0.375-2.185-0.418C14.751,3.01,14.444,3,12,3L12,3z M12,7.378 c-2.552,0-4.622,2.069-4.622,4.622S9.448,16.622,12,16.622s4.622-2.069,4.622-4.622S14.552,7.378,12,7.378z M12,15 c-1.657,0-3-1.343-3-3s1.343-3,3-3s3,1.343,3,3S13.657,15,12,15z M16.804,6.116c-0.596,0-1.08,0.484-1.08,1.08 s0.484,1.08,1.08,1.08c0.596,0,1.08-0.484,1.08-1.08S17.401,6.116,16.804,6.116z\"><\/path><\/svg><span class=\"wp-block-social-link-label screen-reader-text\">Instagram<\/span><\/a><\/li>\n\n<li style=\"color:#0693e3;\" class=\"wp-social-link wp-social-link-facebook has-vivid-cyan-blue-color wp-block-social-link\"><a href=\"https:\/\/www.facebook.com\/share\/1A7WveK9ft\/?mibextid=wwXIfr\" class=\"wp-block-social-link-anchor\"><svg width=\"24\" height=\"24\" viewBox=\"0 0 24 24\" version=\"1.1\" xmlns=\"http:\/\/www.w3.org\/2000\/svg\" aria-hidden=\"true\" focusable=\"false\"><path d=\"M12 2C6.5 2 2 6.5 2 12c0 5 3.7 9.1 8.4 9.9v-7H7.9V12h2.5V9.8c0-2.5 1.5-3.9 3.8-3.9 1.1 0 2.2.2 2.2.2v2.5h-1.3c-1.2 0-1.6.8-1.6 1.6V12h2.8l-.4 2.9h-2.3v7C18.3 21.1 22 17 22 12c0-5.5-4.5-10-10-10z\"><\/path><\/svg><span class=\"wp-block-social-link-label screen-reader-text\">Facebook<\/span><\/a><\/li><\/ul>\n\n\n\n<p><\/p>\n","protected":false},"excerpt":{"rendered":"<p>Segundo o ministro da Fazenda, Dario Durigan, o plano ser\u00e1 apresentado ao presidente Lula nesta ter\u00e7a-feira (28). O an\u00fancio oficial deve ocorrer ainda nesta semana. O governo federal\u00a0vai permitir o uso de recursos do Fundo de Garantia por Tempo de Servi\u00e7o (FGTS) por brasileiros endividados, informou o ministro da Fazenda, Dario Durigan, nesta segunda-feira (27). [&hellip;]<\/p>\n","protected":false},"author":2,"featured_media":12065,"comment_status":"open","ping_status":"open","sticky":false,"template":"","format":"standard","meta":{"footnotes":""},"categories":[1],"tags":[],"class_list":["post-12064","post","type-post","status-publish","format-standard","has-post-thumbnail","hentry","category-geral"],"jetpack_sharing_enabled":true,"jetpack_featured_media_url":"https:\/\/i0.wp.com\/radiosisal.com\/br\/wp-content\/uploads\/2026\/04\/WhatsApp-Image-2026-04-28-at-09.51.50.jpeg?fit=984%2C554&ssl=1","_links":{"self":[{"href":"https:\/\/radiosisal.com\/br\/wp-json\/wp\/v2\/posts\/12064","targetHints":{"allow":["GET"]}}],"collection":[{"href":"https:\/\/radiosisal.com\/br\/wp-json\/wp\/v2\/posts"}],"about":[{"href":"https:\/\/radiosisal.com\/br\/wp-json\/wp\/v2\/types\/post"}],"author":[{"embeddable":true,"href":"https:\/\/radiosisal.com\/br\/wp-json\/wp\/v2\/users\/2"}],"replies":[{"embeddable":true,"href":"https:\/\/radiosisal.com\/br\/wp-json\/wp\/v2\/comments?post=12064"}],"version-history":[{"count":1,"href":"https:\/\/radiosisal.com\/br\/wp-json\/wp\/v2\/posts\/12064\/revisions"}],"predecessor-version":[{"id":12066,"href":"https:\/\/radiosisal.com\/br\/wp-json\/wp\/v2\/posts\/12064\/revisions\/12066"}],"wp:featuredmedia":[{"embeddable":true,"href":"https:\/\/radiosisal.com\/br\/wp-json\/wp\/v2\/media\/12065"}],"wp:attachment":[{"href":"https:\/\/radiosisal.com\/br\/wp-json\/wp\/v2\/media?parent=12064"}],"wp:term":[{"taxonomy":"category","embeddable":true,"href":"https:\/\/radiosisal.com\/br\/wp-json\/wp\/v2\/categories?post=12064"},{"taxonomy":"post_tag","embeddable":true,"href":"https:\/\/radiosisal.com\/br\/wp-json\/wp\/v2\/tags?post=12064"}],"curies":[{"name":"wp","href":"https:\/\/api.w.org\/{rel}","templated":true}]}}