{"id":12079,"date":"2026-04-29T11:44:47","date_gmt":"2026-04-29T11:44:47","guid":{"rendered":"https:\/\/radiosisal.com\/br\/?p=12079"},"modified":"2026-04-29T11:44:49","modified_gmt":"2026-04-29T11:44:49","slug":"3-meses-apos-aprovacao-da-anvisa-injecao-semestral-contra-hiv-ainda-nao-tem-perspectiva-de-incorporacao-ao-sus","status":"publish","type":"post","link":"https:\/\/radiosisal.com\/br\/2026\/04\/29\/3-meses-apos-aprovacao-da-anvisa-injecao-semestral-contra-hiv-ainda-nao-tem-perspectiva-de-incorporacao-ao-sus\/","title":{"rendered":"3 MESES AP\u00d3S APROVA\u00c7\u00c3O DA ANVISA, INJE\u00c7\u00c3O SEMESTRAL CONTRA HIV AINDA N\u00c3O TEM PERSPECTIVA DE INCORPORA\u00c7\u00c3O AO SUS"},"content":{"rendered":"\n<p><\/p>\n\n\n\n<p>Fabricante protocolou pedido de precifica\u00e7\u00e3o em mar\u00e7o. Prazo de resposta vai at\u00e9 3 de junho. Mesmo com o pre\u00e7o definido, a incorpora\u00e7\u00e3o ao sistema p\u00fablico depender\u00e1 de avalia\u00e7\u00e3o da Conitec \u2014 e o custo elevado torna o processo incerto.<\/p>\n\n\n\n<p>Mais de tr\u00eas meses depois de aprovado pela&nbsp;<strong>Ag\u00eancia Nacional de Vigil\u00e2ncia Sanit\u00e1ria<\/strong>&nbsp;(<a class=\"\" href=\"https:\/\/g1.globo.com\/tudo-sobre\/anvisa\/\">Anvisa<\/a>), o&nbsp;<strong>lenacapavir&nbsp;<\/strong>\u2014 uma inje\u00e7\u00e3o semestral com efic\u00e1cia pr\u00f3xima de 100% na preven\u00e7\u00e3o do HIV \u2014 ainda n\u00e3o tem perspectiva definida de chegada ao Sistema \u00danico de Sa\u00fade (SUS).<\/p>\n\n\n\n<p>O principal obst\u00e1culo, por ora, \u00e9 regulat\u00f3rio: o medicamento precisa ter seu&nbsp;<strong>pre\u00e7o m\u00e1ximo<\/strong>&nbsp;fixado pela C\u00e2mara de Regula\u00e7\u00e3o do Mercado de Medicamentos (CMED) antes de qualquer avalia\u00e7\u00e3o de incorpora\u00e7\u00e3o ao sistema p\u00fablico.<\/p>\n\n\n\n<p>A\u00a0<a href=\"https:\/\/g1.globo.com\/tudo-sobre\/anvisa\/\" class=\"\">Anvisa<\/a>\u00a0confirmou ao\u00a0<strong>g1\u00a0<\/strong>que o prazo para essa defini\u00e7\u00e3o vai at\u00e9 o pr\u00f3ximo dia\u00a0<strong>3 de junho<\/strong>, &#8220;caso n\u00e3o ocorram interrup\u00e7\u00f5es&#8221;<em>.<\/em><\/p>\n\n\n\n<p>A Gilead Sciences, farmac\u00eautica respons\u00e1vel pelo medicamento, protocolou o&nbsp;<strong>pedido de precifica\u00e7\u00e3o<\/strong>&nbsp;em mar\u00e7o.<\/p>\n\n\n\n<p>O prazo regulat\u00f3rio \u00e9 de at\u00e9&nbsp;<strong>90 dias<\/strong>&nbsp;a partir da submiss\u00e3o do protocolo completo, mas pode ser interrompido em caso de exig\u00eancias t\u00e9cnicas.<\/p>\n\n\n\n<p>S\u00f3 ap\u00f3s essa defini\u00e7\u00e3o de pre\u00e7o pela CMED \u00e9 que o lenacapavir poder\u00e1 percorrer um poss\u00edvel caminho at\u00e9 o SUS.<\/p>\n\n\n\n<p>Justamente por isso, at\u00e9 o momento, n\u00e3o h\u00e1 pedido de an\u00e1lise do medicamento na Comiss\u00e3o Nacional de Incorpora\u00e7\u00e3o de Tecnologias no SUS (<strong>Conitec<\/strong>).<\/p>\n\n\n\n<p>A submiss\u00e3o de demandas \u00e0 comiss\u00e3o exige, al\u00e9m do registro na&nbsp;<a class=\"\" href=\"https:\/\/g1.globo.com\/tudo-sobre\/anvisa\/\">Anvisa<\/a>&nbsp;\u2014 j\u00e1 obtido \u2014, o pre\u00e7o m\u00e1ximo estabelecido pela CMED, etapa ainda pendente.<\/p>\n\n\n\n<blockquote class=\"wp-block-quote is-layout-flow wp-block-quote-is-layout-flow\">\n<p>&#8220;O medicamento lenacapavir ainda n\u00e3o conta com essa \u00faltima etapa e, com isso, n\u00e3o pode ser amplamente comercializado no Brasil nem ser avaliado pela Conitec&#8221;, informou o Minist\u00e9rio da Sa\u00fade (MS) em nota.<\/p>\n<\/blockquote>\n\n\n\n<p>A Conitec avalia crit\u00e9rios como&nbsp;<strong>efic\u00e1cia<\/strong>,&nbsp;<strong>seguran\u00e7a&nbsp;<\/strong>e&nbsp;<strong>custo-efetividade<\/strong>&nbsp;antes de emitir parecer ao Minist\u00e9rio da Sa\u00fade. Apenas ap\u00f3s esse processo o governo pode decidir pela incorpora\u00e7\u00e3o.<\/p>\n\n\n\n<p>Rico Vasconcelos \u00e9 m\u00e9dico infectologista e pesquisador do Hospital das Cl\u00ednicas da FMUSP (HC-FMUSP), especialista em HIV\/ISTs e preven\u00e7\u00e3o (PrEP), avalia que, mesmo que a precifica\u00e7\u00e3o avance em junho, o custo do lenacapavir deve ser o principal obst\u00e1culo \u00e0 sua oferta gratuita.<\/p>\n\n\n\n<blockquote class=\"wp-block-quote is-layout-flow wp-block-quote-is-layout-flow\">\n<p>\u201cHoje, o principal limitante \u00e9 o pre\u00e7o. O lenacapavir \u00e9 vendido por valores muito altos fora do Brasil \u2014 cerca de 28 mil d\u00f3lares por pessoa por ano \u2014 o que torna invi\u00e1vel a implementa\u00e7\u00e3o no SUS em larga escala&#8221;, avalia o m\u00e9dico.<\/p>\n<\/blockquote>\n\n\n\n<p>Nos Estados Unidos, o tratamento custa cerca de&nbsp;<strong>US$ 25,3 mil<\/strong>&nbsp;por pessoa ao ano \u2014 o equivalente a aproximadamente&nbsp;<strong>R$ 136 mil.<\/strong>&nbsp;Em algumas situa\u00e7\u00f5es, o valor pode chegar a&nbsp;<strong>US$ 44,8 mil<\/strong>&nbsp;(<strong>cerca de R$ 241 mil<\/strong>).<\/p>\n\n\n\n<p>No Brasil, a Gilead afirmou que a precifica\u00e7\u00e3o seguir\u00e1 os crit\u00e9rios t\u00e9cnicos da CMED e que&nbsp;&#8220;quaisquer estimativas de pre\u00e7o s\u00e3o especulativas neste momento&#8221;.<\/p>\n\n\n\n<p>A empresa acrescentou que &#8220;o pre\u00e7o \u00e9 apenas um dos componentes do acesso&#8221; e que mant\u00e9m di\u00e1logo com o Minist\u00e9rio da Sa\u00fade para discutir caminhos que possibilitem a disponibiliza\u00e7\u00e3o do medicamento no pa\u00eds.<\/p>\n\n\n\n<p>Pela regra de regula\u00e7\u00e3o, o valor aprovado pela CMED n\u00e3o pode superar o menor pre\u00e7o observado em uma cesta de pa\u00edses de refer\u00eancia, e pode ser ainda mais restringido caso o medicamento n\u00e3o represente<strong>&nbsp;avan\u00e7o cl\u00ednico significativo&nbsp;<\/strong>em rela\u00e7\u00e3o \u00e0s alternativas j\u00e1 dispon\u00edveis.<\/p>\n\n\n\n<blockquote class=\"wp-block-quote is-layout-flow wp-block-quote-is-layout-flow\">\n<p>&#8220;A Conitec deve considerar pre\u00e7o, evid\u00eancias cient\u00edficas e a experi\u00eancia brasileira, que come\u00e7a a ser constru\u00edda com esses estudos em andamento no pa\u00eds&#8221;, relembra Rico.<\/p>\n<\/blockquote>\n\n\n\n<p>H\u00e1 ainda outro ponto que complica a equa\u00e7\u00e3o: o Brasil n\u00e3o foi inclu\u00eddo nos acordos de licenciamento que permitem a produ\u00e7\u00e3o de vers\u00f5es gen\u00e9ricas do lenacapavir.<\/p>\n\n\n\n<p>A Gilead firmou esses acordos com&nbsp;<strong>120 pa\u00edses considerados<\/strong>&nbsp;mais vulner\u00e1veis economicamente \u2014 mas o Brasil ficou de fora.<\/p>\n\n\n\n<p>Um estudo publicado na revista &#8220;The Lancet&#8221;, contudo, estimou que uma vers\u00e3o gen\u00e9rica poderia custar algo entre US$ 25 e US$ 47 por ano.<\/p>\n\n\n\n<h2 class=\"wp-block-heading\">O que \u00e9 o lenacapavir<\/h2>\n\n\n\n<p>O lenacapavir \u00e9 um&nbsp;<strong>antirretroviral&nbsp;<\/strong>inovador com a\u00e7\u00e3o prolongada para a preven\u00e7\u00e3o do HIV.<\/p>\n\n\n\n<p>Ele \u00e9 um medicamento injet\u00e1vel (<strong>ou seja, aplicado por inje\u00e7\u00e3o, mas n\u00e3o se trata de uma vacina<\/strong>) usado como profilaxia de pr\u00e9-exposi\u00e7\u00e3o (PrEP) ao v\u00edrus e administrado apenas duas vezes por ano, o que representa uma mudan\u00e7a significativa em rela\u00e7\u00e3o aos comprimidos de uso di\u00e1rio.<\/p>\n\n\n\n<p>\ud83d\udc8a<strong>ENTENDA:<\/strong>&nbsp;Dispon\u00edvel no SUS desde 2018, esses rem\u00e9dios s\u00e3o tomados (PrEP di\u00e1ria e sob demanda) antes da rela\u00e7\u00e3o sexual, o que permite ao organismo estar preparado para enfrentar um poss\u00edvel contato com o HIV. Atualmente, cerca de 140 mil pessoas utilizam a PrEP diariamente no pa\u00eds.<\/p>\n\n\n\n<p>O principal diferencial do lenacapavir, contudo, est\u00e1 na dura\u00e7\u00e3o da prote\u00e7\u00e3o. Enquanto a PrEP oral exige uso frequente e cont\u00ednuo, o medicamento injet\u00e1vel mant\u00e9m n\u00edveis de prote\u00e7\u00e3o elevados por<strong>&nbsp;v\u00e1rios meses<\/strong>&nbsp;ap\u00f3s a aplica\u00e7\u00e3o, o que pode facilitar a ades\u00e3o e reduzir falhas no uso.<\/p>\n\n\n\n<blockquote class=\"wp-block-quote is-layout-flow wp-block-quote-is-layout-flow\">\n<p>&#8220;Uma coisa \u00e9 ensaio cl\u00ednico, outra coisa \u00e9 a vida real. Como seria implementar uma medica\u00e7\u00e3o aplicada a cada seis meses no SUS? A gente ainda n\u00e3o sabe se as pessoas v\u00e3o conseguir manter as aplica\u00e7\u00f5es em dia e se, fora do estudo, a efic\u00e1cia vai se manter&#8221;, pondera Vasconcelos.<\/p>\n<\/blockquote>\n\n\n\n<p>Estudos cl\u00ednicos de grande porte mostraram sua efic\u00e1cia&nbsp;<strong>pr\u00f3xima de 100%<\/strong>&nbsp;na preven\u00e7\u00e3o do HIV, inclusive entre mulheres, grupo que historicamente enfrenta mais limita\u00e7\u00f5es com os m\u00e9todos dispon\u00edveis.<\/p>\n\n\n\n<p>Por esses resultados, a Organiza\u00e7\u00e3o Mundial da Sa\u00fade passou a recomendar o lenacapavir como op\u00e7\u00e3o adicional de PrEP e o classificou como a&nbsp;<strong>melhor alternativa dispon\u00edvel&nbsp;<\/strong>enquanto ainda n\u00e3o existe uma vacina contra o v\u00edrus.<\/p>\n\n\n\n<p>Um passo concreto desde a sua aprova\u00e7\u00e3o na&nbsp;<a class=\"\" href=\"https:\/\/g1.globo.com\/tudo-sobre\/anvisa\/\">Anvisa<\/a>&nbsp;foi o in\u00edcio de um estudo de implementa\u00e7\u00e3o coordenado pelo Instituto Nacional de Infectologia Evandro Chagas (INI) da Fiocruz.<\/p>\n\n\n\n<p>O projeto, chamado de ImPrEP LEN Brasil, acontece em sete cidades \u2014 S\u00e3o Paulo (SP), Rio de Janeiro (RJ), Salvador (BA), Florian\u00f3polis (SC), Manaus (AM), Campinas (SP) e Nova Igua\u00e7u (RJ) \u2014 e tem como meta incluir&nbsp;<strong>1.500 participantes.<\/strong><\/p>\n\n\n\n<p>Diferente dos estudos cl\u00ednicos anteriores, a pesquisa avalia como o lenacapavir funciona na rotina real dos servi\u00e7os de sa\u00fade.<\/p>\n\n\n\n<p>Por isso, a ades\u00e3o \u00e9 espont\u00e2nea: s\u00e3o inclu\u00eddas no programa pessoas que chegam por conta pr\u00f3pria aos centros de sa\u00fade em busca de prote\u00e7\u00e3o contra o HIV.<\/p>\n\n\n\n<p>O p\u00fablico-alvo s\u00e3o&nbsp;<strong>gays<\/strong>,&nbsp;<strong>bissexuais&nbsp;<\/strong>e&nbsp;<strong>outros homens que fazem sexo com homens<\/strong>,&nbsp;<strong>homens e mulheres transg\u00eanero<\/strong>&nbsp;e&nbsp;<strong>pessoas n\u00e3o-bin\u00e1rias<\/strong>, entre 16 e 30 anos.<\/p>\n\n\n\n<p>A pesquisa \u00e9 liderada pela m\u00e9dica Beatriz Grinsztejn, chefe do Laborat\u00f3rio de Pesquisa Cl\u00ednica em HIV, Aids, IST e Hepatites do INI e presidente da Sociedade Internacional de Aids (IAS).<\/p>\n\n\n\n<p>Segundo ela, o estudo vai gerar informa\u00e7\u00f5es cruciais sobre como a PrEP de longa dura\u00e7\u00e3o pode fortalecer o acesso \u00e0 preven\u00e7\u00e3o como um direito.<\/p>\n\n\n\n<blockquote class=\"wp-block-quote is-layout-flow wp-block-quote-is-layout-flow\">\n<p>\u201c\u00c9 importante lembrar, contudo, que a PrEP oral segue dispon\u00edvel no SUS e \u00e9 uma estrat\u00e9gia consolidada de preven\u00e7\u00e3o\u201d, afirma Grinsztejn em janeiro ao&nbsp;<strong>g1<\/strong>.<\/p>\n<\/blockquote>\n\n\n\n<h2 class=\"wp-block-heading\">O Brasil tem hist\u00f3rico para negociar esse tipo de medicamento?<\/h2>\n\n\n\n<p>Sim. O Brasil acumula uma experi\u00eancia longa na negocia\u00e7\u00e3o de medicamentos contra o HIV\/Aids, constru\u00edda desde os anos 1990 a partir da decis\u00e3o de garantir tratamento gratuito e universal pelo SUS.<\/p>\n\n\n\n<p>Para sustentar esse modelo, o governo precisou negociar pre\u00e7os com a ind\u00fastria farmac\u00eautica, buscar alternativas de fornecimento e investir, ao longo do tempo, em produ\u00e7\u00e3o nacional e parcerias tecnol\u00f3gicas.<\/p>\n\n\n\n<p>Esse hist\u00f3rico ajuda a entender por que o lenacapavir j\u00e1 est\u00e1 no radar das negocia\u00e7\u00f5es, mesmo antes de qualquer decis\u00e3o sobre incorpora\u00e7\u00e3o ao SUS.<\/p>\n\n\n\n<p>Em janeiro, por exemplo, a Gilead Sciences assinou um memorando de entendimento com o Instituto de Tecnologia em F\u00e1rmacos da Fiocruz (Farmanguinhos) para avaliar formas de coopera\u00e7\u00e3o, incluindo uma poss\u00edvel transfer\u00eancia de tecnologia.<\/p>\n\n\n\n<p>O acordo, por\u00e9m,&nbsp;<strong>n\u00e3o garante produ\u00e7\u00e3o local nem redu\u00e7\u00e3o imediata de pre\u00e7o<\/strong>; trata-se de uma etapa preliminar de di\u00e1logo.<\/p>\n\n\n\n<p>\u201cDo ponto de vista da infectologia, o lenacapavir representa o nosso maior avan\u00e7o desde o in\u00edcio das terapias antirretrovirais, principalmente por ser uma tecnologia injet\u00e1vel de longa a\u00e7\u00e3o, a cada seis meses. Mas, no cen\u00e1rio atual, ele n\u00e3o muda nada, porque estamos fora do acordo de gen\u00e9ricos e um tratamento que custa cerca de US$ 40 mil por ano \u00e9 invi\u00e1vel para a sa\u00fade p\u00fablica&#8221;, diz a m\u00e9dica infectologista Maf\u00ea Medeiros, especialista em sa\u00fade da popula\u00e7\u00e3o LGBTQIA+<\/p>\n\n\n\n<p>Por causa desse alto custo, Medeiros avalia que o lenacapavir s\u00f3 faz sentido como pol\u00edtica p\u00fablica se vier acompanhado de uma an\u00e1lise cuidadosa de custo-efetividade.<\/p>\n\n\n\n<p>Na leitura da especialista, o medicamento tem potencial para integrar o SUS sobretudo por reduzir a necessidade de&nbsp;<strong>consultas frequentes<\/strong>,&nbsp;<strong>exames&nbsp;<\/strong>e&nbsp;<strong>deslocamentos aos servi\u00e7os de sa\u00fade<\/strong>, especialmente quando comparado a outras op\u00e7\u00f5es injet\u00e1veis, como o cabotegravir, aplicado a cada dois meses.<\/p>\n\n\n\n<p>Essa diferen\u00e7a, segundo ela, pode representar economia operacional para o sistema, ao diminuir o n\u00famero de visitas e o uso de insumos ao longo do ano.<\/p>\n\n\n\n<blockquote class=\"wp-block-quote is-layout-flow wp-block-quote-is-layout-flow\">\n<p>&#8220;Em sa\u00fade p\u00fablica, n\u00e3o tem como ignorar que o dinheiro \u00e9 limitado&#8221;, diz.<\/p>\n<\/blockquote>\n\n\n\n<h2 class=\"wp-block-heading\">Quem poderia ser priorizado no SUS, caso o medicamento seja adotado?<\/h2>\n\n\n\n<p>Caso o lenacapavir venha a ser incorporado ao SUS, especialistas avaliam que a ado\u00e7\u00e3o<strong>&nbsp;dificilmente ocorreria de forma ampla&nbsp;<\/strong>e<strong>&nbsp;imediata.<\/strong><\/p>\n\n\n\n<p>Como acontece com outras tecnologias novas e de alto custo, a tend\u00eancia seria uma implementa\u00e7\u00e3o gradual, guiada por crit\u00e9rios t\u00e9cnicos definidos pelo Minist\u00e9rio da Sa\u00fade e pelas inst\u00e2ncias respons\u00e1veis pela avalia\u00e7\u00e3o de tecnologias em sa\u00fade.<\/p>\n\n\n\n<p>Nesse cen\u00e1rio, a prioriza\u00e7\u00e3o poderia considerar situa\u00e7\u00f5es em que o risco de infec\u00e7\u00e3o permanece elevado apesar da exist\u00eancia da PrEP oral e de outras estrat\u00e9gias de preven\u00e7\u00e3o.<\/p>\n\n\n\n<p>Especialistas apontam que h\u00e1 grupos e contextos em que barreiras estruturais, sociais ou log\u00edsticas dificultam o acesso cont\u00ednuo aos servi\u00e7os de sa\u00fade, o que acaba limitando a efetividade das pol\u00edticas atuais.<\/p>\n\n\n\n<p>O lenacapavir, por ter&nbsp;<strong>aplica\u00e7\u00e3o semestral<\/strong>, poderia ser avaliado como uma alternativa nesses casos, desde que demonstrasse benef\u00edcios claros em rela\u00e7\u00e3o \u00e0s op\u00e7\u00f5es j\u00e1 dispon\u00edveis.<\/p>\n\n\n\n<blockquote class=\"wp-block-quote is-layout-flow wp-block-quote-is-layout-flow\">\n<p>Hoje, a ades\u00e3o \u00e0 PrEP oral gira em torno de 60%, enquanto cerca de 40% das pessoas t\u00eam dificuldade em manter o uso regular dos comprimidos. A introdu\u00e7\u00e3o de uma op\u00e7\u00e3o injet\u00e1vel poderia justamente atender esse grupo que n\u00e3o consegue aderir ao esquema di\u00e1rio.<\/p>\n<\/blockquote>\n\n\n\n<p>\u2014 Rosana Del Bianco, infectologista e diretora de Interna\u00e7\u00e3o no Centro de Refer\u00eancia e Treinamento em DST\/Aids do Estado de S\u00e3o Paulo.<\/p>\n\n\n\n<h2 class=\"wp-block-heading\">O lenacapavir substituiria a PrEP oral no Brasil?<\/h2>\n\n\n\n<p>\ud83d\udeabN\u00c3O. A avalia\u00e7\u00e3o predominante entre especialistas \u00e9 que o lenacapavir n\u00e3o substituiria a PrEP oral, que j\u00e1 \u00e9 uma das bases da pol\u00edtica de preven\u00e7\u00e3o ao HIV no Brasil.<\/p>\n\n\n\n<p>O que est\u00e1 em discuss\u00e3o, segundo infectologistas e gestores, \u00e9 a amplia\u00e7\u00e3o do conjunto de ferramentas dispon\u00edveis, e n\u00e3o a troca de uma tecnologia por outra.<\/p>\n\n\n\n<p>O lenacapavir entraria como uma op\u00e7\u00e3o adicional dentro da chamada preven\u00e7\u00e3o combinada, permitindo que diferentes m\u00e9todos coexistam e sejam utilizados de acordo com as necessidades e possibilidades do sistema de sa\u00fade.<\/p>\n\n\n\n<p>Essa l\u00f3gica busca&nbsp;<strong>evitar depend\u00eancia de uma \u00fanica estrat\u00e9gia<\/strong>&nbsp;e<strong>&nbsp;aumentar a flexibilidade da pol\u00edtica p\u00fablica.<\/strong><\/p>\n\n\n\n<p>Al\u00e9m disso, a substitui\u00e7\u00e3o pura e simples da PrEP oral levantaria quest\u00f5es pr\u00e1ticas e financeiras. A PrEP em comprimidos tem custo menor, log\u00edstica conhecida e j\u00e1 est\u00e1 integrada aos servi\u00e7os.<\/p>\n\n\n\n<p>O lenacapavir, por outro lado, envolve pre\u00e7o elevado, aplica\u00e7\u00e3o injet\u00e1vel e necessidade de adapta\u00e7\u00e3o da rede.<\/p>\n\n\n\n<h2 class=\"wp-block-heading\">Como o lenacapavir age no organismo?<\/h2>\n\n\n\n<p>O lenacapavir atua no HIV de um jeito diferente dos rem\u00e9dios mais conhecidos. Em vez de atacar uma \u00fanica etapa da infec\u00e7\u00e3o, ele mira a \u201c<strong>carca\u00e7a<\/strong>\u201d do v\u00edrus, o caps\u00eddeo: uma estrutura de prote\u00edna que funciona como uma c\u00e1psula protetora do seu material gen\u00e9tico.<\/p>\n\n\n\n<p>Assim, ao atingir o caps\u00eddeo, o medicamento acaba atrapalhando v\u00e1rias fases do ciclo do HIV ao mesmo tempo<em>&nbsp;(veja o INFOGR\u00c1FICO do come\u00e7o desta reportagem).<\/em><\/p>\n\n\n\n<p>Logo ap\u00f3s a entrada do HIV na c\u00e9lula humana, o caps\u00eddeo precisa manter um equil\u00edbrio delicado: ser est\u00e1vel o suficiente para proteger o material gen\u00e9tico, mas flex\u00edvel para se desmontar no momento certo.<\/p>\n\n\n\n<p>O lenacapavir interfere nesse processo, dificultando que o v\u00edrus fa\u00e7a esse \u201c<strong>desencaixe<\/strong>\u201d no tempo adequado e consiga levar seu material gen\u00e9tico at\u00e9 o n\u00facleo da c\u00e9lula, etapa essencial para que a infec\u00e7\u00e3o se estabele\u00e7a.<\/p>\n\n\n\n<p>Por isso, o efeito do medicamento n\u00e3o se limita ao in\u00edcio da infec\u00e7\u00e3o. Em fases mais avan\u00e7adas, quando o HIV tenta produzir novas part\u00edculas, o lenacapavir tamb\u00e9m interfere na montagem dos v\u00edrus rec\u00e9m-formados.<\/p>\n\n\n\n<p>O resultado s\u00e3o<strong>&nbsp;part\u00edculas mal estruturadas<\/strong>, com menor capacidade de infectar outras c\u00e9lulas e de dar continuidade \u00e0 infec\u00e7\u00e3o.<\/p>\n\n\n\n<p>Como essa liga\u00e7\u00e3o ao caps\u00eddeo \u00e9 duradoura, o bloqueio se mant\u00e9m por longos per\u00edodos no organismo. \u00c9 isso que permite esquemas de uso espa\u00e7ados, como a aplica\u00e7\u00e3o a cada seis meses, tanto em estrat\u00e9gias de preven\u00e7\u00e3o quanto de tratamento.<\/p>\n\n\n\n<h2 class=\"wp-block-heading\">Qual \u00e9 a efic\u00e1cia comprovada do lenacapavir?<\/h2>\n\n\n\n<p>Em dados apresentados na 25\u00aa confer\u00eancia internacional sobre a Aids, que aconteceu em&nbsp;<a class=\"\" href=\"https:\/\/g1.globo.com\/mundo\/alemanha\/cidade\/munique.html\">Munique<\/a>, na&nbsp;<a class=\"\" href=\"https:\/\/g1.globo.com\/tudo-sobre\/alemanha\/\">Alemanha<\/a>, em 2024, e publicados no NEJM, a Gilead Sciences mostrou que o&nbsp;<strong>lenacapavir&nbsp;<\/strong>tem uma&nbsp;<strong>efic\u00e1cia geral de 100%<\/strong>&nbsp;na preven\u00e7\u00e3o da infec\u00e7\u00e3o pelo&nbsp;<strong>HIV-1 &#8211; respons\u00e1vel por quase todas as infec\u00e7\u00f5es de HIV no mundo.<\/strong><\/p>\n\n\n\n<p>Segundo a publica\u00e7\u00e3o, que trouxe dados desse acompanhamento de mais de 2 mil mulheres cisg\u00eanero na Uganda e na \u00c1frica do Sul, o&nbsp;<strong>medicamento injet\u00e1vel aplicado somente duas vezes por ano se provou t\u00e3o eficaz que o estudo cl\u00ednico chegou a ser interrompido precocemente,<\/strong>&nbsp;j\u00e1 que os n\u00fameros superaram os crit\u00e9rios de interrup\u00e7\u00e3o pr\u00e9-definidos.<\/p>\n\n\n\n<p>O estudo provou que&nbsp;<strong>NENHUMA&nbsp;<\/strong>das 2.134 mulheres que recebeu o lenacapavir contraiu o HIV.<\/p>\n\n\n\n<ul class=\"wp-block-list\">\n<li>Em compara\u00e7\u00e3o, 16 das 1.068 mulheres (ou 1,5%) que tomaram\u00a0<strong>entricitabina (FTC) e fumarato de tenofovir desoproxila (TDF)<\/strong>, a combina\u00e7\u00e3o farmacol\u00f3gica da PrEP, foram infectadas.<\/li>\n\n\n\n<li>J\u00e1 39 das 2.136 mulheres (1,8%) que receberam\u00a0<strong>emtricitabina (FTC) e tenofovir alafenamida (TAF)<\/strong>, um comprimido di\u00e1rio chamado comercialmente de Descovy, foram infectadas.<\/li>\n<\/ul>\n\n\n\n<p>Resultados semelhantes apareceram tamb\u00e9m no PURPOSE 2, estudo que incluiu homens cis, homens trans, mulheres trans e pessoas n\u00e3o bin\u00e1rias em pa\u00edses como Brasil, Argentina, M\u00e9xico, Peru, \u00c1frica do Sul, Tail\u00e2ndia e Estados Unidos.<\/p>\n\n\n\n<p>Nesse ensaio, o lenacapavir injet\u00e1vel aplicado duas vezes por ano<strong>&nbsp;reduziu em 96% o risco de adquirir&nbsp;<\/strong>HIV quando comparado \u00e0 chamada incid\u00eancia \u201cde base\u201d, isto \u00e9, a taxa esperada de infec\u00e7\u00e3o em pessoas com perfil semelhante que n\u00e3o utilizavam PrEP.<\/p>\n\n\n\n<p>Na pr\u00e1tica, isso significa que o risco observado entre usu\u00e1rios do lenacapavir foi apenas 4% do risco esperado sem preven\u00e7\u00e3o.<\/p>\n\n\n\n<p>O estudo tamb\u00e9m comparou diretamente o lenacapavir com a PrEP oral di\u00e1ria padr\u00e3o (FTC\/TDF).<\/p>\n\n\n\n<p>Houve&nbsp;<strong>2 infec\u00e7\u00f5es&nbsp;<\/strong>entre cerca de&nbsp;<strong>2.180 participantes&nbsp;<\/strong>que receberam o injet\u00e1vel, contra&nbsp;<strong>9 infec\u00e7\u00f5es&nbsp;<\/strong>entre pouco mais de mil pessoas que usaram a&nbsp;<strong>PrEP oral<\/strong>.<\/p>\n\n\n\n<h2 class=\"wp-block-heading\">O que \u00e9 essencial saber sobre o HIV e a Aids?<\/h2>\n\n\n\n<p>A Aids \u00e9 uma doen\u00e7a causada pelo&nbsp;<strong>V\u00edrus da Imunodefici\u00eancia Humana (HIV, na sigla em ingl\u00eas)<\/strong>. Esse v\u00edrus invade e enfraquece o sistema imunol\u00f3gico, que protege o corpo contra doen\u00e7as.<\/p>\n\n\n\n<p>O HIV atinge principalmente os linf\u00f3citos T CD4+.&nbsp;<strong>Ele modifica o DNA dessas c\u00e9lulas e se replica.<\/strong>&nbsp;Ap\u00f3s se multiplicar, o v\u00edrus destr\u00f3i os linf\u00f3citos e continua a infec\u00e7\u00e3o em novas c\u00e9lulas.<\/p>\n\n\n\n<p>Pessoas que vivem com HIV\/Aids (PVHA)&nbsp;<strong>com carga viral indetect\u00e1vel t\u00eam risco zero de transmitir o v\u00edrus por via sexual.<\/strong>&nbsp;J\u00e1 pessoas que vivem com HIV\/Aids que n\u00e3o est\u00e3o em tratamento ou possuem carga viral detect\u00e1vel podem transmitir o v\u00edrus a outras pessoas.<\/p>\n\n\n\n<p>A transmiss\u00e3o pode ocorrer por meio de&nbsp;<strong>rela\u00e7\u00f5es sexuais sem prote\u00e7\u00e3o, pelo compartilhamento de seringas contaminadas ou de m\u00e3e para filho durante a gravidez e a amamenta\u00e7\u00e3o<\/strong>, caso n\u00e3o sejam adotadas as medidas preventivas necess\u00e1rias.<\/p>\n\n\n\n<p>A maneira mais eficaz de prevenir o HIV \u00e9 a&nbsp;<strong>preven\u00e7\u00e3o combinada, que utiliza v\u00e1rias abordagens simult\u00e2neas<\/strong>&nbsp;para atender diferentes necessidades e formas de transmiss\u00e3o.<\/p>\n\n\n\n<p>J\u00e1 a PrEP \u00e9 uma das principais formas de preven\u00e7\u00e3o do HIV.&nbsp;<strong>Comprimidos s\u00e3o tomados (PrEP di\u00e1ria e sob demanda) antes da rela\u00e7\u00e3o sexual<\/strong>, o que permite ao organismo estar preparado para enfrentar um poss\u00edvel contato com o HIV.<\/p>\n\n\n\n<p>Se voc\u00ea teve uma situa\u00e7\u00e3o de risco, como sexo desprotegido ou uso compartilhado de seringas, fa\u00e7a o teste de HIV.&nbsp;<strong>Se a exposi\u00e7\u00e3o ocorreu h\u00e1 menos de 72 horas<\/strong>, procure informa\u00e7\u00f5es sobre a Profilaxia P\u00f3s-Exposi\u00e7\u00e3o ao HIV (PEP).<\/p>\n\n\n\n<h2 class=\"wp-block-heading\">Veja TODAS as notas na \u00edntegra<\/h2>\n\n\n\n<ul class=\"wp-block-list\">\n<li><a href=\"https:\/\/g1.globo.com\/tudo-sobre\/anvisa\/\" class=\"\">Anvisa<\/a><\/li>\n<\/ul>\n\n\n\n<p><em>Em esclarecimento ao e-mail, informamos que o processo de precifica\u00e7\u00e3o deste medicamento est\u00e1 em an\u00e1lise t\u00e9cnica no \u00e2mbito da Secretaria-Executiva da C\u00e2mara de Regula\u00e7\u00e3o do Mercado de Medicamentos (SCMED).<\/em><\/p>\n\n\n\n<p><em>Nos termos da Resolu\u00e7\u00e3o CM\/CMED n\u00ba 3\/2025, o prazo regulat\u00f3rio para conclus\u00e3o da an\u00e1lise \u00e9 de at\u00e9 90 dias, contados a partir da submiss\u00e3o do protocolo completo de solicita\u00e7\u00e3o, podendo haver interrup\u00e7\u00f5es em caso de exig\u00eancias t\u00e9cnicas. Caso n\u00e3o ocorram interrup\u00e7\u00f5es, o prazo regular para conclus\u00e3o da an\u00e1lise \u00e9 03 de junho de 2026.<\/em><\/p>\n\n\n\n<p><em>Por fim, ressaltamos que as decis\u00f5es da SCMED s\u00e3o publicadas oficialmente no Di\u00e1rio Oficial da Uni\u00e3o e os pareceres ficam dispon\u00edveis em nosso site.<\/em><\/p>\n\n\n\n<ul class=\"wp-block-list\">\n<li><strong>Minist\u00e9rio da Sa\u00fade<\/strong><\/li>\n<\/ul>\n\n\n\n<p><em>O Minist\u00e9rio da Sa\u00fade mant\u00e9m di\u00e1logo regular com o setor empresarial para identificar produtos estrat\u00e9gicos ao fortalecimento do sistema p\u00fablico de sa\u00fade, incluindo o incentivo \u00e0 produ\u00e7\u00e3o nacional de tecnologias. O SUS oferece diagn\u00f3stico, inclusive com testes r\u00e1pidos, e tratamento com antivirais de a\u00e7\u00e3o direta para o HIV. Em mar\u00e7o, foi incorporado o DoxiPEP, de forma in\u00e9dita, como profilaxia p\u00f3s-exposi\u00e7\u00e3o com doxiciclina, estrat\u00e9gia para prevenir clam\u00eddia e s\u00edfilis, infec\u00e7\u00f5es sexualmente transmiss\u00edveis (ISTs) bacterianas. A a\u00e7\u00e3o amplia o uso da doxiciclina 100 mg no SUS.<\/em><\/p>\n\n\n\n<p><em>Nos \u00faltimos anos, o Brasil praticamente triplicou o n\u00famero de usu\u00e1rios da Profilaxia Pr\u00e9-Exposi\u00e7\u00e3o (PrEP), passando de 50,7 mil em 2022 para mais de 150 mil em 2026. A vacina contra a hepatite B segue como principal forma de preven\u00e7\u00e3o, e, para a hepatite A, a vacina\u00e7\u00e3o foi ampliada para usu\u00e1rios de PrEP.<\/em><\/p>\n\n\n\n<p><em>Com rela\u00e7\u00e3o ao medicamento lenacapavir, n\u00e3o h\u00e1 pedido de an\u00e1lise na Comiss\u00e3o Nacional de Incorpora\u00e7\u00e3o de Tecnologias no Sistema \u00danico de Sa\u00fade (Conitec). A Comiss\u00e3o analisa crit\u00e9rios como efic\u00e1cia, seguran\u00e7a e custo-efetividade, assessorando o Minist\u00e9rio da Sa\u00fade na decis\u00e3o de incorpora\u00e7\u00e3o ou n\u00e3o de uma tecnologia no SUS.<\/em><\/p>\n\n\n\n<p><em>Para uma tecnologia ser incorporada ao SUS, \u00e9 necess\u00e1ria a avalia\u00e7\u00e3o e o parecer favor\u00e1vel da Comiss\u00e3o Nacional de Incorpora\u00e7\u00e3o de Tecnologias no SUS (Conitec), respons\u00e1vel por assessorar o Minist\u00e9rio da Sa\u00fade nas atribui\u00e7\u00f5es relativas \u00e0 incorpora\u00e7\u00e3o, exclus\u00e3o ou altera\u00e7\u00e3o de tecnologias e cuidados em sa\u00fade no sistema p\u00fablico. No processo, a Comiss\u00e3o considera as melhores evid\u00eancias cient\u00edficas dispon\u00edveis quanto \u00e0 efic\u00e1cia, seguran\u00e7a e custo-efetividade, comparando-as tamb\u00e9m com as tecnologias j\u00e1 dispon\u00edveis e ofertadas.<\/em><\/p>\n\n\n\n<p><em>A submiss\u00e3o de demandas para an\u00e1lise pode ser realizada por pessoa f\u00edsica ou jur\u00eddica, sendo obrigat\u00f3rio o registro na&nbsp;<\/em><a class=\"\" href=\"https:\/\/g1.globo.com\/tudo-sobre\/anvisa\/\">Anvisa<\/a><em>&nbsp;e o pre\u00e7o m\u00e1ximo estabelecido pela C\u00e2mara de Regula\u00e7\u00e3o do Mercado de Medicamentos (CMED). O medicamento lenacapavir ainda n\u00e3o conta com essa \u00faltima etapa e, com isso, n\u00e3o pode ser amplamente comercializado no Brasil nem ser avaliado pela Conitec, conforme as regras mencionadas anteriormente.<\/em><\/p>\n\n\n\n<ul class=\"wp-block-list\">\n<li><strong>Gilead Sciences Brasil<\/strong><\/li>\n<\/ul>\n\n\n\n<p><em>A Gilead informa que o pre\u00e7o do lenacapavir no Brasil ainda n\u00e3o foi definido e que sua determina\u00e7\u00e3o seguir\u00e1 os crit\u00e9rios t\u00e9cnicos estabelecidos pela C\u00e2mara de Regula\u00e7\u00e3o do Mercado de Medicamentos (CMED). Nesse contexto, quaisquer estimativas de pre\u00e7o s\u00e3o especulativas neste momento. Ressalta-se, ainda, que o pre\u00e7o \u00e9 apenas um dos componentes do acesso e que o processo envolve etapas regulat\u00f3rias subsequentes, como a avalia\u00e7\u00e3o pela Comiss\u00e3o Nacional de Incorpora\u00e7\u00e3o de Tecnologias (CONITEC), atualiza\u00e7\u00e3o dos Protocolos Cl\u00ednicos e Diretrizes Terap\u00eauticas (PCDT) e a defini\u00e7\u00e3o de estrat\u00e9gias de implementa\u00e7\u00e3o no SUS.<\/em><\/p>\n\n\n\n<p><em>A Gilead atua de forma cont\u00ednua para viabilizar o acesso ao lenacapavir no Brasil, por meio do di\u00e1logo com o Minist\u00e9rio da Sa\u00fade e demais autoridades, com o objetivo de discutir caminhos que possibilitem sua disponibiliza\u00e7\u00e3o no pa\u00eds. A companhia segue empenhada com avan\u00e7o de iniciativas que contribuam para esse acesso de forma respons\u00e1vel, sustent\u00e1vel e alinhada \u00e0s necessidades da popula\u00e7\u00e3o brasileira, incluindo a avalia\u00e7\u00e3o de alternativas que possam contemplar a produ\u00e7\u00e3o local, ainda em car\u00e1ter explorat\u00f3rio e sujeita \u00e0s etapas regulat\u00f3rias aplic\u00e1veis.<\/em><\/p>\n\n\n\n<p><em>O lenacapavir \u00e9 resultado de pesquisa e desenvolvimento em inova\u00e7\u00e3o cient\u00edfica de longa dura\u00e7\u00e3o, com potencial de transformar a preven\u00e7\u00e3o ao HIV ao ampliar as op\u00e7\u00f5es dispon\u00edveis e contribuir para a supera\u00e7\u00e3o de barreiras de ades\u00e3o \u00e0s abordagens atuais. Trata-se de uma alternativa que complementa as estrat\u00e9gias j\u00e1 existentes no SUS, contribuindo com o fortalecimento de pol\u00edtica p\u00fablicas de preven\u00e7\u00e3o, especialmente entre popula\u00e7\u00f5es em situa\u00e7\u00e3o de maior vulnerabilidade.<\/em><\/p>\n\n\n\n<p><\/p>\n\n\n\n<p class=\"bs-intro\">FONTE: <a href=\"https:\/\/g1.globo.com\/\">https:\/\/g1.globo.com\/<\/a><\/p>\n\n\n\n<ul class=\"wp-block-social-links has-icon-color is-style-logos-only is-vertical is-layout-flex wp-container-core-social-links-is-layout-8cf370e7 wp-block-social-links-is-layout-flex\"><li style=\"color:#0693e3;\" class=\"wp-social-link wp-social-link-whatsapp has-vivid-cyan-blue-color wp-block-social-link\"><a href=\"https:\/\/wa.me\/\/75991238048\" class=\"wp-block-social-link-anchor\"><svg width=\"24\" height=\"24\" viewBox=\"0 0 24 24\" version=\"1.1\" xmlns=\"http:\/\/www.w3.org\/2000\/svg\" aria-hidden=\"true\" focusable=\"false\"><path d=\"M 12.011719 2 C 6.5057187 2 2.0234844 6.478375 2.0214844 11.984375 C 2.0204844 13.744375 2.4814687 15.462563 3.3554688 16.976562 L 2 22 L 7.2324219 20.763672 C 8.6914219 21.559672 10.333859 21.977516 12.005859 21.978516 L 12.009766 21.978516 C 17.514766 21.978516 21.995047 17.499141 21.998047 11.994141 C 22.000047 9.3251406 20.962172 6.8157344 19.076172 4.9277344 C 17.190172 3.0407344 14.683719 2.001 12.011719 2 z M 12.009766 4 C 14.145766 4.001 16.153109 4.8337969 17.662109 6.3417969 C 19.171109 7.8517969 20.000047 9.8581875 19.998047 11.992188 C 19.996047 16.396187 16.413812 19.978516 12.007812 19.978516 C 10.674812 19.977516 9.3544062 19.642812 8.1914062 19.007812 L 7.5175781 18.640625 L 6.7734375 18.816406 L 4.8046875 19.28125 L 5.2851562 17.496094 L 5.5019531 16.695312 L 5.0878906 15.976562 C 4.3898906 14.768562 4.0204844 13.387375 4.0214844 11.984375 C 4.0234844 7.582375 7.6067656 4 12.009766 4 z M 8.4765625 7.375 C 8.3095625 7.375 8.0395469 7.4375 7.8105469 7.6875 C 7.5815469 7.9365 6.9355469 8.5395781 6.9355469 9.7675781 C 6.9355469 10.995578 7.8300781 12.182609 7.9550781 12.349609 C 8.0790781 12.515609 9.68175 15.115234 12.21875 16.115234 C 14.32675 16.946234 14.754891 16.782234 15.212891 16.740234 C 15.670891 16.699234 16.690438 16.137687 16.898438 15.554688 C 17.106437 14.971687 17.106922 14.470187 17.044922 14.367188 C 16.982922 14.263188 16.816406 14.201172 16.566406 14.076172 C 16.317406 13.951172 15.090328 13.348625 14.861328 13.265625 C 14.632328 13.182625 14.464828 13.140625 14.298828 13.390625 C 14.132828 13.640625 13.655766 14.201187 13.509766 14.367188 C 13.363766 14.534188 13.21875 14.556641 12.96875 14.431641 C 12.71875 14.305641 11.914938 14.041406 10.960938 13.191406 C 10.218937 12.530406 9.7182656 11.714844 9.5722656 11.464844 C 9.4272656 11.215844 9.5585938 11.079078 9.6835938 10.955078 C 9.7955938 10.843078 9.9316406 10.663578 10.056641 10.517578 C 10.180641 10.371578 10.223641 10.267562 10.306641 10.101562 C 10.389641 9.9355625 10.347156 9.7890625 10.285156 9.6640625 C 10.223156 9.5390625 9.737625 8.3065 9.515625 7.8125 C 9.328625 7.3975 9.131125 7.3878594 8.953125 7.3808594 C 8.808125 7.3748594 8.6425625 7.375 8.4765625 7.375 z\"><\/path><\/svg><span class=\"wp-block-social-link-label screen-reader-text\">WhatsApp<\/span><\/a><\/li>\n\n<li style=\"color:#0693e3;\" class=\"wp-social-link wp-social-link-instagram has-vivid-cyan-blue-color wp-block-social-link\"><a href=\"https:\/\/www.instagram.com\/radiosisal97.3\/profilecard\/?igsh=MWo1azd5aXNvN2hmcQ==\" class=\"wp-block-social-link-anchor\"><svg width=\"24\" height=\"24\" viewBox=\"0 0 24 24\" version=\"1.1\" xmlns=\"http:\/\/www.w3.org\/2000\/svg\" aria-hidden=\"true\" focusable=\"false\"><path d=\"M12,4.622c2.403,0,2.688,0.009,3.637,0.052c0.877,0.04,1.354,0.187,1.671,0.31c0.42,0.163,0.72,0.358,1.035,0.673 c0.315,0.315,0.51,0.615,0.673,1.035c0.123,0.317,0.27,0.794,0.31,1.671c0.043,0.949,0.052,1.234,0.052,3.637 s-0.009,2.688-0.052,3.637c-0.04,0.877-0.187,1.354-0.31,1.671c-0.163,0.42-0.358,0.72-0.673,1.035 c-0.315,0.315-0.615,0.51-1.035,0.673c-0.317,0.123-0.794,0.27-1.671,0.31c-0.949,0.043-1.233,0.052-3.637,0.052 s-2.688-0.009-3.637-0.052c-0.877-0.04-1.354-0.187-1.671-0.31c-0.42-0.163-0.72-0.358-1.035-0.673 c-0.315-0.315-0.51-0.615-0.673-1.035c-0.123-0.317-0.27-0.794-0.31-1.671C4.631,14.688,4.622,14.403,4.622,12 s0.009-2.688,0.052-3.637c0.04-0.877,0.187-1.354,0.31-1.671c0.163-0.42,0.358-0.72,0.673-1.035 c0.315-0.315,0.615-0.51,1.035-0.673c0.317-0.123,0.794-0.27,1.671-0.31C9.312,4.631,9.597,4.622,12,4.622 M12,3 C9.556,3,9.249,3.01,8.289,3.054C7.331,3.098,6.677,3.25,6.105,3.472C5.513,3.702,5.011,4.01,4.511,4.511 c-0.5,0.5-0.808,1.002-1.038,1.594C3.25,6.677,3.098,7.331,3.054,8.289C3.01,9.249,3,9.556,3,12c0,2.444,0.01,2.751,0.054,3.711 c0.044,0.958,0.196,1.612,0.418,2.185c0.23,0.592,0.538,1.094,1.038,1.594c0.5,0.5,1.002,0.808,1.594,1.038 c0.572,0.222,1.227,0.375,2.185,0.418C9.249,20.99,9.556,21,12,21s2.751-0.01,3.711-0.054c0.958-0.044,1.612-0.196,2.185-0.418 c0.592-0.23,1.094-0.538,1.594-1.038c0.5-0.5,0.808-1.002,1.038-1.594c0.222-0.572,0.375-1.227,0.418-2.185 C20.99,14.751,21,14.444,21,12s-0.01-2.751-0.054-3.711c-0.044-0.958-0.196-1.612-0.418-2.185c-0.23-0.592-0.538-1.094-1.038-1.594 c-0.5-0.5-1.002-0.808-1.594-1.038c-0.572-0.222-1.227-0.375-2.185-0.418C14.751,3.01,14.444,3,12,3L12,3z M12,7.378 c-2.552,0-4.622,2.069-4.622,4.622S9.448,16.622,12,16.622s4.622-2.069,4.622-4.622S14.552,7.378,12,7.378z M12,15 c-1.657,0-3-1.343-3-3s1.343-3,3-3s3,1.343,3,3S13.657,15,12,15z M16.804,6.116c-0.596,0-1.08,0.484-1.08,1.08 s0.484,1.08,1.08,1.08c0.596,0,1.08-0.484,1.08-1.08S17.401,6.116,16.804,6.116z\"><\/path><\/svg><span class=\"wp-block-social-link-label screen-reader-text\">Instagram<\/span><\/a><\/li>\n\n<li style=\"color:#0693e3;\" class=\"wp-social-link wp-social-link-facebook has-vivid-cyan-blue-color wp-block-social-link\"><a href=\"https:\/\/www.facebook.com\/share\/1A7WveK9ft\/?mibextid=wwXIfr\" class=\"wp-block-social-link-anchor\"><svg width=\"24\" height=\"24\" viewBox=\"0 0 24 24\" version=\"1.1\" xmlns=\"http:\/\/www.w3.org\/2000\/svg\" aria-hidden=\"true\" focusable=\"false\"><path d=\"M12 2C6.5 2 2 6.5 2 12c0 5 3.7 9.1 8.4 9.9v-7H7.9V12h2.5V9.8c0-2.5 1.5-3.9 3.8-3.9 1.1 0 2.2.2 2.2.2v2.5h-1.3c-1.2 0-1.6.8-1.6 1.6V12h2.8l-.4 2.9h-2.3v7C18.3 21.1 22 17 22 12c0-5.5-4.5-10-10-10z\"><\/path><\/svg><span class=\"wp-block-social-link-label screen-reader-text\">Facebook<\/span><\/a><\/li><\/ul>\n","protected":false},"excerpt":{"rendered":"<p>Fabricante protocolou pedido de precifica\u00e7\u00e3o em mar\u00e7o. Prazo de resposta vai at\u00e9 3 de junho. Mesmo com o pre\u00e7o definido, a incorpora\u00e7\u00e3o ao sistema p\u00fablico depender\u00e1 de avalia\u00e7\u00e3o da Conitec \u2014 e o custo elevado torna o processo incerto. Mais de tr\u00eas meses depois de aprovado pela&nbsp;Ag\u00eancia Nacional de Vigil\u00e2ncia Sanit\u00e1ria&nbsp;(Anvisa), o&nbsp;lenacapavir&nbsp;\u2014 uma inje\u00e7\u00e3o semestral [&hellip;]<\/p>\n","protected":false},"author":2,"featured_media":12080,"comment_status":"open","ping_status":"open","sticky":false,"template":"","format":"standard","meta":{"footnotes":""},"categories":[1],"tags":[],"class_list":["post-12079","post","type-post","status-publish","format-standard","has-post-thumbnail","hentry","category-geral"],"jetpack_sharing_enabled":true,"jetpack_featured_media_url":"https:\/\/i0.wp.com\/radiosisal.com\/br\/wp-content\/uploads\/2026\/04\/WhatsApp-Image-2026-04-29-at-08.29.02.jpeg?fit=984%2C695&ssl=1","_links":{"self":[{"href":"https:\/\/radiosisal.com\/br\/wp-json\/wp\/v2\/posts\/12079","targetHints":{"allow":["GET"]}}],"collection":[{"href":"https:\/\/radiosisal.com\/br\/wp-json\/wp\/v2\/posts"}],"about":[{"href":"https:\/\/radiosisal.com\/br\/wp-json\/wp\/v2\/types\/post"}],"author":[{"embeddable":true,"href":"https:\/\/radiosisal.com\/br\/wp-json\/wp\/v2\/users\/2"}],"replies":[{"embeddable":true,"href":"https:\/\/radiosisal.com\/br\/wp-json\/wp\/v2\/comments?post=12079"}],"version-history":[{"count":1,"href":"https:\/\/radiosisal.com\/br\/wp-json\/wp\/v2\/posts\/12079\/revisions"}],"predecessor-version":[{"id":12081,"href":"https:\/\/radiosisal.com\/br\/wp-json\/wp\/v2\/posts\/12079\/revisions\/12081"}],"wp:featuredmedia":[{"embeddable":true,"href":"https:\/\/radiosisal.com\/br\/wp-json\/wp\/v2\/media\/12080"}],"wp:attachment":[{"href":"https:\/\/radiosisal.com\/br\/wp-json\/wp\/v2\/media?parent=12079"}],"wp:term":[{"taxonomy":"category","embeddable":true,"href":"https:\/\/radiosisal.com\/br\/wp-json\/wp\/v2\/categories?post=12079"},{"taxonomy":"post_tag","embeddable":true,"href":"https:\/\/radiosisal.com\/br\/wp-json\/wp\/v2\/tags?post=12079"}],"curies":[{"name":"wp","href":"https:\/\/api.w.org\/{rel}","templated":true}]}}