{"id":1647,"date":"2024-03-13T08:14:00","date_gmt":"2024-03-13T08:14:00","guid":{"rendered":"https:\/\/radiosisal.com\/br\/?p=1647"},"modified":"2024-03-13T10:28:54","modified_gmt":"2024-03-13T10:28:54","slug":"homem-e-condenado-a-30-anos-de-prisao-por-atear-fogo-na-companheira-no-interior-da-bahia","status":"publish","type":"post","link":"https:\/\/radiosisal.com\/br\/2024\/03\/13\/homem-e-condenado-a-30-anos-de-prisao-por-atear-fogo-na-companheira-no-interior-da-bahia\/","title":{"rendered":"HOMEM \u00c9 CONDENADO A 30 ANOS DE PRIS\u00c3O POR ATEAR FOGO NA COMPANHEIRA NO INTERIOR DA BAHIA"},"content":{"rendered":"\n<p>Caso foi registrado em 5 de dezembro de 2022.<\/p>\n\n\n\n<p>Um Tribunal do J\u00fari em Jacobina condenou, na \u00faltima sexta-feira (8), um homem a 30 anos e 11 meses de pris\u00e3o pelo feminic\u00eddio de sua companheira em dezembro de 2022.\u00a0<\/p>\n\n\n\n<p id=\"paragrafo-sws5usx4ic\">Segundo a den\u00fancia, Elton Ribeiro de Souza ateou fogo no corpo de sua companheira. Os ferimentos da queimadura causaram a morte da mulher em 5 de dezembro de 2022, no munic\u00edpio de Ourol\u00e2ndia, no Centro-Norte.<\/p>\n\n\n\n<p id=\"paragrafo-zg32ta58lv\">Na senten\u00e7a, a ju\u00edza J\u00falia Wanderley Lopes determinou que o r\u00e9u cumpra a pena em regime fechado.\u00a0A acusa\u00e7\u00e3o foi sustentada no J\u00fari pelos promotores de Justi\u00e7a Guilherme Abrante Cardoso de Moraes e Cintia Campos da Silva.<\/p>\n\n\n\n<p id=\"paragrafo-q5uhymounl\">Consta ainda na den\u00fancia que o casal mantinha rela\u00e7\u00e3o afetiva h\u00e1 mais de tr\u00eas anos, a qual foi marcada por viol\u00eancia f\u00edsica e psicol\u00f3gica.<\/p>\n\n\n\n<p id=\"paragrafo-772enfzsnh\">No dia do crime, por volta das 16h, o r\u00e9u agrediu a v\u00edtima com tapas e socos, e depois despejado cinco litros de l\u00edquido inflam\u00e1vel, ateando fogo no corpo da v\u00edtima. Segundo a den\u00fancia, o r\u00e9u agiu por motivo f\u00fatil, porque n\u00e3o queria que a v\u00edtima retornasse para S\u00e3o Paulo, seu estado de origem, e por n\u00e3o aceitar a separa\u00e7\u00e3o.<\/p>\n\n\n\n<p><strong><em>Mat\u00e9ria do correio24hoas<\/em><\/strong><\/p>\n","protected":false},"excerpt":{"rendered":"<p>Caso foi registrado em 5 de dezembro de 2022. Um Tribunal do J\u00fari em Jacobina condenou, na \u00faltima sexta-feira (8), um homem a 30 anos e 11 meses de pris\u00e3o pelo feminic\u00eddio de sua companheira em dezembro de 2022.\u00a0 Segundo a den\u00fancia, Elton Ribeiro de Souza ateou fogo no corpo de sua companheira. Os ferimentos [&hellip;]<\/p>\n","protected":false},"author":2,"featured_media":1649,"comment_status":"open","ping_status":"open","sticky":false,"template":"","format":"standard","meta":{"footnotes":""},"categories":[1],"tags":[],"class_list":["post-1647","post","type-post","status-publish","format-standard","has-post-thumbnail","hentry","category-geral"],"jetpack_sharing_enabled":true,"jetpack_featured_media_url":"https:\/\/i0.wp.com\/radiosisal.com\/br\/wp-content\/uploads\/2024\/03\/prefeitura-de-ourolandia-2040189-article.webp?fit=601%2C376&ssl=1","_links":{"self":[{"href":"https:\/\/radiosisal.com\/br\/wp-json\/wp\/v2\/posts\/1647","targetHints":{"allow":["GET"]}}],"collection":[{"href":"https:\/\/radiosisal.com\/br\/wp-json\/wp\/v2\/posts"}],"about":[{"href":"https:\/\/radiosisal.com\/br\/wp-json\/wp\/v2\/types\/post"}],"author":[{"embeddable":true,"href":"https:\/\/radiosisal.com\/br\/wp-json\/wp\/v2\/users\/2"}],"replies":[{"embeddable":true,"href":"https:\/\/radiosisal.com\/br\/wp-json\/wp\/v2\/comments?post=1647"}],"version-history":[{"count":1,"href":"https:\/\/radiosisal.com\/br\/wp-json\/wp\/v2\/posts\/1647\/revisions"}],"predecessor-version":[{"id":1650,"href":"https:\/\/radiosisal.com\/br\/wp-json\/wp\/v2\/posts\/1647\/revisions\/1650"}],"wp:featuredmedia":[{"embeddable":true,"href":"https:\/\/radiosisal.com\/br\/wp-json\/wp\/v2\/media\/1649"}],"wp:attachment":[{"href":"https:\/\/radiosisal.com\/br\/wp-json\/wp\/v2\/media?parent=1647"}],"wp:term":[{"taxonomy":"category","embeddable":true,"href":"https:\/\/radiosisal.com\/br\/wp-json\/wp\/v2\/categories?post=1647"},{"taxonomy":"post_tag","embeddable":true,"href":"https:\/\/radiosisal.com\/br\/wp-json\/wp\/v2\/tags?post=1647"}],"curies":[{"name":"wp","href":"https:\/\/api.w.org\/{rel}","templated":true}]}}