{"id":1654,"date":"2024-03-13T09:31:00","date_gmt":"2024-03-13T09:31:00","guid":{"rendered":"https:\/\/radiosisal.com\/br\/?p=1654"},"modified":"2024-03-13T00:34:04","modified_gmt":"2024-03-13T00:34:04","slug":"suspeito-de-atirar-em-crianca-de-10-anos-com-espingarda-e-preso-em-jacobina","status":"publish","type":"post","link":"https:\/\/radiosisal.com\/br\/2024\/03\/13\/suspeito-de-atirar-em-crianca-de-10-anos-com-espingarda-e-preso-em-jacobina\/","title":{"rendered":"SUSPEITO DE ATIRAR EM CRIAN\u00c7A DE 10 ANOS COM ESPINGARDA \u00c9 PRESO EM JACOBINA"},"content":{"rendered":"\n<p id=\"linha-fina-4ewywawyig\">Homem \u00e9 suspeito de atirar, com uma espingarda de chumbinho, em uma crian\u00e7a, na noite de segunda-feira (11).<\/p>\n\n\n\n<p>Um homem de 48 anos foi preso no munic\u00edpio de Jacobina, no centro norte do estado. O suspeito teria atingido uma crian\u00e7a de apenas 10 anos um disparo de espingarda de chumbinho.<\/p>\n\n\n\n<p id=\"paragrafo-vyvoaoat3u\">Policiais militares da 24\u00aa Companhia Independente de Pol\u00edcia Militar (CIPM) prenderam um homem suspeito de atirar, com uma espingarda de chumbinho, em uma crian\u00e7a, na noite de segunda-feira (11).<\/p>\n\n\n\n<p id=\"paragrafo-up3xq3x1ku\">Os PMs patrulhavam a regi\u00e3o, quando foram acionados em raz\u00e3o de um menino atingido por um disparo de press\u00e3o na Rua Madre Idalina, no bairro Nazar\u00e9. Segundo o pai da crian\u00e7a afirmou \u00e0 PM, o autor do disparo teria sido um vizinho que ainda estaria nas imedia\u00e7\u00f5es.<\/p>\n\n\n\n<p id=\"paragrafo-2nqms4r07s\">O suspeito foi localizado e tentou resistir \u00e0 abordagem, mas foi detido.<\/p>\n\n\n\n<p id=\"paragrafo-6jldtjlt5r\">Duas espingardas de press\u00e3o, bem como muni\u00e7\u00f5es, foram encontradas com o homem. O menino foi socorrido pelos militares para uma UPA, onde recebeu atendimento m\u00e9dico.<\/p>\n\n\n\n<p id=\"paragrafo-z08cesfly6\">O homem preso e todo o material apreendido foram encaminhados para a Delegacia Territorial de Jacobina, onde a ocorr\u00eancia de les\u00e3o corporal dolosa foi registrada. O caso seguiu para o Juizado Especial Criminal (Jecrim).<\/p>\n\n\n\n<p><strong><em>Mat\u00e9ria do correio24horas<\/em><\/strong><\/p>\n","protected":false},"excerpt":{"rendered":"<p>Homem \u00e9 suspeito de atirar, com uma espingarda de chumbinho, em uma crian\u00e7a, na noite de segunda-feira (11). Um homem de 48 anos foi preso no munic\u00edpio de Jacobina, no centro norte do estado. O suspeito teria atingido uma crian\u00e7a de apenas 10 anos um disparo de espingarda de chumbinho. Policiais militares da 24\u00aa Companhia [&hellip;]<\/p>\n","protected":false},"author":2,"featured_media":1655,"comment_status":"open","ping_status":"open","sticky":false,"template":"","format":"standard","meta":{"footnotes":""},"categories":[1],"tags":[],"class_list":["post-1654","post","type-post","status-publish","format-standard","has-post-thumbnail","hentry","category-geral"],"jetpack_sharing_enabled":true,"jetpack_featured_media_url":"https:\/\/i0.wp.com\/radiosisal.com\/br\/wp-content\/uploads\/2024\/03\/policia-civil-2030785-article.webp?fit=600%2C400&ssl=1","_links":{"self":[{"href":"https:\/\/radiosisal.com\/br\/wp-json\/wp\/v2\/posts\/1654","targetHints":{"allow":["GET"]}}],"collection":[{"href":"https:\/\/radiosisal.com\/br\/wp-json\/wp\/v2\/posts"}],"about":[{"href":"https:\/\/radiosisal.com\/br\/wp-json\/wp\/v2\/types\/post"}],"author":[{"embeddable":true,"href":"https:\/\/radiosisal.com\/br\/wp-json\/wp\/v2\/users\/2"}],"replies":[{"embeddable":true,"href":"https:\/\/radiosisal.com\/br\/wp-json\/wp\/v2\/comments?post=1654"}],"version-history":[{"count":1,"href":"https:\/\/radiosisal.com\/br\/wp-json\/wp\/v2\/posts\/1654\/revisions"}],"predecessor-version":[{"id":1656,"href":"https:\/\/radiosisal.com\/br\/wp-json\/wp\/v2\/posts\/1654\/revisions\/1656"}],"wp:featuredmedia":[{"embeddable":true,"href":"https:\/\/radiosisal.com\/br\/wp-json\/wp\/v2\/media\/1655"}],"wp:attachment":[{"href":"https:\/\/radiosisal.com\/br\/wp-json\/wp\/v2\/media?parent=1654"}],"wp:term":[{"taxonomy":"category","embeddable":true,"href":"https:\/\/radiosisal.com\/br\/wp-json\/wp\/v2\/categories?post=1654"},{"taxonomy":"post_tag","embeddable":true,"href":"https:\/\/radiosisal.com\/br\/wp-json\/wp\/v2\/tags?post=1654"}],"curies":[{"name":"wp","href":"https:\/\/api.w.org\/{rel}","templated":true}]}}