{"id":1657,"date":"2024-03-13T08:49:00","date_gmt":"2024-03-13T08:49:00","guid":{"rendered":"https:\/\/radiosisal.com\/br\/?p=1657"},"modified":"2024-03-13T01:04:06","modified_gmt":"2024-03-13T01:04:06","slug":"inmet-emite-alerta-de-chuva-intensa-para-122-cidades-baianas","status":"publish","type":"post","link":"https:\/\/radiosisal.com\/br\/2024\/03\/13\/inmet-emite-alerta-de-chuva-intensa-para-122-cidades-baianas\/","title":{"rendered":"INMET EMITE ALERTA DE CHUVA INTENSA PARA 122 CIDADES BAIANAS"},"content":{"rendered":"\n<p>Previs\u00e3o \u00e9 de que o fen\u00f4meno chegue a capital na quinta-feira (14)<\/p>\n\n\n\n<p>O Instituto Nacional de Meteorologia (INMET) emitiu alerta de chuva intensa para 122 cidades baianas. Segundo a meteorologista do \u00f3rg\u00e3o, Cl\u00e1udia Val\u00e9ria Silva, as chuvas j\u00e1 come\u00e7aram na regi\u00e3o Sul do estado, e segue para o leste nos pr\u00f3ximos dias. Em Salvador, a previs\u00e3o \u00e9 de tempo chuvoso a partir da pr\u00f3xima quinta-feira (14).<\/p>\n\n\n\n<p id=\"paragrafo-5zh4fgkjzx\">Ainda de acordo com a meteorologista, a frente fria \u00e9 resultado de uma Zona de Converg\u00eancia Intertropical (ZCIT), uma zona de baixa press\u00e3o formada por nuvens na Linha do Equador e associada a \u00e1reas de tempo inst\u00e1vel nas regi\u00f5es Norte e Nordeste.<\/p>\n\n\n\n<p id=\"paragrafo-zjiyz2c0vr\">\u201cEla \u00e9 semi-estacion\u00e1ria, ou seja, ela permanece em torno da Linha do Equador durante o ano. Devido \u00e0s temperaturas mais elevadas, est\u00e1 sempre associada a muitas nuvens. Nessa \u00e9poca do ano, ela tem um deslocamento para o Sul, atingindo o Nordeste brasileiro e favorecendo as chuvas\u201d, explicou.<\/p>\n\n\n\n<p id=\"paragrafo-atupt0n3ww\">Os mun\u00edcipios com alerta de chuva intensa s\u00e3o: Abar\u00e9; Alcoba\u00e7a; Anag\u00e9; Arataca; Barra do Cho\u00e7a; Belmonte; Belo Campo; Caatiba; Camacan; Canavieiras; C\u00e2ndido Sales; Cara\u00edbas; Caravelas; Casa Nova; Conde\u00faba; Cordeiros; Cura\u00e7\u00e1; Encruzilhada; Eun\u00e1polis; Firmino Alves; Guajeru; Guaratinga; Ibicu\u00ed; Ibirapu\u00e3; Itabela; Itagimirim; Itaju do Col\u00f4nia; Itamaraju; Itamb\u00e9; Itanh\u00e9m; Itapebi; Itapetinga; Itarantim; Itoror\u00f3; Jacaraci; Janda\u00edra; Jucuru\u00e7u; Jussari; Lajed\u00e3o; Lic\u00ednio de Almeida; Macarani; Maetinga; Maiquinique; Mascote; Medeiros Neto; Mortugaba; Mucuri; Nova Cana\u00e3; Nova Vi\u00e7osa; Pau Brasil; Pirip\u00e1; Planalto; Porto Seguro; Potiragu\u00e1; Prado; Presidente J\u00e2nio Quadros; Ribeir\u00e3o do Largo; Santa Cruz Cabr\u00e1lia; Santa Cruz da Vit\u00f3ria; Santa Luzia; S\u00e3o Jos\u00e9 da Vit\u00f3ria; Sebasti\u00e3o Laranjeiras; Teixeira de Freitas; Tremedal; Una; Urandi; Vereda e Vit\u00f3ria da Conquista<\/p>\n\n\n\n<p id=\"paragrafo-og1q7n977s\">A previs\u00e3o \u00e9 de que chova entre 20 e 30 mm\/h ou at\u00e9 50 mm\/dia, al\u00e9m de ventos intensos (40-60 km\/h). H\u00e1 baixo risco de corte de energia el\u00e9trica, queda de galhos de \u00e1rvores, alagamentos e de descargas el\u00e9tricas.<\/p>\n\n\n\n<p id=\"paragrafo-7lr2ud8d6t\">A orienta\u00e7\u00e3o \u00e9 que, em caso de rajadas de vento, n\u00e3o se abrigue debaixo de \u00e1rvores, pois h\u00e1 leve risco de queda e descargas el\u00e9tricas. Tamb\u00e9m \u00e9 recomendado que ve\u00edculos n\u00e3o sejam estacionados pr\u00f3ximos a torres de transmiss\u00e3o e placas de propaganda. A recomenda\u00e7\u00e3o tamb\u00e9m \u00e9 de evitar o uso de aparelhos eletr\u00f4nicos ligados \u00e0 tomada. <\/p>\n\n\n\n<p id=\"paragrafo-7lr2ud8d6t\">Em caso de emerg\u00eancia \u00e9 poss\u00edvel acionar a Defesa Civil (telefone 199) e o Corpo de Bombeiros (telefone 193).<\/p>\n\n\n\n<p><strong><em>Mat\u00e9ria do correio24horas<\/em><\/strong><\/p>\n","protected":false},"excerpt":{"rendered":"<p>Previs\u00e3o \u00e9 de que o fen\u00f4meno chegue a capital na quinta-feira (14) O Instituto Nacional de Meteorologia (INMET) emitiu alerta de chuva intensa para 122 cidades baianas. Segundo a meteorologista do \u00f3rg\u00e3o, Cl\u00e1udia Val\u00e9ria Silva, as chuvas j\u00e1 come\u00e7aram na regi\u00e3o Sul do estado, e segue para o leste nos pr\u00f3ximos dias. Em Salvador, a [&hellip;]<\/p>\n","protected":false},"author":2,"featured_media":1658,"comment_status":"open","ping_status":"open","sticky":false,"template":"","format":"standard","meta":{"footnotes":""},"categories":[1],"tags":[],"class_list":["post-1657","post","type-post","status-publish","format-standard","has-post-thumbnail","hentry","category-geral"],"jetpack_sharing_enabled":true,"jetpack_featured_media_url":"https:\/\/i0.wp.com\/radiosisal.com\/br\/wp-content\/uploads\/2024\/03\/chuva-em-salvador-2022913-article.webp?fit=1200%2C799&ssl=1","_links":{"self":[{"href":"https:\/\/radiosisal.com\/br\/wp-json\/wp\/v2\/posts\/1657","targetHints":{"allow":["GET"]}}],"collection":[{"href":"https:\/\/radiosisal.com\/br\/wp-json\/wp\/v2\/posts"}],"about":[{"href":"https:\/\/radiosisal.com\/br\/wp-json\/wp\/v2\/types\/post"}],"author":[{"embeddable":true,"href":"https:\/\/radiosisal.com\/br\/wp-json\/wp\/v2\/users\/2"}],"replies":[{"embeddable":true,"href":"https:\/\/radiosisal.com\/br\/wp-json\/wp\/v2\/comments?post=1657"}],"version-history":[{"count":2,"href":"https:\/\/radiosisal.com\/br\/wp-json\/wp\/v2\/posts\/1657\/revisions"}],"predecessor-version":[{"id":1661,"href":"https:\/\/radiosisal.com\/br\/wp-json\/wp\/v2\/posts\/1657\/revisions\/1661"}],"wp:featuredmedia":[{"embeddable":true,"href":"https:\/\/radiosisal.com\/br\/wp-json\/wp\/v2\/media\/1658"}],"wp:attachment":[{"href":"https:\/\/radiosisal.com\/br\/wp-json\/wp\/v2\/media?parent=1657"}],"wp:term":[{"taxonomy":"category","embeddable":true,"href":"https:\/\/radiosisal.com\/br\/wp-json\/wp\/v2\/categories?post=1657"},{"taxonomy":"post_tag","embeddable":true,"href":"https:\/\/radiosisal.com\/br\/wp-json\/wp\/v2\/tags?post=1657"}],"curies":[{"name":"wp","href":"https:\/\/api.w.org\/{rel}","templated":true}]}}