{"id":1704,"date":"2024-03-14T09:20:00","date_gmt":"2024-03-14T09:20:00","guid":{"rendered":"https:\/\/radiosisal.com\/br\/?p=1704"},"modified":"2024-03-14T00:18:08","modified_gmt":"2024-03-14T00:18:08","slug":"decimo-terceiro-de-aposentados-e-pensionistas-e-antecipado-veja-quando-sera-o-pagamento","status":"publish","type":"post","link":"https:\/\/radiosisal.com\/br\/2024\/03\/14\/decimo-terceiro-de-aposentados-e-pensionistas-e-antecipado-veja-quando-sera-o-pagamento\/","title":{"rendered":"D\u00c9CIMO TERCEIRO DE APOSENTADOS E PENSIONISTAS \u00c9 ANTECIPADO; VEJA QUANDO SER\u00c1 O PAGAMENTO"},"content":{"rendered":"\n<p>Um decreto publicado no Di\u00e1rio Oficial da Uni\u00e3o desta quarta-feira (13) autorizou a antecipar o 13\u00b0 dos aposentados e pensionistas que recebem benef\u00edcios do Instituto Nacional do Seguro Social (<a class=\"\" href=\"https:\/\/g1.globo.com\/tudo-sobre\/inss\/\">INSS<\/a>). O pagamento do abono anual.<\/p>\n\n\n\n<p>A primeira parcela do abono anual, como \u00e9 chamado o 13\u00b0, ser\u00e1 creditada na folha de pagamento do m\u00eas de&nbsp;<strong>abril<\/strong>, enquanto a segunda parcela ser\u00e1 paga na folha de&nbsp;<strong>maio<\/strong>.<\/p>\n\n\n\n<p>Segundo o governo, essa antecipa\u00e7\u00e3o representa uma iniciativa para auxiliar os segurados e dependentes da Previd\u00eancia Social durante o ano de 2024.<\/p>\n\n\n\n<h2 class=\"wp-block-heading\">Quem tem direito?<\/h2>\n\n\n\n<p>O direito ao benef\u00edcio abrange segurados e dependentes que, ao longo do ano, tenham recebido aux\u00edlio por incapacidade tempor\u00e1ria, aux\u00edlio-acidente, aposentadoria, pens\u00e3o por morte ou aux\u00edlio-reclus\u00e3o.<\/p>\n\n\n\n<p>Al\u00e9m disso, o decretou publicado nesta quarta-feira destacou que, em casos de cessa\u00e7\u00e3o programada do benef\u00edcio antes de 31 de dezembro de 2024, ser\u00e1 pago o valor proporcional do abono anual ao benefici\u00e1rio.<\/p>\n\n\n\n<p>O governo deseja, com a antecipa\u00e7\u00e3o do pagamento do d\u00e9cimo terceiro, dar um al\u00edvio financeiro para os benefici\u00e1rios do INSS, garantindo um refor\u00e7o no or\u00e7amento para enfrentar despesas e necessidades ao longo do ano.<\/p>\n\n\n\n<p><strong><em>Mat\u00e9ria do G1<\/em><\/strong><\/p>\n","protected":false},"excerpt":{"rendered":"<p>Um decreto publicado no Di\u00e1rio Oficial da Uni\u00e3o desta quarta-feira (13) autorizou a antecipar o 13\u00b0 dos aposentados e pensionistas que recebem benef\u00edcios do Instituto Nacional do Seguro Social (INSS). O pagamento do abono anual. A primeira parcela do abono anual, como \u00e9 chamado o 13\u00b0, ser\u00e1 creditada na folha de pagamento do m\u00eas de&nbsp;abril, [&hellip;]<\/p>\n","protected":false},"author":2,"featured_media":1705,"comment_status":"open","ping_status":"open","sticky":false,"template":"","format":"standard","meta":{"footnotes":""},"categories":[1],"tags":[],"class_list":["post-1704","post","type-post","status-publish","format-standard","has-post-thumbnail","hentry","category-geral"],"jetpack_sharing_enabled":true,"jetpack_featured_media_url":"https:\/\/i0.wp.com\/radiosisal.com\/br\/wp-content\/uploads\/2024\/03\/real-moedadinheiro-jfcrz-abr-1701220041-1.webp?fit=984%2C589&ssl=1","_links":{"self":[{"href":"https:\/\/radiosisal.com\/br\/wp-json\/wp\/v2\/posts\/1704","targetHints":{"allow":["GET"]}}],"collection":[{"href":"https:\/\/radiosisal.com\/br\/wp-json\/wp\/v2\/posts"}],"about":[{"href":"https:\/\/radiosisal.com\/br\/wp-json\/wp\/v2\/types\/post"}],"author":[{"embeddable":true,"href":"https:\/\/radiosisal.com\/br\/wp-json\/wp\/v2\/users\/2"}],"replies":[{"embeddable":true,"href":"https:\/\/radiosisal.com\/br\/wp-json\/wp\/v2\/comments?post=1704"}],"version-history":[{"count":1,"href":"https:\/\/radiosisal.com\/br\/wp-json\/wp\/v2\/posts\/1704\/revisions"}],"predecessor-version":[{"id":1706,"href":"https:\/\/radiosisal.com\/br\/wp-json\/wp\/v2\/posts\/1704\/revisions\/1706"}],"wp:featuredmedia":[{"embeddable":true,"href":"https:\/\/radiosisal.com\/br\/wp-json\/wp\/v2\/media\/1705"}],"wp:attachment":[{"href":"https:\/\/radiosisal.com\/br\/wp-json\/wp\/v2\/media?parent=1704"}],"wp:term":[{"taxonomy":"category","embeddable":true,"href":"https:\/\/radiosisal.com\/br\/wp-json\/wp\/v2\/categories?post=1704"},{"taxonomy":"post_tag","embeddable":true,"href":"https:\/\/radiosisal.com\/br\/wp-json\/wp\/v2\/tags?post=1704"}],"curies":[{"name":"wp","href":"https:\/\/api.w.org\/{rel}","templated":true}]}}