{"id":1720,"date":"2024-03-14T08:30:00","date_gmt":"2024-03-14T08:30:00","guid":{"rendered":"https:\/\/radiosisal.com\/br\/?p=1720"},"modified":"2024-03-14T12:51:17","modified_gmt":"2024-03-14T12:51:17","slug":"familiares-identificam-corpo-de-homem-sequestrado-em-coite-e-deixado-na-zona-rural-de-gaviao","status":"publish","type":"post","link":"https:\/\/radiosisal.com\/br\/2024\/03\/14\/familiares-identificam-corpo-de-homem-sequestrado-em-coite-e-deixado-na-zona-rural-de-gaviao\/","title":{"rendered":"FAMILIARES IDENTIFICAM CORPO DE HOMEM SEQUESTRADO EM COIT\u00c9 E DEIXADO NA ZONA RURAL DE GAVI\u00c3O"},"content":{"rendered":"\n<p>Trata-se de Pedro Hiago, absolvido em novembro quando foi a J\u00fari acusado de matar o padrasto.<\/p>\n\n\n\n<p>O Departamento de Pol\u00edcia T\u00e9cnica (DPT) da cidade de Jacobina no Centro norte da Bahia j\u00e1 tem conhecimento de que o corpo do sexo masculino levado para l\u00e1 na manh\u00e3 da \u00faltima segunda-feira, 11, juntamento com o corpo de uma mulher identificada como Steffane,\u00a0<a href=\"https:\/\/www.calilanoticias.com\/2024\/03\/corpo-de-coiteense-encontrado-em-estrada-vicinal-de-gaviao-e-liberado-do-dpt-de-jacobina-do-homem-continua-sem-identificacao\"><strong>cujo mesmo foi liberado por volta do meio dia de ontem (12)<\/strong><\/a>, \u00e9 de Pedro Hiago Siles, ele foi preso em maio de 2020 acusado de matar o padrasto Ant\u00f4nio Siles Pedro, popularmente conhecido como Paulista Chapista, com a participa\u00e7\u00e3o da m\u00e3e dele, esposa de Paulista, a senhora Jesone Siles Santos, ambos foram julgados em novembro do ano passado e absolvidos pelo crime integralmente pelos jurados, por\u00e9m, Hiago foi condenado por oculta\u00e7\u00e3o de cad\u00e1ver, cuja pena \u00e9 de 1 a 3 anos de pris\u00e3o, o ju\u00edz aplicou dois anos, como ele j\u00e1 estava preso a quase 4 anos, acabou sendo liberado e n\u00e3o voltou para o pres\u00eddio.<\/p>\n\n\n\n<figure class=\"wp-block-image size-full\"><img loading=\"lazy\" decoding=\"async\" width=\"700\" height=\"420\" src=\"https:\/\/i0.wp.com\/radiosisal.com\/br\/wp-content\/uploads\/2024\/03\/image-10.png?resize=700%2C420&#038;ssl=1\" alt=\"\" class=\"wp-image-1721\" srcset=\"https:\/\/i0.wp.com\/radiosisal.com\/br\/wp-content\/uploads\/2024\/03\/image-10.png?w=700&amp;ssl=1 700w, https:\/\/i0.wp.com\/radiosisal.com\/br\/wp-content\/uploads\/2024\/03\/image-10.png?resize=300%2C180&amp;ssl=1 300w\" sizes=\"auto, (max-width: 700px) 100vw, 700px\" data-recalc-dims=\"1\" \/><figcaption class=\"wp-element-caption\">Mae e filho foram absolvidos do crime em novembro o ano passado | Foto: Raimundo Mascarenhas<\/figcaption><\/figure>\n\n\n\n<p>O corpo foi reconhecido por dois primos de Hiago na manh\u00e3 desta quarta-feira, 13, por\u00e9m, somente familiar do primeiro grau, neste caso, em Coit\u00e9 ele tem apenas a m\u00e3e que pode fazer a retirada do corpo do DPT. Ela j\u00e1 est\u00e1 se mobilizando para ir at\u00e9 Jacobina que fica a 160 km de dist\u00e2ncia de Coit\u00e9.<\/p>\n\n\n\n<p>Segundo informa\u00e7\u00f5es, Pedro Hiago no m\u00eas de janeiro ateou fogo na casa que pertenceu a sua av\u00f3 no Bairro dos Barreiros e foi preciso dois tios sairem as pressas para n\u00e3o serem atingidos pelo fogo, tendo ficando alguns dias desaparecido, depois de ter praticado o ato criminoso.<\/p>\n\n\n\n<p>O que ainda nossa reportagem n\u00e3o consegiu informa\u00e7\u00e3o \u00e9 se Hiago tinha envolvimento com Steffane, se foi sequestrado antes ou depois dela. O que se sabe \u00e9 que<a href=\"https:\/\/www.calilanoticias.com\/2024\/03\/corpos-de-homem-e-de-mulher-sao-encontrados-com-marcas-de-tiros-na-zona-rural-de-gaviao-ambos-foram-sequestrados-em-coite\"><strong>\u00a0os dois corpos foram encontrados na manh\u00e3 de segunda-feira passada<\/strong><\/a>, o corpo dele pr\u00f3ximo a cancela de acesso a uma fazenda na zona rural do munic\u00edpio de Gavi\u00e3o apresentava um tiro nas costas, supostamente disparado por arma de grosso calibre, enquanto Steffane foi deixada mais a frente no meio de uma estrada vicinal com tiro na cabe\u00e7a. O corpo dela foi sepultado no fim da tarde de ter\u00e7a-feira.<\/p>\n\n\n\n<p><strong><em>Mat\u00e9ria do CN<\/em><\/strong><\/p>\n","protected":false},"excerpt":{"rendered":"<p>Trata-se de Pedro Hiago, absolvido em novembro quando foi a J\u00fari acusado de matar o padrasto. O Departamento de Pol\u00edcia T\u00e9cnica (DPT) da cidade de Jacobina no Centro norte da Bahia j\u00e1 tem conhecimento de que o corpo do sexo masculino levado para l\u00e1 na manh\u00e3 da \u00faltima segunda-feira, 11, juntamento com o corpo de [&hellip;]<\/p>\n","protected":false},"author":2,"featured_media":1722,"comment_status":"open","ping_status":"open","sticky":false,"template":"","format":"standard","meta":{"footnotes":""},"categories":[1],"tags":[],"class_list":["post-1720","post","type-post","status-publish","format-standard","has-post-thumbnail","hentry","category-geral"],"jetpack_sharing_enabled":true,"jetpack_featured_media_url":"https:\/\/i0.wp.com\/radiosisal.com\/br\/wp-content\/uploads\/2024\/03\/hiago.webp?fit=619%2C342&ssl=1","_links":{"self":[{"href":"https:\/\/radiosisal.com\/br\/wp-json\/wp\/v2\/posts\/1720","targetHints":{"allow":["GET"]}}],"collection":[{"href":"https:\/\/radiosisal.com\/br\/wp-json\/wp\/v2\/posts"}],"about":[{"href":"https:\/\/radiosisal.com\/br\/wp-json\/wp\/v2\/types\/post"}],"author":[{"embeddable":true,"href":"https:\/\/radiosisal.com\/br\/wp-json\/wp\/v2\/users\/2"}],"replies":[{"embeddable":true,"href":"https:\/\/radiosisal.com\/br\/wp-json\/wp\/v2\/comments?post=1720"}],"version-history":[{"count":1,"href":"https:\/\/radiosisal.com\/br\/wp-json\/wp\/v2\/posts\/1720\/revisions"}],"predecessor-version":[{"id":1723,"href":"https:\/\/radiosisal.com\/br\/wp-json\/wp\/v2\/posts\/1720\/revisions\/1723"}],"wp:featuredmedia":[{"embeddable":true,"href":"https:\/\/radiosisal.com\/br\/wp-json\/wp\/v2\/media\/1722"}],"wp:attachment":[{"href":"https:\/\/radiosisal.com\/br\/wp-json\/wp\/v2\/media?parent=1720"}],"wp:term":[{"taxonomy":"category","embeddable":true,"href":"https:\/\/radiosisal.com\/br\/wp-json\/wp\/v2\/categories?post=1720"},{"taxonomy":"post_tag","embeddable":true,"href":"https:\/\/radiosisal.com\/br\/wp-json\/wp\/v2\/tags?post=1720"}],"curies":[{"name":"wp","href":"https:\/\/api.w.org\/{rel}","templated":true}]}}