{"id":1725,"date":"2024-03-14T02:10:50","date_gmt":"2024-03-14T02:10:50","guid":{"rendered":"https:\/\/radiosisal.com\/br\/?p=1725"},"modified":"2024-03-14T02:13:01","modified_gmt":"2024-03-14T02:13:01","slug":"a-lenda-marcio-greick-retorna-a-selecao-coiteense","status":"publish","type":"post","link":"https:\/\/radiosisal.com\/br\/2024\/03\/14\/a-lenda-marcio-greick-retorna-a-selecao-coiteense\/","title":{"rendered":"A LENDA M\u00c1RCIO GREICK RETORNA \u00c0 SELE\u00c7\u00c3O COITEENSE:"},"content":{"rendered":"\n<p>Ap\u00f3s um per\u00edodo de espera ansiosa, a lenda do a regional, M\u00e1rcio Greick, est\u00e1 de volta ao Intermunicipal. O renomado goleiro, detentor de oito incr\u00edveis t\u00edtulos nas competi\u00e7\u00f5es, voltar\u00e1 a atuar onde j\u00e1 se consagrou como tri campe\u00e3o, trazendo consigo uma carga de experi\u00eancia e talento incompar\u00e1veis.<\/p>\n\n\n\n<p>A contrata\u00e7\u00e3o de destaque, realizada pela competente Liga de Concei\u00e7\u00e3o do Coit\u00e9 em parceria com a Prefeitura Municipal, representa um marco significativo no fortalecimento do esporte na cidade. Essa colabora\u00e7\u00e3o evidencia o compromisso conjunto em proporcionar oportunidades e incentivar o desenvolvimento do talento local, al\u00e9m de promover a uni\u00e3o e o orgulho da comunidade em torno do esporte.<\/p>\n\n\n\n<p>M\u00e1rcio Greick, conhecido n\u00e3o apenas por suas habilidades excepcionais entre as traves, mas tamb\u00e9m por sua lideran\u00e7a e determina\u00e7\u00e3o em campo, traz consigo n\u00e3o apenas um vasto repert\u00f3rio de conquistas, mas tamb\u00e9m uma inspira\u00e7\u00e3o renovada para toda uma nova gera\u00e7\u00e3o de jogadores.<\/p>\n\n\n\n<p>O retorno do lend\u00e1rio goleiro ao Intermunicipal \u00e9 recebido com jubilo pelos torcedores e amantes do futebol local, que reconhecem nele n\u00e3o apenas um \u00eddolo, mas um s\u00edmbolo de perseveran\u00e7a e excel\u00eancia esportiva.<\/p>\n\n\n\n<p>Com uma nova temporada prestes a come\u00e7ar, as expectativas s\u00e3o altas e as emo\u00e7\u00f5es palp\u00e1veis. A sele\u00e7\u00e3o coiteense, agora fortalecida com a presen\u00e7a de M\u00e1rcio Greick, est\u00e1 determinado a escrever mais um cap\u00edtulo glorioso em sua hist\u00f3ria, buscando mais uma vez o t\u00e3o almejado t\u00edtulo de campe\u00e3o.<\/p>\n\n\n\n<p>\u00c0 medida que a bola rola e os jogos se desenrolam, a cidade de Concei\u00e7\u00e3o do Coit\u00e9 se prepara para vibrar com cada defesa espetacular, cada vit\u00f3ria conquistada e cada momento de gl\u00f3ria que est\u00e1 por vir. O retorno de M\u00e1rcio Greick marca o in\u00edcio de uma nova era de desafios e conquistas, renovando a paix\u00e3o pelo futebol e fortalecendo os la\u00e7os que unem a comunidade em torno do esporte mais amado do mundo.<\/p>\n\n\n\n<p><strong><em>Por Dayran Lima<\/em><\/strong><\/p>\n","protected":false},"excerpt":{"rendered":"<p>Ap\u00f3s um per\u00edodo de espera ansiosa, a lenda do a regional, M\u00e1rcio Greick, est\u00e1 de volta ao Intermunicipal. O renomado goleiro, detentor de oito incr\u00edveis t\u00edtulos nas competi\u00e7\u00f5es, voltar\u00e1 a atuar onde j\u00e1 se consagrou como tri campe\u00e3o, trazendo consigo uma carga de experi\u00eancia e talento incompar\u00e1veis. A contrata\u00e7\u00e3o de destaque, realizada pela competente Liga [&hellip;]<\/p>\n","protected":false},"author":2,"featured_media":1727,"comment_status":"open","ping_status":"open","sticky":false,"template":"","format":"standard","meta":{"footnotes":""},"categories":[1],"tags":[],"class_list":["post-1725","post","type-post","status-publish","format-standard","has-post-thumbnail","hentry","category-geral"],"jetpack_sharing_enabled":true,"jetpack_featured_media_url":"https:\/\/i0.wp.com\/radiosisal.com\/br\/wp-content\/uploads\/2024\/03\/WhatsApp-Image-2024-03-13-at-23.10.17.jpeg?fit=1280%2C981&ssl=1","_links":{"self":[{"href":"https:\/\/radiosisal.com\/br\/wp-json\/wp\/v2\/posts\/1725","targetHints":{"allow":["GET"]}}],"collection":[{"href":"https:\/\/radiosisal.com\/br\/wp-json\/wp\/v2\/posts"}],"about":[{"href":"https:\/\/radiosisal.com\/br\/wp-json\/wp\/v2\/types\/post"}],"author":[{"embeddable":true,"href":"https:\/\/radiosisal.com\/br\/wp-json\/wp\/v2\/users\/2"}],"replies":[{"embeddable":true,"href":"https:\/\/radiosisal.com\/br\/wp-json\/wp\/v2\/comments?post=1725"}],"version-history":[{"count":1,"href":"https:\/\/radiosisal.com\/br\/wp-json\/wp\/v2\/posts\/1725\/revisions"}],"predecessor-version":[{"id":1728,"href":"https:\/\/radiosisal.com\/br\/wp-json\/wp\/v2\/posts\/1725\/revisions\/1728"}],"wp:featuredmedia":[{"embeddable":true,"href":"https:\/\/radiosisal.com\/br\/wp-json\/wp\/v2\/media\/1727"}],"wp:attachment":[{"href":"https:\/\/radiosisal.com\/br\/wp-json\/wp\/v2\/media?parent=1725"}],"wp:term":[{"taxonomy":"category","embeddable":true,"href":"https:\/\/radiosisal.com\/br\/wp-json\/wp\/v2\/categories?post=1725"},{"taxonomy":"post_tag","embeddable":true,"href":"https:\/\/radiosisal.com\/br\/wp-json\/wp\/v2\/tags?post=1725"}],"curies":[{"name":"wp","href":"https:\/\/api.w.org\/{rel}","templated":true}]}}