{"id":341,"date":"2023-12-08T18:40:51","date_gmt":"2023-12-08T18:40:51","guid":{"rendered":"https:\/\/radiosisal.com\/br\/?p=341"},"modified":"2023-12-08T19:23:51","modified_gmt":"2023-12-08T19:23:51","slug":"celebracoes-em-honra-a-nossa-senhora-na-matriz-de-conceicao-do-coite","status":"publish","type":"post","link":"https:\/\/radiosisal.com\/br\/2023\/12\/08\/celebracoes-em-honra-a-nossa-senhora-na-matriz-de-conceicao-do-coite\/","title":{"rendered":"Celebra\u00e7\u00f5es em Honra a Nossa Senhora na Matriz de Concei\u00e7\u00e3o do Coit\u00e9."},"content":{"rendered":"\n<p><strong>No \u00faltimo dia 8 de dezembro, os fi\u00e9is da cidade se reuniram na igreja matriz para celebrar o dia de Nossa Senhora, padroeira do munic\u00edpio. As festividades foram marcadas por uma missa solene realizada \u00e0s 10 horas da manh\u00e3, seguida por uma s\u00e9rie de eventos comemorativos.<\/strong><\/p>\n\n\n\n<p><strong>O clima de devo\u00e7\u00e3o e f\u00e9 tomou conta da igreja, onde os paroquianos se reuniram para homenagear Nossa Senhora em um dos momentos mais importantes do calend\u00e1rio religioso local. A missa solene, conduzida pelo Pe. Evandro, trouxe \u00e0 tona a import\u00e2ncia da figura da Virgem Maria na vida dos fi\u00e9is.<\/strong><\/p>\n\n\n\n<figure class=\"wp-block-image size-full is-resized\"><img loading=\"lazy\" decoding=\"async\" width=\"1024\" height=\"731\" src=\"https:\/\/i0.wp.com\/radiosisal.com\/br\/wp-content\/uploads\/2023\/12\/image.png?resize=1024%2C731&#038;ssl=1\" alt=\"\" class=\"wp-image-342\" style=\"width:1033px;height:auto\" srcset=\"https:\/\/i0.wp.com\/radiosisal.com\/br\/wp-content\/uploads\/2023\/12\/image.png?w=1024&amp;ssl=1 1024w, https:\/\/i0.wp.com\/radiosisal.com\/br\/wp-content\/uploads\/2023\/12\/image.png?resize=300%2C214&amp;ssl=1 300w, https:\/\/i0.wp.com\/radiosisal.com\/br\/wp-content\/uploads\/2023\/12\/image.png?resize=768%2C548&amp;ssl=1 768w\" sizes=\"auto, (max-width: 1024px) 100vw, 1024px\" data-recalc-dims=\"1\" \/><\/figure>\n\n\n\n<p><strong>Durante a celebra\u00e7\u00e3o, Pe. Evandro destacou a relev\u00e2ncia do papel de Nossa Senhora como protetora da cidade e guia espiritual da comunidade. Os fi\u00e9is participaram ativamente, entoando c\u00e2nticos, rezando e refletindo sobre os ensinamentos da padroeira.<\/strong><\/p>\n\n\n\n<p><strong>Al\u00e9m da missa, diversas atividades foram organizadas para marcar a ocasi\u00e3o, como prociss\u00f5es, missa campal, encerrando com a ben\u00e7\u00e3o do sant\u00edssimo sacramento.<\/strong><\/p>\n\n\n\n<p><strong>O feriado de Nossa Senhora \u00e9 um momento significativo para a comunidade de Concei\u00e7\u00e3o do Coit\u00e9, proporcionando uma oportunidade para expressar gratid\u00e3o, renovar a f\u00e9 e fortalecer os la\u00e7os entre os moradores da cidade. Lembrando<\/strong><strong> a import\u00e2ncia da tradi\u00e7\u00e3o religiosa, as comemora\u00e7\u00f5es do dia 8 de dezembro s\u00e3o uma manifesta\u00e7\u00e3o tang\u00edvel da f\u00e9 que une a comunidade de Concei\u00e7\u00e3o do Coit\u00e9. Que Nossa Senhora continue a aben\u00e7oar e proteger todos os que a ela recorrem com devo\u00e7\u00e3o e esperan\u00e7a.<\/strong><\/p>\n\n\n\n<p><strong>Por Dayran lima, Radio Sisal<\/strong><\/p>\n\n\n\n<p>08\/12\/2023 \u00e0s 15h45.<\/p>\n\n\n\n<p>Fotos: Carlos Barros(@carrllao.fotos)<\/p>\n","protected":false},"excerpt":{"rendered":"<p>No \u00faltimo dia 8 de dezembro, os fi\u00e9is da cidade se reuniram na igreja matriz para celebrar o dia de Nossa Senhora, padroeira do munic\u00edpio. As festividades foram marcadas por uma missa solene realizada \u00e0s 10 horas da manh\u00e3, seguida por uma s\u00e9rie de eventos comemorativos. O clima de devo\u00e7\u00e3o e f\u00e9 tomou conta da [&hellip;]<\/p>\n","protected":false},"author":2,"featured_media":350,"comment_status":"open","ping_status":"open","sticky":true,"template":"","format":"standard","meta":{"footnotes":""},"categories":[1],"tags":[],"class_list":["post-341","post","type-post","status-publish","format-standard","has-post-thumbnail","hentry","category-geral"],"jetpack_sharing_enabled":true,"jetpack_featured_media_url":"https:\/\/i0.wp.com\/radiosisal.com\/br\/wp-content\/uploads\/2023\/12\/b384f717-7188-4902-a85c-f3c991ddb94e.jpg?fit=1024%2C731&ssl=1","_links":{"self":[{"href":"https:\/\/radiosisal.com\/br\/wp-json\/wp\/v2\/posts\/341","targetHints":{"allow":["GET"]}}],"collection":[{"href":"https:\/\/radiosisal.com\/br\/wp-json\/wp\/v2\/posts"}],"about":[{"href":"https:\/\/radiosisal.com\/br\/wp-json\/wp\/v2\/types\/post"}],"author":[{"embeddable":true,"href":"https:\/\/radiosisal.com\/br\/wp-json\/wp\/v2\/users\/2"}],"replies":[{"embeddable":true,"href":"https:\/\/radiosisal.com\/br\/wp-json\/wp\/v2\/comments?post=341"}],"version-history":[{"count":4,"href":"https:\/\/radiosisal.com\/br\/wp-json\/wp\/v2\/posts\/341\/revisions"}],"predecessor-version":[{"id":352,"href":"https:\/\/radiosisal.com\/br\/wp-json\/wp\/v2\/posts\/341\/revisions\/352"}],"wp:featuredmedia":[{"embeddable":true,"href":"https:\/\/radiosisal.com\/br\/wp-json\/wp\/v2\/media\/350"}],"wp:attachment":[{"href":"https:\/\/radiosisal.com\/br\/wp-json\/wp\/v2\/media?parent=341"}],"wp:term":[{"taxonomy":"category","embeddable":true,"href":"https:\/\/radiosisal.com\/br\/wp-json\/wp\/v2\/categories?post=341"},{"taxonomy":"post_tag","embeddable":true,"href":"https:\/\/radiosisal.com\/br\/wp-json\/wp\/v2\/tags?post=341"}],"curies":[{"name":"wp","href":"https:\/\/api.w.org\/{rel}","templated":true}]}}