{"id":3419,"date":"2024-07-08T05:27:00","date_gmt":"2024-07-08T05:27:00","guid":{"rendered":"https:\/\/radiosisal.com\/br\/?p=3419"},"modified":"2024-07-08T09:43:31","modified_gmt":"2024-07-08T09:43:31","slug":"jovem-de-18-anos-fica-gravemente-ferida-apos-colidir-moto-no-fundo-de-carreta","status":"publish","type":"post","link":"https:\/\/radiosisal.com\/br\/2024\/07\/08\/jovem-de-18-anos-fica-gravemente-ferida-apos-colidir-moto-no-fundo-de-carreta\/","title":{"rendered":"JOVEM DE 18 ANOS FICA GRAVEMENTE FERIDA AP\u00d3S COLIDIR MOTO NO FUNDO DE CARRETA"},"content":{"rendered":"\n<p>Uma jovem de 18 anos foi socorrida em estado considerado muito grave ap\u00f3s colidir a motocicleta no fundo de uma carreta carregada de botij\u00e3o de g\u00e1s que estava estacionada na Rua Ant\u00f4nio Nunes Gordiano, tamb\u00e9m conhecida como Rua Carij\u00e9, centro de Coit\u00e9.<\/p>\n\n\n\n<p>O acidente aconteceu por volta das 23h deste s\u00e1bado, 06, quando Maria Eduarda Souza Santos seguia no sentido Bairro da Quadra bateu violentamente e caiu desacordada sangrando muito pela face, a v\u00edtima usava capacete, mas o equipamento n\u00e3o tinha prote\u00e7\u00e3o frontal.<\/p>\n\n\n\n<figure class=\"wp-block-image size-full\"><img loading=\"lazy\" decoding=\"async\" width=\"750\" height=\"564\" src=\"https:\/\/i0.wp.com\/radiosisal.com\/br\/wp-content\/uploads\/2024\/07\/image-7.png?resize=750%2C564&#038;ssl=1\" alt=\"\" class=\"wp-image-3420\" srcset=\"https:\/\/i0.wp.com\/radiosisal.com\/br\/wp-content\/uploads\/2024\/07\/image-7.png?w=750&amp;ssl=1 750w, https:\/\/i0.wp.com\/radiosisal.com\/br\/wp-content\/uploads\/2024\/07\/image-7.png?resize=300%2C226&amp;ssl=1 300w, https:\/\/i0.wp.com\/radiosisal.com\/br\/wp-content\/uploads\/2024\/07\/image-7.png?resize=86%2C64&amp;ssl=1 86w\" sizes=\"auto, (max-width: 750px) 100vw, 750px\" data-recalc-dims=\"1\" \/><figcaption class=\"wp-element-caption\">Reprodu\u00e7\u00e3o <\/figcaption><\/figure>\n\n\n\n<p>A equipe do \u00c1guia Resgate grupo de socorristas volunt\u00e1rios ao chegar no local encontrou a jovem sendo amparada por populares e ao chegar no Hospital Portugu\u00eas \u2013 Unidade Regional de Coit\u00e9 diante da gravidade dos ferimentos a equipe m\u00e9dica pediu a transfer\u00eancia para outra unidade com melhor recurso em Feira de Santana ou Salvador.<\/p>\n\n\n\n<p>Segundo Gildo Carneiro, a jovem teve lacera\u00e7\u00e3o profunda na face, perda de dentes, suspeita de fratura de maxilar e de Traumatismo Craniano Encef\u00e1lico (TCE).<\/p>\n\n\n\n<p>O motorista da carreta reside em frente ao local do acidente e disse que h\u00e1 19 anos estaciona e pela primeira vez aconteceu acidente.<\/p>\n\n\n\n<p><strong><em>Mat\u00e9ria do CN<\/em><\/strong><\/p>\n","protected":false},"excerpt":{"rendered":"<p>Uma jovem de 18 anos foi socorrida em estado considerado muito grave ap\u00f3s colidir a motocicleta no fundo de uma carreta carregada de botij\u00e3o de g\u00e1s que estava estacionada na Rua Ant\u00f4nio Nunes Gordiano, tamb\u00e9m conhecida como Rua Carij\u00e9, centro de Coit\u00e9. O acidente aconteceu por volta das 23h deste s\u00e1bado, 06, quando Maria Eduarda [&hellip;]<\/p>\n","protected":false},"author":2,"featured_media":3422,"comment_status":"open","ping_status":"open","sticky":false,"template":"","format":"standard","meta":{"footnotes":""},"categories":[1],"tags":[],"class_list":["post-3419","post","type-post","status-publish","format-standard","has-post-thumbnail","hentry","category-geral"],"jetpack_sharing_enabled":true,"jetpack_featured_media_url":"https:\/\/i0.wp.com\/radiosisal.com\/br\/wp-content\/uploads\/2024\/07\/WhatsApp-Image-2024-07-07-at-00.26.40-1.webp?fit=700%2C527&ssl=1","_links":{"self":[{"href":"https:\/\/radiosisal.com\/br\/wp-json\/wp\/v2\/posts\/3419","targetHints":{"allow":["GET"]}}],"collection":[{"href":"https:\/\/radiosisal.com\/br\/wp-json\/wp\/v2\/posts"}],"about":[{"href":"https:\/\/radiosisal.com\/br\/wp-json\/wp\/v2\/types\/post"}],"author":[{"embeddable":true,"href":"https:\/\/radiosisal.com\/br\/wp-json\/wp\/v2\/users\/2"}],"replies":[{"embeddable":true,"href":"https:\/\/radiosisal.com\/br\/wp-json\/wp\/v2\/comments?post=3419"}],"version-history":[{"count":1,"href":"https:\/\/radiosisal.com\/br\/wp-json\/wp\/v2\/posts\/3419\/revisions"}],"predecessor-version":[{"id":3423,"href":"https:\/\/radiosisal.com\/br\/wp-json\/wp\/v2\/posts\/3419\/revisions\/3423"}],"wp:featuredmedia":[{"embeddable":true,"href":"https:\/\/radiosisal.com\/br\/wp-json\/wp\/v2\/media\/3422"}],"wp:attachment":[{"href":"https:\/\/radiosisal.com\/br\/wp-json\/wp\/v2\/media?parent=3419"}],"wp:term":[{"taxonomy":"category","embeddable":true,"href":"https:\/\/radiosisal.com\/br\/wp-json\/wp\/v2\/categories?post=3419"},{"taxonomy":"post_tag","embeddable":true,"href":"https:\/\/radiosisal.com\/br\/wp-json\/wp\/v2\/tags?post=3419"}],"curies":[{"name":"wp","href":"https:\/\/api.w.org\/{rel}","templated":true}]}}