{"id":3424,"date":"2024-07-08T09:47:00","date_gmt":"2024-07-08T09:47:00","guid":{"rendered":"https:\/\/radiosisal.com\/br\/?p=3424"},"modified":"2024-07-08T10:24:34","modified_gmt":"2024-07-08T10:24:34","slug":"governo-ja-decidiu-sobre-o-pagamento-do-13o-do-bolsa-familia-este-ano","status":"publish","type":"post","link":"https:\/\/radiosisal.com\/br\/2024\/07\/08\/governo-ja-decidiu-sobre-o-pagamento-do-13o-do-bolsa-familia-este-ano\/","title":{"rendered":"GOVERNO J\u00c1 DECIDIU SOBRE O PAGAMENTO DO 13\u00ba DO BOLSA FAM\u00cdLIA ESTE ANO"},"content":{"rendered":"\n<p><\/p>\n\n\n\n<p>O&nbsp;<a href=\"https:\/\/colunafinanceira.com.br\/governo-federal\/\" target=\"_blank\" rel=\"noreferrer noopener\">governo federal<\/a>&nbsp;anunciou oficialmente que o 13\u00ba sal\u00e1rio do&nbsp;<a href=\"https:\/\/colunafinanceira.com.br\/programa-bolsa-familia\/\" target=\"_blank\" rel=\"noreferrer noopener\">Bolsa Fam\u00edlia<\/a>&nbsp;n\u00e3o ser\u00e1 pago em 2024. A medida&nbsp;<a href=\"https:\/\/colunafinanceira.com.br\/visa\/\" target=\"_blank\" rel=\"noreferrer noopener\">visa<\/a>&nbsp;garantir a sustentabilidade financeira do programa e manter o valor m\u00ednimo de R$600 por fam\u00edlia, al\u00e9m dos adicionais para grupos espec\u00edficos.<\/p>\n\n\n\n<p>Em 2019, houve um pagamento extraordin\u00e1rio do 13\u00ba sal\u00e1rio, mas isso n\u00e3o se repetiu nos anos seguintes e n\u00e3o acontecer\u00e1 em 2024. A decis\u00e3o \u00e9 justificada pela necessidade de priorizar a estabilidade e previsibilidade do programa, assegurando o uso eficiente dos recursos para atender \u00e0s necessidades b\u00e1sicas das fam\u00edlias vulner\u00e1veis.<\/p>\n\n\n\n<p>No cen\u00e1rio atual, os consumidores enfrentam desafios significativos devido \u00e0 falta de produtos nos supermercados e ao aumento nos pre\u00e7os de itens b\u00e1sicos como arroz e caf\u00e9. Em maio, o \u00cdndice de Ruptura da Neogrid, que mede a indisponibilidade de produtos nas prateleiras, subiu para 13,4%.&nbsp;<\/p>\n\n\n\n<p>O arroz liderou a lista de produtos em falta, com um \u00edndice de ruptura de 9,7%, seguido pelo caf\u00e9, que teve uma alta na falta de estoque, passando de 8,1% para 8,8%. Outros produtos como detergente, manteiga e margarina tamb\u00e9m enfrentaram aumento na falta de estoque.<\/p>\n\n\n\n<p>Apesar das dificuldades, o feij\u00e3o manteve o mesmo \u00edndice de ruptura de 8,7%, mas registrou um aumento de 20% nas vendas em maio, indicando uma maior procura em meio \u00e0 instabilidade do mercado. Especialistas apontam que problemas na produ\u00e7\u00e3o, log\u00edstica, distribui\u00e7\u00e3o e alta demanda est\u00e3o contribuindo para essa situa\u00e7\u00e3o.&nbsp;<\/p>\n\n\n\n<p>A expectativa \u00e9 que a situa\u00e7\u00e3o se normalize nos pr\u00f3ximos meses com a chegada da nova safra e a estabiliza\u00e7\u00e3o do mercado, embora os consumidores devam ajustar seus h\u00e1bitos de consumo para lidar com os desafios impostos pela crise atual.<\/p>\n\n\n\n<p><strong><em>Mat\u00e9ria do r7.com<\/em><\/strong><\/p>\n","protected":false},"excerpt":{"rendered":"<p>O&nbsp;governo federal&nbsp;anunciou oficialmente que o 13\u00ba sal\u00e1rio do&nbsp;Bolsa Fam\u00edlia&nbsp;n\u00e3o ser\u00e1 pago em 2024. A medida&nbsp;visa&nbsp;garantir a sustentabilidade financeira do programa e manter o valor m\u00ednimo de R$600 por fam\u00edlia, al\u00e9m dos adicionais para grupos espec\u00edficos. Em 2019, houve um pagamento extraordin\u00e1rio do 13\u00ba sal\u00e1rio, mas isso n\u00e3o se repetiu nos anos seguintes e n\u00e3o acontecer\u00e1 [&hellip;]<\/p>\n","protected":false},"author":2,"featured_media":3425,"comment_status":"open","ping_status":"open","sticky":false,"template":"","format":"standard","meta":{"footnotes":""},"categories":[1],"tags":[],"class_list":["post-3424","post","type-post","status-publish","format-standard","has-post-thumbnail","hentry","category-geral"],"jetpack_sharing_enabled":true,"jetpack_featured_media_url":"https:\/\/i0.wp.com\/radiosisal.com\/br\/wp-content\/uploads\/2024\/07\/Calendario-completo-do-Bolsa-Familia-de-junho-Que-dia-comeca-750x430-1.jpeg?fit=750%2C430&ssl=1","_links":{"self":[{"href":"https:\/\/radiosisal.com\/br\/wp-json\/wp\/v2\/posts\/3424","targetHints":{"allow":["GET"]}}],"collection":[{"href":"https:\/\/radiosisal.com\/br\/wp-json\/wp\/v2\/posts"}],"about":[{"href":"https:\/\/radiosisal.com\/br\/wp-json\/wp\/v2\/types\/post"}],"author":[{"embeddable":true,"href":"https:\/\/radiosisal.com\/br\/wp-json\/wp\/v2\/users\/2"}],"replies":[{"embeddable":true,"href":"https:\/\/radiosisal.com\/br\/wp-json\/wp\/v2\/comments?post=3424"}],"version-history":[{"count":1,"href":"https:\/\/radiosisal.com\/br\/wp-json\/wp\/v2\/posts\/3424\/revisions"}],"predecessor-version":[{"id":3426,"href":"https:\/\/radiosisal.com\/br\/wp-json\/wp\/v2\/posts\/3424\/revisions\/3426"}],"wp:featuredmedia":[{"embeddable":true,"href":"https:\/\/radiosisal.com\/br\/wp-json\/wp\/v2\/media\/3425"}],"wp:attachment":[{"href":"https:\/\/radiosisal.com\/br\/wp-json\/wp\/v2\/media?parent=3424"}],"wp:term":[{"taxonomy":"category","embeddable":true,"href":"https:\/\/radiosisal.com\/br\/wp-json\/wp\/v2\/categories?post=3424"},{"taxonomy":"post_tag","embeddable":true,"href":"https:\/\/radiosisal.com\/br\/wp-json\/wp\/v2\/tags?post=3424"}],"curies":[{"name":"wp","href":"https:\/\/api.w.org\/{rel}","templated":true}]}}