{"id":3457,"date":"2024-07-10T05:03:00","date_gmt":"2024-07-10T05:03:00","guid":{"rendered":"https:\/\/radiosisal.com\/br\/?p=3457"},"modified":"2024-07-10T10:16:08","modified_gmt":"2024-07-10T10:16:08","slug":"cobras-jiboias-medindo-cerca-de-cinco-metros-chamam-atencao-de-moradores-do-riacho-grande-em-barrocas","status":"publish","type":"post","link":"https:\/\/radiosisal.com\/br\/2024\/07\/10\/cobras-jiboias-medindo-cerca-de-cinco-metros-chamam-atencao-de-moradores-do-riacho-grande-em-barrocas\/","title":{"rendered":"COBRAS JIBOIAS MEDINDO CERCA DE CINCO METROS, CHAMAM ATEN\u00c7\u00c3O DE MORADORES DO RIACHO GRANDE EM BARROCAS"},"content":{"rendered":"\n<p>Segundo moradores que mantiveram contato com o JNV nesta segunda-feira (8), as cobras est\u00e3o numa \u00e1rvore de uma propriedade rural, que fica nos fundos das casas populares do Racho Grande, povoado localizado \u00e0 cerca de 4km da sede do munic\u00edpio de Barrocas.<\/p>\n\n\n\n<p>Conforme relato da dona de casa senhora Edna, a presen\u00e7a das cobras tem chamado a aten\u00e7\u00e3o dos moradores. Num v\u00eddeo gravado por ela, \u00e9 poss\u00edvel ver uma das serpentes, mas segundo a moradora s\u00e3o duas.\u00a0<\/p>\n\n\n\n<p>&#8220;\u00c9 dentro da ro\u00e7a aqui nas casinhas, \u00e9 duas, tem o macho e tem a f\u00eamea, s\u00f3 que o macho se escondeu. A\u00ed tem a f\u00eamea grandona&#8221;, relatou a mulher, impressionada com os r\u00e9pteis.<\/p>\n\n\n\n<p>De acordo com o senhor Natan, que tamb\u00e9m mora na comunidade, as cobras foram vista pela primeira vez no domingo. Ele tenta contactar as autoridades competentes para evitar que as serpentes sejam mortas: &#8220;\u00c9 at\u00e9 perigoso, aqui cheio de crian\u00e7as, e pra ningu\u00e9m querer matar tamb\u00e9m&#8221;, afirmou.<\/p>\n\n\n\n<p>Em v\u00eddeos enviados ao JNV \u00e9 poss\u00edvel ver umas das cobras estirada na \u00e1rvore. A jiboia, conhecida por seu porte robusto e comportamento pac\u00edfico, \u00e9 comum em \u00e1reas de mata e pode atingir grandes dimens\u00f5es, o que explica o espanto dos moradores.<\/p>\n\n\n\n<p><strong><em>Mat\u00e9ria do <a href=\"https:\/\/www.jornalanossavoz.com.br\/\">https:\/\/www.jornalanossavoz.com.br\/<\/a><\/em><\/strong><\/p>\n","protected":false},"excerpt":{"rendered":"<p>Segundo moradores que mantiveram contato com o JNV nesta segunda-feira (8), as cobras est\u00e3o numa \u00e1rvore de uma propriedade rural, que fica nos fundos das casas populares do Racho Grande, povoado localizado \u00e0 cerca de 4km da sede do munic\u00edpio de Barrocas. Conforme relato da dona de casa senhora Edna, a presen\u00e7a das cobras tem [&hellip;]<\/p>\n","protected":false},"author":2,"featured_media":3458,"comment_status":"open","ping_status":"open","sticky":false,"template":"","format":"standard","meta":{"footnotes":""},"categories":[1],"tags":[],"class_list":["post-3457","post","type-post","status-publish","format-standard","has-post-thumbnail","hentry","category-geral"],"jetpack_sharing_enabled":true,"jetpack_featured_media_url":"https:\/\/i0.wp.com\/radiosisal.com\/br\/wp-content\/uploads\/2024\/07\/collage.png?fit=611%2C418&ssl=1","_links":{"self":[{"href":"https:\/\/radiosisal.com\/br\/wp-json\/wp\/v2\/posts\/3457","targetHints":{"allow":["GET"]}}],"collection":[{"href":"https:\/\/radiosisal.com\/br\/wp-json\/wp\/v2\/posts"}],"about":[{"href":"https:\/\/radiosisal.com\/br\/wp-json\/wp\/v2\/types\/post"}],"author":[{"embeddable":true,"href":"https:\/\/radiosisal.com\/br\/wp-json\/wp\/v2\/users\/2"}],"replies":[{"embeddable":true,"href":"https:\/\/radiosisal.com\/br\/wp-json\/wp\/v2\/comments?post=3457"}],"version-history":[{"count":1,"href":"https:\/\/radiosisal.com\/br\/wp-json\/wp\/v2\/posts\/3457\/revisions"}],"predecessor-version":[{"id":3459,"href":"https:\/\/radiosisal.com\/br\/wp-json\/wp\/v2\/posts\/3457\/revisions\/3459"}],"wp:featuredmedia":[{"embeddable":true,"href":"https:\/\/radiosisal.com\/br\/wp-json\/wp\/v2\/media\/3458"}],"wp:attachment":[{"href":"https:\/\/radiosisal.com\/br\/wp-json\/wp\/v2\/media?parent=3457"}],"wp:term":[{"taxonomy":"category","embeddable":true,"href":"https:\/\/radiosisal.com\/br\/wp-json\/wp\/v2\/categories?post=3457"},{"taxonomy":"post_tag","embeddable":true,"href":"https:\/\/radiosisal.com\/br\/wp-json\/wp\/v2\/tags?post=3457"}],"curies":[{"name":"wp","href":"https:\/\/api.w.org\/{rel}","templated":true}]}}