{"id":3469,"date":"2024-07-11T05:32:00","date_gmt":"2024-07-11T05:32:00","guid":{"rendered":"https:\/\/radiosisal.com\/br\/?p=3469"},"modified":"2024-07-11T09:44:43","modified_gmt":"2024-07-11T09:44:43","slug":"conferencia-em-conceicao-do-coite-debate-valor-economico-do-sisal-e-desafios-da-industria","status":"publish","type":"post","link":"https:\/\/radiosisal.com\/br\/2024\/07\/11\/conferencia-em-conceicao-do-coite-debate-valor-economico-do-sisal-e-desafios-da-industria\/","title":{"rendered":"CONFER\u00caNCIA EM CONCEI\u00c7\u00c3O DO COIT\u00c9 DEBATE VALOR ECON\u00d4MICO DO SISAL E DESAFIOS DA IND\u00daSTRIA"},"content":{"rendered":"\n<p>A Comunidade Nova Palmares, em Concei\u00e7\u00e3o do Coit\u00e9, sediar\u00e1 a 1\u00aa Confer\u00eancia do Sisal, que ocorrer\u00e1 na pr\u00f3xima sexta-feira (12) e s\u00e1bado (13). O evento, que tem como tema central \u201cO valor e a resist\u00eancia da fibra do sisal\u201d, visa promover discuss\u00f5es sobre o valor econ\u00f4mico do sisal, seu potencial de transforma\u00e7\u00e3o e os desafios enfrentados pela ind\u00fastria sisaleira.<\/p>\n\n\n\n<p>Na sexta-feira, a programa\u00e7\u00e3o inclui palestras, semin\u00e1rios e oficinas. Um dos destaques \u00e9 a apresenta\u00e7\u00e3o de Emanuel Carneiro, da Companhia Nacional de Abastecimento (Conab), que abordar\u00e1 \u201cO pre\u00e7o m\u00ednimo e a\u00e7\u00f5es da Pol\u00edtica de Garantia de Pre\u00e7os M\u00ednimos (PGPM)\u201d.<\/p>\n\n\n\n<p>No s\u00e1bado, a confer\u00eancia continua com a palestra de Iara Nancy, que falar\u00e1 sobre \u201cValor e resist\u00eancia na transforma\u00e7\u00e3o da vida\u201d. Al\u00e9m disso, outras atividades est\u00e3o previstas para aprofundar os debates sobre a import\u00e2ncia do sisal para a economia da regi\u00e3o.<\/p>\n\n\n\n<p>O evento conta com o apoio do Governo do Estado, Sebrae, Senar, Prefeitura de Concei\u00e7\u00e3o do Coit\u00e9, Consisal, Faresi, Governo Federal, Superintend\u00eancia da Agricultura Familiar, Bahiater e Unicafes.<\/p>\n\n\n\n<p><strong><em>Not\u00edcias de Santaluz<\/em><\/strong><\/p>\n","protected":false},"excerpt":{"rendered":"<p>A Comunidade Nova Palmares, em Concei\u00e7\u00e3o do Coit\u00e9, sediar\u00e1 a 1\u00aa Confer\u00eancia do Sisal, que ocorrer\u00e1 na pr\u00f3xima sexta-feira (12) e s\u00e1bado (13). O evento, que tem como tema central \u201cO valor e a resist\u00eancia da fibra do sisal\u201d, visa promover discuss\u00f5es sobre o valor econ\u00f4mico do sisal, seu potencial de transforma\u00e7\u00e3o e os desafios [&hellip;]<\/p>\n","protected":false},"author":2,"featured_media":3470,"comment_status":"open","ping_status":"open","sticky":false,"template":"","format":"standard","meta":{"footnotes":""},"categories":[1],"tags":[],"class_list":["post-3469","post","type-post","status-publish","format-standard","has-post-thumbnail","hentry","category-geral"],"jetpack_sharing_enabled":true,"jetpack_featured_media_url":"https:\/\/i0.wp.com\/radiosisal.com\/br\/wp-content\/uploads\/2024\/07\/sisal_52813956272_6355b8c73f_o.jpg?fit=540%2C360&ssl=1","_links":{"self":[{"href":"https:\/\/radiosisal.com\/br\/wp-json\/wp\/v2\/posts\/3469","targetHints":{"allow":["GET"]}}],"collection":[{"href":"https:\/\/radiosisal.com\/br\/wp-json\/wp\/v2\/posts"}],"about":[{"href":"https:\/\/radiosisal.com\/br\/wp-json\/wp\/v2\/types\/post"}],"author":[{"embeddable":true,"href":"https:\/\/radiosisal.com\/br\/wp-json\/wp\/v2\/users\/2"}],"replies":[{"embeddable":true,"href":"https:\/\/radiosisal.com\/br\/wp-json\/wp\/v2\/comments?post=3469"}],"version-history":[{"count":1,"href":"https:\/\/radiosisal.com\/br\/wp-json\/wp\/v2\/posts\/3469\/revisions"}],"predecessor-version":[{"id":3471,"href":"https:\/\/radiosisal.com\/br\/wp-json\/wp\/v2\/posts\/3469\/revisions\/3471"}],"wp:featuredmedia":[{"embeddable":true,"href":"https:\/\/radiosisal.com\/br\/wp-json\/wp\/v2\/media\/3470"}],"wp:attachment":[{"href":"https:\/\/radiosisal.com\/br\/wp-json\/wp\/v2\/media?parent=3469"}],"wp:term":[{"taxonomy":"category","embeddable":true,"href":"https:\/\/radiosisal.com\/br\/wp-json\/wp\/v2\/categories?post=3469"},{"taxonomy":"post_tag","embeddable":true,"href":"https:\/\/radiosisal.com\/br\/wp-json\/wp\/v2\/tags?post=3469"}],"curies":[{"name":"wp","href":"https:\/\/api.w.org\/{rel}","templated":true}]}}