{"id":3473,"date":"2024-07-11T04:35:00","date_gmt":"2024-07-11T04:35:00","guid":{"rendered":"https:\/\/radiosisal.com\/br\/?p=3473"},"modified":"2024-07-11T09:42:27","modified_gmt":"2024-07-11T09:42:27","slug":"confira-a-lista-de-medicamentos-que-ficarao-mais-acessiveis-com-a-nova-aliquota","status":"publish","type":"post","link":"https:\/\/radiosisal.com\/br\/2024\/07\/11\/confira-a-lista-de-medicamentos-que-ficarao-mais-acessiveis-com-a-nova-aliquota\/","title":{"rendered":"CONFIRA A LISTA DE MEDICAMENTOS QUE FICAR\u00c3O MAIS ACESS\u00cdVEIS COM A NOVA AL\u00cdQUOTA!"},"content":{"rendered":"\n<p>Rem\u00e9dios populares s\u00e3o inseridos em al\u00edquota reduzida na Reforma. Congresso Nacional aprecia nesta quarta texto base da proposta.<\/p>\n\n\n\n<p>Ap\u00f3s reuni\u00e3o entre o grupo de trabalho que analisou o projeto e l\u00edderes partid\u00e1rios,<a href=\"https:\/\/atarde.com.br\/politica\/brasil\/reforma-tributaria-ja-esta-pronta-para-ser-votada-na-camara-entenda-1277818\" target=\"_blank\" rel=\"noreferrer noopener\">&nbsp;um novo relat\u00f3rio&nbsp;<\/a>de regulamenta\u00e7\u00e3o da<a href=\"https:\/\/atarde.com.br\/tags\/reforma-tributaria?d=1\" target=\"_blank\" rel=\"noreferrer noopener\">&nbsp;Reforma Tribut\u00e1ria<\/a>&nbsp;foi apresentado na madrugada desta quarta-feira, 10, que conta agora com a inclus\u00e3o de medicamentos populares, a exemplo de antigripais, na al\u00edquota reduzida de 60%.<\/p>\n\n\n\n<p>A al\u00edquota padr\u00e3o da reforma \u00e9 de 26,5%. Com a inclus\u00e3o, os medicamentos passam a ter al\u00edquota reduzida e ter\u00e3o imposto de 10,6%.<\/p>\n\n\n\n<p>Os medicamentos que j\u00e1 estavam na al\u00edquota zero, como os usados para tratamentos mais graves, permaneceram com isen\u00e7\u00e3o de impostos. Assim, todos os rem\u00e9dios ter\u00e3o imposto reduzido \u2014 seja zerado ou reduzido.<\/p>\n\n\n\n<p>O relat\u00f3rio foi do deputado Reginaldo Lopes (PT-MG), que tamb\u00e9m foi nomeado relator-geral do texto no plen\u00e1rio da Casa.<\/p>\n\n\n\n<p>Com a proposta, a reforma vai unificar cinco tributos federais num \u00fanico imposto, o Imposto sobre Valor Agregado (IVA), que ter\u00e1 al\u00edquota padr\u00e3o estimada em 26,5%, que incidir\u00e1 sobre a maioria dos servi\u00e7os e produtos.<\/p>\n\n\n\n<p><strong>O que muda em rela\u00e7\u00e3o aos medicamentos?<br><\/strong>Os medicamentos estavam entre os itens com al\u00edquota menor que ficaram de fora das al\u00edquotas reduzidas no texto original, encaminhado pelo Executivo ao Congresso, mas passaram a ser inclusos ap\u00f3s reivindica\u00e7\u00e3o do setor farmac\u00eautico.<\/p>\n\n\n\n<p>De acordo com O Globo, o Minist\u00e9rio da Fazenda estima que a inclus\u00e3o dos medicamentos tem potencial para ampliar a al\u00edquota padr\u00e3o em 0,21 ponto percentual. Ou seja, quando um produto fica isento de imposto ou tem al\u00edquota reduzida, outro precisa ter a al\u00edquota elevada, de forma a manter a al\u00edquota geral do IVA.<\/p>\n\n\n\n<p><strong>Confira a lista de rem\u00e9dios com desconto de 60%:<br><\/strong>Semaglutida &#8211; para diabetes tipo 2;<br>Dipirona S\u00f3dica &#8211; analg\u00e9sico;<br>Colecalciferol &#8211; vitamina D;<br>Ibuprofeno &#8211; anti-inflamat\u00f3rio;<br>Cafe\u00edna + Dipirona S\u00f3dica + Orfenadrina Citrato &#8211; Relaxante muscular;<br>Clorfenamina Cloridrato + Fenilefrina + Paracetamol &#8211; Tratamento de gripes;<br>Lisdexanfetamina &#8211; Tratamento do transtorno de d\u00e9ficit de aten\u00e7\u00e3o e hiperatividade (TDAH);<br>Liraglutida &#8211; Diabetes Tipo 2;<br>Diosmina + Hesperidina &#8211; Problemas circulat\u00f3rios;<br>Cafe\u00edna + Carisoprodol + Diclofenaco S\u00f3dico + Paracetamol &#8211; Relaxante muscular;<br>Dapaglifozina + Metformina Cloridrato &#8211; Diabetes tipo 2;<br>Empaglifozina &#8211; Diabetes tipo2;<br>\u00c1cido Acetilsalic\u00edlico &#8211; Anti-inflamat\u00f3rio; analg\u00e9sico;<br>Betametasona + Dexclorfeniramina Maleato &#8211; Antial\u00e9rgico;<br>Fexofenadina Cloridrato &#8211; Antial\u00e9rgico;<br>Paracetamol &#8211; Analg\u00e9sico e antit\u00e9rmico;<br>Cafe\u00edna + Dipirona S\u00f3dica + Isometepteno &#8211; Enxaquecas;<br>Dutasterida + Tansuolina &#8211; Doen\u00e7as da pr\u00f3stata\u00c1cido C\u00edtrico + S\u00f3dio &#8211; Anti\u00e1cido;<br>Nimesulida &#8211; Anti-inflamat\u00f3rio.<\/p>\n\n\n\n<p><em>*Esses medicamentos passar\u00e3o a ter imposto reduzido.<\/em><\/p>\n\n\n\n<p><strong><em>Mat\u00e9ria do atardenoticias<\/em><\/strong><\/p>\n","protected":false},"excerpt":{"rendered":"<p>Rem\u00e9dios populares s\u00e3o inseridos em al\u00edquota reduzida na Reforma. Congresso Nacional aprecia nesta quarta texto base da proposta. Ap\u00f3s reuni\u00e3o entre o grupo de trabalho que analisou o projeto e l\u00edderes partid\u00e1rios,&nbsp;um novo relat\u00f3rio&nbsp;de regulamenta\u00e7\u00e3o da&nbsp;Reforma Tribut\u00e1ria&nbsp;foi apresentado na madrugada desta quarta-feira, 10, que conta agora com a inclus\u00e3o de medicamentos populares, a exemplo de [&hellip;]<\/p>\n","protected":false},"author":2,"featured_media":3474,"comment_status":"open","ping_status":"open","sticky":false,"template":"","format":"standard","meta":{"footnotes":""},"categories":[1],"tags":[],"class_list":["post-3473","post","type-post","status-publish","format-standard","has-post-thumbnail","hentry","category-geral"],"jetpack_sharing_enabled":true,"jetpack_featured_media_url":"https:\/\/i0.wp.com\/radiosisal.com\/br\/wp-content\/uploads\/2024\/07\/Confira-a-lista-de-medicamentos-que-ficarao-mais-a0127790200202407101638-ScaleDownProportional.webp?fit=1200%2C692&ssl=1","_links":{"self":[{"href":"https:\/\/radiosisal.com\/br\/wp-json\/wp\/v2\/posts\/3473","targetHints":{"allow":["GET"]}}],"collection":[{"href":"https:\/\/radiosisal.com\/br\/wp-json\/wp\/v2\/posts"}],"about":[{"href":"https:\/\/radiosisal.com\/br\/wp-json\/wp\/v2\/types\/post"}],"author":[{"embeddable":true,"href":"https:\/\/radiosisal.com\/br\/wp-json\/wp\/v2\/users\/2"}],"replies":[{"embeddable":true,"href":"https:\/\/radiosisal.com\/br\/wp-json\/wp\/v2\/comments?post=3473"}],"version-history":[{"count":2,"href":"https:\/\/radiosisal.com\/br\/wp-json\/wp\/v2\/posts\/3473\/revisions"}],"predecessor-version":[{"id":3476,"href":"https:\/\/radiosisal.com\/br\/wp-json\/wp\/v2\/posts\/3473\/revisions\/3476"}],"wp:featuredmedia":[{"embeddable":true,"href":"https:\/\/radiosisal.com\/br\/wp-json\/wp\/v2\/media\/3474"}],"wp:attachment":[{"href":"https:\/\/radiosisal.com\/br\/wp-json\/wp\/v2\/media?parent=3473"}],"wp:term":[{"taxonomy":"category","embeddable":true,"href":"https:\/\/radiosisal.com\/br\/wp-json\/wp\/v2\/categories?post=3473"},{"taxonomy":"post_tag","embeddable":true,"href":"https:\/\/radiosisal.com\/br\/wp-json\/wp\/v2\/tags?post=3473"}],"curies":[{"name":"wp","href":"https:\/\/api.w.org\/{rel}","templated":true}]}}