{"id":353,"date":"2023-12-08T23:35:26","date_gmt":"2023-12-08T23:35:26","guid":{"rendered":"https:\/\/radiosisal.com\/br\/?p=353"},"modified":"2023-12-08T23:35:27","modified_gmt":"2023-12-08T23:35:27","slug":"celebracao-magnifica-missa-campal-em-honra-a-nossa-senhora-da-conceicao-com-a-ilustre-presenca-do-prefeito-e-autoridades-locais","status":"publish","type":"post","link":"https:\/\/radiosisal.com\/br\/2023\/12\/08\/celebracao-magnifica-missa-campal-em-honra-a-nossa-senhora-da-conceicao-com-a-ilustre-presenca-do-prefeito-e-autoridades-locais\/","title":{"rendered":"Celebra\u00e7\u00e3o Magn\u00edfica: Missa Campal em Honra a Nossa Senhora da Concei\u00e7\u00e3o com a Ilustre Presen\u00e7a do Prefeito e Autoridades Locais."},"content":{"rendered":"\n<p>A missa campal em celebra\u00e7\u00e3o a Nossa Senhora da Concei\u00e7\u00e3o foi recebida com imensa alegria pelos fi\u00e9is, que lotaram a Pra\u00e7a da Matriz, criando uma atmosfera de devo\u00e7\u00e3o e fervor espiritual. O evento contou com a honrosa presen\u00e7a do Prefeito Marcelo Ara\u00fajo, da Primeira-Dama Suzy Ramaldes e do Vice-Prefeito Renato Souza, al\u00e9m de outras ilustres autoridades que se fizeram presentes.<\/p>\n\n\n\n<figure class=\"wp-block-image size-large is-resized\"><img loading=\"lazy\" decoding=\"async\" width=\"850\" height=\"1024\" src=\"https:\/\/i0.wp.com\/radiosisal.com\/br\/wp-content\/uploads\/2023\/12\/image-1.png?resize=850%2C1024&#038;ssl=1\" alt=\"\" class=\"wp-image-354\" style=\"width:1033px;height:auto\" srcset=\"https:\/\/i0.wp.com\/radiosisal.com\/br\/wp-content\/uploads\/2023\/12\/image-1.png?resize=850%2C1024&amp;ssl=1 850w, https:\/\/i0.wp.com\/radiosisal.com\/br\/wp-content\/uploads\/2023\/12\/image-1.png?resize=249%2C300&amp;ssl=1 249w, https:\/\/i0.wp.com\/radiosisal.com\/br\/wp-content\/uploads\/2023\/12\/image-1.png?resize=768%2C926&amp;ssl=1 768w, https:\/\/i0.wp.com\/radiosisal.com\/br\/wp-content\/uploads\/2023\/12\/image-1.png?resize=180%2C217&amp;ssl=1 180w, https:\/\/i0.wp.com\/radiosisal.com\/br\/wp-content\/uploads\/2023\/12\/image-1.png?resize=267%2C322&amp;ssl=1 267w, https:\/\/i0.wp.com\/radiosisal.com\/br\/wp-content\/uploads\/2023\/12\/image-1.png?w=941&amp;ssl=1 941w\" sizes=\"auto, (max-width: 850px) 100vw, 850px\" data-recalc-dims=\"1\" \/><\/figure>\n\n\n\n<p>A celebra\u00e7\u00e3o, marcada pela uni\u00e3o da comunidade em um momento de f\u00e9, refletiu a import\u00e2ncia religiosa e cultural da devo\u00e7\u00e3o a Nossa Senhora da Concei\u00e7\u00e3o. As palavras do celebrante ecoaram entre os presentes, proporcionando um instante de reflex\u00e3o e inspira\u00e7\u00e3o. A participa\u00e7\u00e3o das autoridades destacou ainda mais a relev\u00e2ncia do evento, evidenciando o apoio e respeito da gest\u00e3o municipal \u00e0 tradi\u00e7\u00e3o e valores da comunidade, finalizando com a Comovente Prociss\u00e3o e a Ben\u00e7\u00e3o do Sant\u00edssimo Sacramento.<\/p>\n\n\n\n<p><strong>Por Dayran Lima, R\u00e1dio Sisal<\/strong><\/p>\n\n\n\n<p>08\/12\/2023 \u00e0s 20h29.<\/p>\n\n\n\n<p>Fotos: Carlos Barros(@carrll\u00e3o.fotos)\/Marcio Mota.<\/p>\n","protected":false},"excerpt":{"rendered":"<p>A missa campal em celebra\u00e7\u00e3o a Nossa Senhora da Concei\u00e7\u00e3o foi recebida com imensa alegria pelos fi\u00e9is, que lotaram a Pra\u00e7a da Matriz, criando uma atmosfera de devo\u00e7\u00e3o e fervor espiritual. O evento contou com a honrosa presen\u00e7a do Prefeito Marcelo Ara\u00fajo, da Primeira-Dama Suzy Ramaldes e do Vice-Prefeito Renato Souza, al\u00e9m de outras ilustres [&hellip;]<\/p>\n","protected":false},"author":2,"featured_media":355,"comment_status":"open","ping_status":"open","sticky":true,"template":"","format":"standard","meta":{"footnotes":""},"categories":[1],"tags":[],"class_list":["post-353","post","type-post","status-publish","format-standard","has-post-thumbnail","hentry","category-geral"],"jetpack_sharing_enabled":true,"jetpack_featured_media_url":"https:\/\/i0.wp.com\/radiosisal.com\/br\/wp-content\/uploads\/2023\/12\/WhatsApp-Image-2023-12-08-at-18.26.56.jpeg?fit=1600%2C1142&ssl=1","_links":{"self":[{"href":"https:\/\/radiosisal.com\/br\/wp-json\/wp\/v2\/posts\/353","targetHints":{"allow":["GET"]}}],"collection":[{"href":"https:\/\/radiosisal.com\/br\/wp-json\/wp\/v2\/posts"}],"about":[{"href":"https:\/\/radiosisal.com\/br\/wp-json\/wp\/v2\/types\/post"}],"author":[{"embeddable":true,"href":"https:\/\/radiosisal.com\/br\/wp-json\/wp\/v2\/users\/2"}],"replies":[{"embeddable":true,"href":"https:\/\/radiosisal.com\/br\/wp-json\/wp\/v2\/comments?post=353"}],"version-history":[{"count":1,"href":"https:\/\/radiosisal.com\/br\/wp-json\/wp\/v2\/posts\/353\/revisions"}],"predecessor-version":[{"id":356,"href":"https:\/\/radiosisal.com\/br\/wp-json\/wp\/v2\/posts\/353\/revisions\/356"}],"wp:featuredmedia":[{"embeddable":true,"href":"https:\/\/radiosisal.com\/br\/wp-json\/wp\/v2\/media\/355"}],"wp:attachment":[{"href":"https:\/\/radiosisal.com\/br\/wp-json\/wp\/v2\/media?parent=353"}],"wp:term":[{"taxonomy":"category","embeddable":true,"href":"https:\/\/radiosisal.com\/br\/wp-json\/wp\/v2\/categories?post=353"},{"taxonomy":"post_tag","embeddable":true,"href":"https:\/\/radiosisal.com\/br\/wp-json\/wp\/v2\/tags?post=353"}],"curies":[{"name":"wp","href":"https:\/\/api.w.org\/{rel}","templated":true}]}}