{"id":357,"date":"2023-12-11T20:31:46","date_gmt":"2023-12-11T20:31:46","guid":{"rendered":"https:\/\/radiosisal.com\/br\/?p=357"},"modified":"2023-12-11T20:41:24","modified_gmt":"2023-12-11T20:41:24","slug":"chuva-de-estrelas-cadentes-geminidas-sera-esta-semana-150-meteoros-por-hora","status":"publish","type":"post","link":"https:\/\/radiosisal.com\/br\/2023\/12\/11\/chuva-de-estrelas-cadentes-geminidas-sera-esta-semana-150-meteoros-por-hora\/","title":{"rendered":"Chuva de estrelas cadentes Gem\u00ednidas ser\u00e1 est\u00e1 semana: 150 meteoros por hora"},"content":{"rendered":"\n<p>Dezembro chegou e com ele a \u00faltima chuva de estrelas cadentes de 2023. Para os amantes e entusiastas da astronomia, o evento poder\u00e1 ser visto do Brasil!<\/p>\n\n\n\n<p>\u00c9 durante o \u00faltimo m\u00eas do ano que ocorrem as Gem\u00ednidas, chuvas de meteoros que v\u00e3o preencher os c\u00e9us durante dezembro. As Gem\u00ednidas ocorrem por conta da passagem do objeto 3200 Faetonte, um asteroide com di\u00e2metro de aproximadamente 5km.<\/p>\n\n\n\n<p>O evento atinge seu auge nas noites de 13 e 14 de dezembro, \u00e0s 22h. Para ver o espet\u00e1culo da melhor maneira poss\u00edvel, procure um local que n\u00e3o esteja nublado e fique afastado das cidades, j\u00e1 que a polui\u00e7\u00e3o luminosa pode atrapalhar a visualiza\u00e7\u00e3o de meteoros.<\/p>\n\n\n\n<figure class=\"wp-block-image size-full is-resized\"><img loading=\"lazy\" decoding=\"async\" width=\"577\" height=\"383\" src=\"https:\/\/i0.wp.com\/radiosisal.com\/br\/wp-content\/uploads\/2023\/12\/image-2.png?resize=577%2C383&#038;ssl=1\" alt=\"\" class=\"wp-image-358\" style=\"width:674px;height:auto\" srcset=\"https:\/\/i0.wp.com\/radiosisal.com\/br\/wp-content\/uploads\/2023\/12\/image-2.png?w=577&amp;ssl=1 577w, https:\/\/i0.wp.com\/radiosisal.com\/br\/wp-content\/uploads\/2023\/12\/image-2.png?resize=300%2C199&amp;ssl=1 300w\" sizes=\"auto, (max-width: 577px) 100vw, 577px\" data-recalc-dims=\"1\" \/><\/figure>\n\n\n\n<p><strong>As Gem\u00ednidas<\/strong><\/p>\n\n\n\n<p>Todos os anos, quando a \u00f3rbita do asteroide 3200 Faetonte se aproxima com a da Terra, um evento m\u00e1gico ocorre.<\/p>\n\n\n\n<p>V\u00e1rios pequenos pequenos s\u00e3o soltos na atmosfera, ocasionando uma grande chuva de meteoros vis\u00edvel ao olho nu.<\/p>\n\n\n\n<p>O diferencial das Gem\u00ednidas \u00e9 que elas podem ser observadas do mundo todo simultaneamente!<\/p>\n\n\n\n<p>Al\u00e9m disso, segundo a NASA, as Gem\u00ednidas s\u00e3o uma das poucas chuvas de meteoro que n\u00e3o s\u00e3o originadas por cometas, mas sim por asteroides.<\/p>\n\n\n\n<p>O evento ganha esse nome porque se baseia na astrologia.<\/p>\n\n\n\n<p>Os meteoros que comp\u00f5em as Gem\u00ednidas t\u00eam sua radiante vinda da constela\u00e7\u00e3o de g\u00eameos.<\/p>\n\n\n\n<p><strong>\u00c1pice da chuva<\/strong><\/p>\n\n\n\n<p>O fen\u00f4meno come\u00e7ou no \u00faltimo dia 4, e perdura por algumas semanas.<\/p>\n\n\n\n<p>Segundo astr\u00f4nomos, o pico do evento est\u00e1 marcado para ocorrer entre os dias 13 e 14, uma vez que a quantidade de res\u00edduos do meteoro \u00e9 maior.<\/p>\n\n\n\n<p>Entre \u00e0s 22h do dia 14 e 2h da manh\u00e3 do dia 15, olhe para o c\u00e9u e acompanhe um dos fen\u00f4menos lindos da natureza!<\/p>\n\n\n\n<p><strong>Como observar?<\/strong><\/p>\n\n\n\n<p>A primeira dica \u00e9 torcer para n\u00e3o estar nublado. Uma vez que as nuvens dificultam a observa\u00e7\u00e3o do fen\u00f4meno.<br>Outra dica dada pelos especialistas \u00e9 se afastar de pontos muito luminosos.<\/p>\n\n\n\n<p>As luzes podem dificultar a vis\u00e3o da Gem\u00ednidas, porque atrapalham voc\u00ea a ver os asteroides menores e mais discretos.<\/p>\n\n\n\n<p>10 de dezembro de 2023,<\/p>\n\n\n\n<p>Por\u00a0Vitor Guerra.<\/p>\n\n\n\n<p><em>Com informa\u00e7\u00f5es de\u00a0<a href=\"https:\/\/www.tecmundo.com.br\/ciencia\/274673-geminidas-2023-saiba-tudo-chuva-meteoros.htm\" target=\"_blank\" rel=\"noreferrer noopener\">TecMundo.<\/a><\/em><\/p>\n\n\n\n<p>Foto: Reprodu\u00e7\u00e3o\/Jeff Dai (Arizona State University).<\/p>\n\n\n\n<p><\/p>\n","protected":false},"excerpt":{"rendered":"<p>Dezembro chegou e com ele a \u00faltima chuva de estrelas cadentes de 2023. Para os amantes e entusiastas da astronomia, o evento poder\u00e1 ser visto do Brasil! \u00c9 durante o \u00faltimo m\u00eas do ano que ocorrem as Gem\u00ednidas, chuvas de meteoros que v\u00e3o preencher os c\u00e9us durante dezembro. As Gem\u00ednidas ocorrem por conta da passagem [&hellip;]<\/p>\n","protected":false},"author":2,"featured_media":363,"comment_status":"open","ping_status":"open","sticky":false,"template":"","format":"standard","meta":{"footnotes":""},"categories":[1],"tags":[],"class_list":["post-357","post","type-post","status-publish","format-standard","has-post-thumbnail","hentry","category-geral"],"jetpack_sharing_enabled":true,"jetpack_featured_media_url":"https:\/\/i0.wp.com\/radiosisal.com\/br\/wp-content\/uploads\/2023\/12\/1125741747-i789268.webp?fit=774%2C436&ssl=1","_links":{"self":[{"href":"https:\/\/radiosisal.com\/br\/wp-json\/wp\/v2\/posts\/357","targetHints":{"allow":["GET"]}}],"collection":[{"href":"https:\/\/radiosisal.com\/br\/wp-json\/wp\/v2\/posts"}],"about":[{"href":"https:\/\/radiosisal.com\/br\/wp-json\/wp\/v2\/types\/post"}],"author":[{"embeddable":true,"href":"https:\/\/radiosisal.com\/br\/wp-json\/wp\/v2\/users\/2"}],"replies":[{"embeddable":true,"href":"https:\/\/radiosisal.com\/br\/wp-json\/wp\/v2\/comments?post=357"}],"version-history":[{"count":1,"href":"https:\/\/radiosisal.com\/br\/wp-json\/wp\/v2\/posts\/357\/revisions"}],"predecessor-version":[{"id":359,"href":"https:\/\/radiosisal.com\/br\/wp-json\/wp\/v2\/posts\/357\/revisions\/359"}],"wp:featuredmedia":[{"embeddable":true,"href":"https:\/\/radiosisal.com\/br\/wp-json\/wp\/v2\/media\/363"}],"wp:attachment":[{"href":"https:\/\/radiosisal.com\/br\/wp-json\/wp\/v2\/media?parent=357"}],"wp:term":[{"taxonomy":"category","embeddable":true,"href":"https:\/\/radiosisal.com\/br\/wp-json\/wp\/v2\/categories?post=357"},{"taxonomy":"post_tag","embeddable":true,"href":"https:\/\/radiosisal.com\/br\/wp-json\/wp\/v2\/tags?post=357"}],"curies":[{"name":"wp","href":"https:\/\/api.w.org\/{rel}","templated":true}]}}