{"id":4675,"date":"2024-10-17T10:25:49","date_gmt":"2024-10-17T10:25:49","guid":{"rendered":"https:\/\/radiosisal.com\/br\/?p=4675"},"modified":"2024-10-17T13:49:06","modified_gmt":"2024-10-17T13:49:06","slug":"concurso-dos-correios-saiba-como-enviar-os-documentos-de-vagas-para-negros-indigenas-e-pcds","status":"publish","type":"post","link":"https:\/\/radiosisal.com\/br\/2024\/10\/17\/concurso-dos-correios-saiba-como-enviar-os-documentos-de-vagas-para-negros-indigenas-e-pcds\/","title":{"rendered":"CONCURSO DOS CORREIOS: SAIBA COMO ENVIAR OS DOCUMENTOS DE VAGAS PARA NEGROS, IND\u00cdGENAS E PCDS"},"content":{"rendered":"\n<p><\/p>\n\n\n\n<p>Do total de oportunidades dispon\u00edveis, 30% s\u00e3o reservadas para pretos, pardos e ind\u00edgenas, e 10% para pessoas com defici\u00eancia.<\/p>\n\n\n\n<p>O concurso dos&nbsp;<a class=\"\" href=\"https:\/\/g1.globo.com\/tudo-sobre\/correios\/\">Correios<\/a>, que conta com&nbsp;<a class=\"\" href=\"https:\/\/g1.globo.com\/trabalho-e-carreira\/concursos\/noticia\/2024\/10\/09\/concurso-dos-correios-editais-sao-divulgados-para-mais-de-3-mil-vagas-imediatas.ghtml\"><strong>mais de 3 mil vagas<\/strong><\/a>, est\u00e1 com inscri\u00e7\u00f5es abertas no&nbsp;<a class=\"\" href=\"https:\/\/www.ibfc.org.br\/menus\/home.html\" target=\"_blank\" rel=\"noreferrer noopener\"><strong>site<\/strong><\/a>&nbsp;do Instituto Brasileiro de Forma\u00e7\u00e3o e Capacita\u00e7\u00e3o (IBFC), banca organizadora do processo seletivo.<\/p>\n\n\n\n<p>Do total de vagas a serem preenchidas,&nbsp;<strong>30% s\u00e3o reservadas para pretos, pardos e ind\u00edgenas, al\u00e9m de 10% para pessoas com defici\u00eancia.<\/strong>&nbsp;<em>(<\/em><a class=\"\" href=\"https:\/\/g1.globo.com\/trabalho-e-carreira\/concursos\/noticia\/2024\/10\/10\/concurso-dos-correios-veja-o-passo-a-passo-de-como-se-inscrever.ghtml\"><strong><em>veja o passo a passo de como se inscrever<\/em><\/strong><\/a><em>)<\/em><\/p>\n\n\n\n<p>Durante o per\u00edodo de inscri\u00e7\u00e3o, os candidatos que fazem parte desses grupos dever\u00e3o indicar que desejam concorrer \u00e0s vagas reservadas para negros, ind\u00edgenas ou PCDs.<\/p>\n\n\n\n<p>Al\u00e9m disso, esses participantes precisam<strong>&nbsp;<\/strong>anexar no site documentos de comprova\u00e7\u00e3o, como&nbsp;<strong>fotos e v\u00eddeos<\/strong>, para as reservas raciais, ou<strong>&nbsp;laudo m\u00e9dico<\/strong>&nbsp;para as pessoas com defici\u00eancia.&nbsp;<em>(confira abaixo o passo a passo)<\/em><\/p>\n\n\n\n<p>Quem n\u00e3o preencher os campos corretos no formul\u00e1rio de inscri\u00e7\u00e3o e n\u00e3o seguir as&nbsp;<a class=\"\" href=\"https:\/\/g1.globo.com\/trabalho-e-carreira\/concursos\/noticia\/2024\/10\/09\/concurso-dos-correios-editais-sao-divulgados-para-mais-de-3-mil-vagas-imediatas.ghtml\"><strong>regras do edital<\/strong><\/a><strong>&nbsp;<\/strong>concorrer\u00e1 automaticamente \u00e0s vagas destinadas para ampla concorr\u00eancia.<\/p>\n\n\n\n<p>O candidato n\u00e3o poder\u00e1 alegar a condi\u00e7\u00e3o posteriormente para alterar sua classifica\u00e7\u00e3o nos resultados e\/ou na contrata\u00e7\u00e3o.<\/p>\n\n\n\n<p>Os participantes t\u00eam&nbsp;<strong>at\u00e9 as 23h do dia 28 de outubro&nbsp;<\/strong>para enviar a documenta\u00e7\u00e3o exigida no site do IBFC. No&nbsp;<strong>dia 26 de novembro&nbsp;<\/strong>ser\u00e3o divulgadas as inscri\u00e7\u00f5es que foram aceitas pela banca, tanto da ampla concorr\u00eancia, como de pessoas com defici\u00eancia, negras e ind\u00edgenas.<\/p>\n\n\n\n<p>J\u00e1 nos dias&nbsp;<strong>27 e 28 de novembro<\/strong>, os participantes que tiverem as condi\u00e7\u00f5es negadas, poder\u00e3o<strong>&nbsp;entrar com recurso<\/strong>&nbsp;contra o indeferimento. Quem for aprovado, ser\u00e1 convocado para fazer as provas em&nbsp;<strong>6 de dezembro<\/strong><strong>.<\/strong><\/p>\n\n\n\n<p><strong>\ud83d\udea8 ATEN\u00c7\u00c3O:<\/strong>&nbsp;A classifica\u00e7\u00e3o e aprova\u00e7\u00e3o do candidato&nbsp;<strong>n\u00e3o garantem a ocupa\u00e7\u00e3o das vagas reservadas<\/strong>. Mesmo aprovados como PCDs, negros ou ind\u00edgenas, os selecionados ter\u00e3o os documentos e condi\u00e7\u00f5es avaliados antes da divulga\u00e7\u00e3o do resultado final.<\/p>\n\n\n\n<p>N\u00e3o ser\u00e3o aceitos documentos enviados fora do prazo. Em caso de falsas comprova\u00e7\u00f5es anexadas, o candidato ser\u00e1 automaticamente eliminado.<\/p>\n\n\n\n<h2 class=\"wp-block-heading\"><strong>1. Negros (pretos e pardos)<\/strong><\/h2>\n\n\n\n<p>Segundo o edital, os candidatos que selecionarem as vagas reservadas para negros (pretos e pardos) precisam anexar os seguintes documentos para concluir a inscri\u00e7\u00e3o:<\/p>\n\n\n\n<ul class=\"wp-block-list\">\n<li>Imagem colorida do\u00a0<strong>documento de identidade<\/strong>\u00a0(frente e verso);<\/li>\n\n\n\n<li>Uma foto colorida do\u00a0<strong>participante de frente<\/strong>\u00a0(com o fundo branco);<\/li>\n\n\n\n<li>Uma foto colorida do\u00a0<strong>participante de perfil<\/strong>\u00a0(com o fundo branco);<\/li>\n\n\n\n<li>Um\u00a0<strong>v\u00eddeo de no m\u00e1ximo 20 (vinte) segundos<\/strong>. O candidato dever\u00e1 dizer o seu nome, o cargo a que concorre e os seguintes dizeres: \u201cdeclaro que sou negro, da cor preta ou parda\u201d.<\/li>\n<\/ul>\n\n\n\n<p>Os documentos e fotos devem estar nos formatos&nbsp;<strong>JPEG, JPG, PNG ou PDF&nbsp;<\/strong>com o tamanho m\u00e1ximo de&nbsp;<strong>2 MB<\/strong>&nbsp;(megabytes) por arquivo. J\u00e1 o v\u00eddeo deve estar na extens\u00e3o&nbsp;<strong>MOV ou MP4&nbsp;<\/strong>com o tamanho m\u00e1ximo de&nbsp;<strong>30 MB<\/strong>&nbsp;(megabytes).<\/p>\n\n\n\n<p>Para enviar os documentos de identidade, \u00e9 necess\u00e1rio seguir um padr\u00e3o:<\/p>\n\n\n\n<ul class=\"wp-block-list\">\n<li>Somente\u00a0<strong>imagem colorida\u00a0<\/strong>do documento de identidade (frente e verso);<\/li>\n\n\n\n<li>O arquivo deve estar completo, com os\u00a0<strong>dados, foto e assinatura.<\/strong><\/li>\n<\/ul>\n\n\n\n<figure class=\"wp-block-image size-full\"><img loading=\"lazy\" decoding=\"async\" width=\"984\" height=\"392\" src=\"https:\/\/i0.wp.com\/radiosisal.com\/br\/wp-content\/uploads\/2024\/10\/image-15.png?resize=984%2C392&#038;ssl=1\" alt=\"\" class=\"wp-image-4676\" srcset=\"https:\/\/i0.wp.com\/radiosisal.com\/br\/wp-content\/uploads\/2024\/10\/image-15.png?w=984&amp;ssl=1 984w, https:\/\/i0.wp.com\/radiosisal.com\/br\/wp-content\/uploads\/2024\/10\/image-15.png?resize=300%2C120&amp;ssl=1 300w, https:\/\/i0.wp.com\/radiosisal.com\/br\/wp-content\/uploads\/2024\/10\/image-15.png?resize=768%2C306&amp;ssl=1 768w\" sizes=\"auto, (max-width: 984px) 100vw, 984px\" data-recalc-dims=\"1\" \/><figcaption class=\"wp-element-caption\">Procedimento para envio do documento de identidade para concorrer em vagas reservadas no concurso do Correios. \u2014 Foto: Reprodu\u00e7\u00e3o\/Correios<\/figcaption><\/figure>\n\n\n\n<p><\/p>\n\n\n\n<p>J\u00e1 as fotos e o v\u00eddeo devem seguir o mesmo formato dos documentos, al\u00e9m de mais algumas obrigatoriedades:<\/p>\n\n\n\n<ul class=\"wp-block-list\">\n<li>que o fundo da foto seja em um\u00a0<strong>fundo branco<\/strong>;<\/li>\n\n\n\n<li>que o candidato esteja com a\u00a0<strong>postura correta\u00a0<\/strong>com a coluna bem alinhada;<\/li>\n\n\n\n<li>n\u00e3o esteja de cabe\u00e7a baixa, nem de cabe\u00e7a erguida;<\/li>\n\n\n\n<li>que\u00a0<strong>n\u00e3o esteja usando\u00a0<\/strong>\u00f3culos, bon\u00e9, touca e que\u00a0<strong>n\u00e3o esteja sorrindo<\/strong>;<\/li>\n\n\n\n<li>no caso de candidatos com cabelo comprido, a foto do perfil esquerdo deve estar com o\u00a0<strong>cabelo atr\u00e1s da orelha<\/strong>;<\/li>\n\n\n\n<li>no v\u00eddeo,\u00a0<strong>com dura\u00e7\u00e3o de no m\u00e1ximo 20 segundos<\/strong>, o candidato dever\u00e1 informar o seu nome, o cargo p\u00fablico a que concorre e replicar os seguintes dizeres: \u201cdeclaro que sou negro, da cor preta (ou parda)\u201d.<\/li>\n<\/ul>\n\n\n\n<p><\/p>\n\n\n\n<p>O edital tamb\u00e9m estabelece que as imagens dos documentos dever\u00e3o estar em perfeitas condi\u00e7\u00f5es, para permitir a an\u00e1lise da documenta\u00e7\u00e3o com clareza.<\/p>\n\n\n\n<p>\u00c9 de inteira responsabilidade do candidato&nbsp;<strong>verificar se as imagens carregadas est\u00e3o corretas<\/strong>. N\u00e3o ser\u00e3o analisados os documentos:<\/p>\n\n\n\n<ul class=\"wp-block-list\">\n<li>Que n\u00e3o pertencem ao participante;<\/li>\n\n\n\n<li>Ileg\u00edveis e\/ou com rasuras;<\/li>\n\n\n\n<li>Oriundos de arquivo corrompido.<\/li>\n<\/ul>\n\n\n\n<p>A comiss\u00e3o de heteroidentifica\u00e7\u00e3o ser\u00e1 composta por cinco membros para verificar e enquadrar o candidato como pessoa negra. O procedimento leva em considera\u00e7\u00e3o a&nbsp;<strong>autodeclara\u00e7\u00e3o feita no ato de inscri\u00e7\u00e3o e as caracter\u00edsticas f\u00edsicas do participante<\/strong>.<\/p>\n\n\n\n<p>Quem n\u00e3o enviar o documento de identidade, as fotos e o v\u00eddeo,&nbsp;<strong>perder\u00e1 o direito de concorrer \u00e0s vagas reservadas<\/strong><strong>.<\/strong><\/p>\n\n\n\n<p>Tamb\u00e9m&nbsp;<strong>n\u00e3o&nbsp;<\/strong>ser\u00e3o considerados:<\/p>\n\n\n\n<ul class=\"wp-block-list\">\n<li>O candidato que\u00a0<strong>n\u00e3o possui tra\u00e7os fenot\u00edpicos\u00a0<\/strong>que o identifiquem como negro;<\/li>\n\n\n\n<li>Arquivos e documentos\u00a0<strong>em desacordo com os crit\u00e9rios\u00a0<\/strong>estabelecidos no edital.<\/li>\n<\/ul>\n\n\n\n<p><\/p>\n\n\n\n<h2 class=\"wp-block-heading\"><strong>2. Ind\u00edgenas<\/strong><\/h2>\n\n\n\n<p>Os candidatos que v\u00e3o concorrer \u00e0s vagas reservadas aos ind\u00edgenas dever\u00e3o enviar o documento de identidade com foto (frente e verso) colorida, al\u00e9m de uma&nbsp;<strong>declara\u00e7\u00e3o emitida pela FUNAI&nbsp;<\/strong>comprovando que o candidato pertence ao grupo \u00e9tnico ind\u00edgena.<\/p>\n\n\n\n<p>Quem n\u00e3o enviar os documentos exigidos,&nbsp;<strong>perder\u00e1 o direito de concorrer \u00e0s vagas reservadas aos ind\u00edgenas<\/strong>&nbsp;e passa para a ampla concorr\u00eancia.<\/p>\n\n\n\n<p>Os participantes precisam seguir algumas recomenda\u00e7\u00f5es para fazer o upload no site, como:<\/p>\n\n\n\n<ul class=\"wp-block-list\">\n<li>Os arquivos contendo os documentos correspondentes para an\u00e1lise devem estar nos formatos<strong>\u00a0JPEG, JPG, PNG ou PDF\u00a0<\/strong>com o tamanho m\u00e1ximo de\u00a0<strong>2 MB\u00a0<\/strong>(megabytes) por arquivo;<\/li>\n<\/ul>\n\n\n\n<p>O edital tamb\u00e9m estabelece que as imagens dos documentos dever\u00e3o estar em perfeitas condi\u00e7\u00f5es, para permitir a an\u00e1lise da documenta\u00e7\u00e3o com clareza.<\/p>\n\n\n\n<p>\u00c9 de inteira responsabilidade do candidato&nbsp;<strong>verificar se as imagens carregadas est\u00e3o corretas.<\/strong>&nbsp;N\u00e3o ser\u00e3o analisados os documentos:<\/p>\n\n\n\n<ul class=\"wp-block-list\">\n<li>Que n\u00e3o pertencem ao participante;<\/li>\n\n\n\n<li>Ileg\u00edveis e\/ou com rasuras;<\/li>\n\n\n\n<li>Oriundos de arquivo corrompido.<\/li>\n<\/ul>\n\n\n\n<p>Em caso de declara\u00e7\u00f5es falsas que forem enviadas,<strong>&nbsp;<\/strong><strong>o candidato ser\u00e1 eliminado do concurso<\/strong>.<\/p>\n\n\n\n<p>Tamb\u00e9m&nbsp;<strong>n\u00e3o&nbsp;<\/strong>ser\u00e3o considerados:<\/p>\n\n\n\n<ul class=\"wp-block-list\">\n<li>O candidato n\u00e3o comprovou ser reconhecido como ind\u00edgena;<\/li>\n\n\n\n<li>Documentos em desacordo com os crit\u00e9rios estabelecidos no edital.<\/li>\n<\/ul>\n\n\n\n<p><\/p>\n\n\n\n<h2 class=\"wp-block-heading\"><strong>3. Pessoas com defici\u00eancia (PCD)<\/strong><\/h2>\n\n\n\n<p>Os candidatos que v\u00e3o concorrer a 10% das vagas destinadas aos PCDs,&nbsp;<strong>durante as inscri\u00e7\u00f5es dever\u00e3o<\/strong>:<\/p>\n\n\n\n<ul class=\"wp-block-list\">\n<li>Informar\u00a0<strong>se possui\u00a0<\/strong>algum tipo de defici\u00eancia;<\/li>\n\n\n\n<li>Selecionar\u00a0<strong>qual o tipo\u00a0<\/strong>de defici\u00eancia;<\/li>\n\n\n\n<li>Informar o c\u00f3digo correspondente da Classifica\u00e7\u00e3o Internacional de Doen\u00e7a e Problemas Relacionados \u00e0 Sa\u00fade \u2013\u00a0<strong>CID do tipo de defici\u00eancia<\/strong>;<\/li>\n\n\n\n<li>Informar\u00a0<strong>se necessita de condi\u00e7\u00f5es especiais\u00a0<\/strong>para a realiza\u00e7\u00e3o das provas.<\/li>\n<\/ul>\n\n\n\n<p>Para concorrer as vagas reservada aos deficientes, ou solicitar a adapta\u00e7\u00e3o da prova caso necess\u00e1rio, o participante precisa enviar os seguintes documentos:<\/p>\n\n\n\n<ul class=\"wp-block-list\">\n<li><strong>Documento de identidade<\/strong>\u00a0original;<\/li>\n\n\n\n<li><strong>Atestado\/laudo<\/strong>, conforme modelo do edital, emitido por m\u00e9dico especialista h\u00e1, no m\u00e1ximo, 24 meses, e que ateste a esp\u00e9cie, o grau ou n\u00edvel de defici\u00eancia, com expressa refer\u00eancia ao c\u00f3digo correspondente da Classifica\u00e7\u00e3o Internacional de Doen\u00e7as (CID-10), bem como a prov\u00e1vel causa da defici\u00eancia;<\/li>\n\n\n\n<li>Se for o caso, de\u00a0<strong>exames complementares espec\u00edficos\u00a0<\/strong>que comprovem a defici\u00eancia f\u00edsica;<\/li>\n\n\n\n<li>Se for o caso, constar se faz uso de\u00a0<strong>\u00f3rteses, pr\u00f3teses ou adapta\u00e7\u00f5es<\/strong>;<\/li>\n\n\n\n<li>No caso de\u00a0<strong>defici\u00eancia mental<\/strong>, no laudo dever\u00e1 constar a data do in\u00edcio da doen\u00e7a, \u00e1reas de limita\u00e7\u00e3o associadas e habilidades adaptadas;<\/li>\n\n\n\n<li>No caso de\u00a0<strong>defici\u00eancia m\u00faltipla<\/strong>, no laudo dever\u00e1 constar a associa\u00e7\u00e3o de duas ou mais defici\u00eancias;<\/li>\n\n\n\n<li>No caso de\u00a0<strong>defici\u00eancia auditiva<\/strong>, o candidato dever\u00e1 apresentar, al\u00e9m do laudo m\u00e9dico, exame audiom\u00e9trico (audiometria), realizado nos \u00faltimos 24 meses;<\/li>\n\n\n\n<li>No caso de\u00a0<strong>defici\u00eancia visual<\/strong>, o laudo m\u00e9dico dever\u00e1 conter informa\u00e7\u00f5es expressas sobre a acuidade visual aferida, com e sem corre\u00e7\u00e3o, e sobre a somat\u00f3ria da medida do campo visual em ambos os olhos;<\/li>\n\n\n\n<li>Se for o caso, apresentar a possibilidade de uso de\u00a0<strong>equipamentos ou outros recursos\u00a0<\/strong>que habitualmente utilize.<\/li>\n\n\n\n<li><strong>Requerimento de Atendimento Especial<\/strong>, conforme previsto no edital, devidamente preenchido e assinado, para assegurar previs\u00e3o de adapta\u00e7\u00e3o da prova.<\/li>\n<\/ul>\n\n\n\n<p>O candidato com defici\u00eancia que n\u00e3o preencher os campos espec\u00edficos durante o per\u00edodo de inscri\u00e7\u00e3o, ou n\u00e3o enviar os documentos solicitados,<strong>&nbsp;<\/strong><strong>entrara para a lista de ampla concorr\u00eancia<\/strong>.<\/p>\n\n\n\n<p>O edital estabelece que&nbsp;<strong>o participante n\u00e3o poder\u00e1 alegar, posteriormente<\/strong>, a defici\u00eancia para reivindicar, reposicionamento de classifica\u00e7\u00e3o nos resultados e\/ou na contrata\u00e7\u00e3o.<\/p>\n\n\n\n<p>Tamb\u00e9m&nbsp;<strong>n\u00e3o<\/strong>&nbsp;ser\u00e3o considerados:<\/p>\n\n\n\n<ul class=\"wp-block-list\">\n<li>Defici\u00eancia n\u00e3o considerada de acordo com a legisla\u00e7\u00e3o vigente;<\/li>\n\n\n\n<li>Atestado\/laudo m\u00e9dico em desacordo com os crit\u00e9rios estabelecidos neste edital;<\/li>\n<\/ul>\n\n\n\n<blockquote class=\"wp-block-quote is-layout-flow wp-block-quote-is-layout-flow\">\n<p><em>\u201cOs candidatos com defici\u00eancia participar\u00e3o do concurso em igualdade de condi\u00e7\u00f5es com os demais candidatos, no que tange ao hor\u00e1rio, ao conte\u00fado, \u00e0 corre\u00e7\u00e3o das provas, aos crit\u00e9rios de avalia\u00e7\u00e3o e as demais normas\u201d, afirma o edital.<\/em><\/p>\n<\/blockquote>\n\n\n\n<p>Os participantes deficientes ainda precisam seguir algumas recomenda\u00e7\u00f5es para fazer o upload no site, como:<\/p>\n\n\n\n<ul class=\"wp-block-list\">\n<li>Os arquivos contendo os documentos correspondentes para an\u00e1lise devem estar nos formatos\u00a0<strong>JPEG, JPG, PNG ou PDF\u00a0<\/strong>com o tamanho m\u00e1ximo de\u00a0<strong>2 MB\u00a0<\/strong>(megabytes) por arquivo;<\/li>\n\n\n\n<li>As imagens dos documentos dever\u00e3o estar\u00a0<strong>em perfeitas condi\u00e7\u00f5es<\/strong>, de forma a permitir a an\u00e1lise da documenta\u00e7\u00e3o com clareza;<\/li>\n\n\n\n<li>\u00c9 de inteira responsabilidade do candidato\u00a0<strong>verificar se as imagens carregadas na tela est\u00e3o corretas;<\/strong><\/li>\n\n\n\n<li>N\u00e3o ser\u00e3o considerados e analisados os documentos que n\u00e3o pertencem ao candidato e\/ou documentos ileg\u00edveis e\/ou com rasuras ou proveniente de arquivo corrompido.<\/li>\n<\/ul>\n\n\n\n<p> <strong>Veja dicas para estudar para concursos:<\/strong><\/p>\n\n\n\n<p><\/p>\n\n\n\n<p><a href=\"https:\/\/g1.globo.com\/economia\/concursos-e-emprego\/video\/veja-dicas-de-como-fazer-uma-boa-redacao-para-concurso-11981474.ghtml\">https:\/\/g1.globo.com\/economia\/concursos-e-emprego\/video\/veja-dicas-de-como-fazer-uma-boa-redacao-para-concurso-11981474.ghtml<\/a><\/p>\n\n\n\n<p><\/p>\n\n\n\n<ul class=\"wp-block-social-links is-layout-flex wp-block-social-links-is-layout-flex\"><li class=\"wp-social-link wp-social-link-whatsapp  wp-block-social-link\"><a href=\"https:\/\/wa.me\/\/75991238048\" class=\"wp-block-social-link-anchor\"><svg width=\"24\" height=\"24\" viewBox=\"0 0 24 24\" version=\"1.1\" xmlns=\"http:\/\/www.w3.org\/2000\/svg\" aria-hidden=\"true\" focusable=\"false\"><path d=\"M 12.011719 2 C 6.5057187 2 2.0234844 6.478375 2.0214844 11.984375 C 2.0204844 13.744375 2.4814687 15.462563 3.3554688 16.976562 L 2 22 L 7.2324219 20.763672 C 8.6914219 21.559672 10.333859 21.977516 12.005859 21.978516 L 12.009766 21.978516 C 17.514766 21.978516 21.995047 17.499141 21.998047 11.994141 C 22.000047 9.3251406 20.962172 6.8157344 19.076172 4.9277344 C 17.190172 3.0407344 14.683719 2.001 12.011719 2 z M 12.009766 4 C 14.145766 4.001 16.153109 4.8337969 17.662109 6.3417969 C 19.171109 7.8517969 20.000047 9.8581875 19.998047 11.992188 C 19.996047 16.396187 16.413812 19.978516 12.007812 19.978516 C 10.674812 19.977516 9.3544062 19.642812 8.1914062 19.007812 L 7.5175781 18.640625 L 6.7734375 18.816406 L 4.8046875 19.28125 L 5.2851562 17.496094 L 5.5019531 16.695312 L 5.0878906 15.976562 C 4.3898906 14.768562 4.0204844 13.387375 4.0214844 11.984375 C 4.0234844 7.582375 7.6067656 4 12.009766 4 z M 8.4765625 7.375 C 8.3095625 7.375 8.0395469 7.4375 7.8105469 7.6875 C 7.5815469 7.9365 6.9355469 8.5395781 6.9355469 9.7675781 C 6.9355469 10.995578 7.8300781 12.182609 7.9550781 12.349609 C 8.0790781 12.515609 9.68175 15.115234 12.21875 16.115234 C 14.32675 16.946234 14.754891 16.782234 15.212891 16.740234 C 15.670891 16.699234 16.690438 16.137687 16.898438 15.554688 C 17.106437 14.971687 17.106922 14.470187 17.044922 14.367188 C 16.982922 14.263188 16.816406 14.201172 16.566406 14.076172 C 16.317406 13.951172 15.090328 13.348625 14.861328 13.265625 C 14.632328 13.182625 14.464828 13.140625 14.298828 13.390625 C 14.132828 13.640625 13.655766 14.201187 13.509766 14.367188 C 13.363766 14.534188 13.21875 14.556641 12.96875 14.431641 C 12.71875 14.305641 11.914938 14.041406 10.960938 13.191406 C 10.218937 12.530406 9.7182656 11.714844 9.5722656 11.464844 C 9.4272656 11.215844 9.5585938 11.079078 9.6835938 10.955078 C 9.7955938 10.843078 9.9316406 10.663578 10.056641 10.517578 C 10.180641 10.371578 10.223641 10.267562 10.306641 10.101562 C 10.389641 9.9355625 10.347156 9.7890625 10.285156 9.6640625 C 10.223156 9.5390625 9.737625 8.3065 9.515625 7.8125 C 9.328625 7.3975 9.131125 7.3878594 8.953125 7.3808594 C 8.808125 7.3748594 8.6425625 7.375 8.4765625 7.375 z\"><\/path><\/svg><span class=\"wp-block-social-link-label screen-reader-text\">WhatsApp<\/span><\/a><\/li>\n\n<li class=\"wp-social-link wp-social-link-instagram  wp-block-social-link\"><a href=\"https:\/\/www.instagram.com\/radiosisal97.3\/profilecard\/?igsh=MWo1azd5aXNvN2hmcQ==\" class=\"wp-block-social-link-anchor\"><svg width=\"24\" height=\"24\" viewBox=\"0 0 24 24\" version=\"1.1\" xmlns=\"http:\/\/www.w3.org\/2000\/svg\" aria-hidden=\"true\" focusable=\"false\"><path d=\"M12,4.622c2.403,0,2.688,0.009,3.637,0.052c0.877,0.04,1.354,0.187,1.671,0.31c0.42,0.163,0.72,0.358,1.035,0.673 c0.315,0.315,0.51,0.615,0.673,1.035c0.123,0.317,0.27,0.794,0.31,1.671c0.043,0.949,0.052,1.234,0.052,3.637 s-0.009,2.688-0.052,3.637c-0.04,0.877-0.187,1.354-0.31,1.671c-0.163,0.42-0.358,0.72-0.673,1.035 c-0.315,0.315-0.615,0.51-1.035,0.673c-0.317,0.123-0.794,0.27-1.671,0.31c-0.949,0.043-1.233,0.052-3.637,0.052 s-2.688-0.009-3.637-0.052c-0.877-0.04-1.354-0.187-1.671-0.31c-0.42-0.163-0.72-0.358-1.035-0.673 c-0.315-0.315-0.51-0.615-0.673-1.035c-0.123-0.317-0.27-0.794-0.31-1.671C4.631,14.688,4.622,14.403,4.622,12 s0.009-2.688,0.052-3.637c0.04-0.877,0.187-1.354,0.31-1.671c0.163-0.42,0.358-0.72,0.673-1.035 c0.315-0.315,0.615-0.51,1.035-0.673c0.317-0.123,0.794-0.27,1.671-0.31C9.312,4.631,9.597,4.622,12,4.622 M12,3 C9.556,3,9.249,3.01,8.289,3.054C7.331,3.098,6.677,3.25,6.105,3.472C5.513,3.702,5.011,4.01,4.511,4.511 c-0.5,0.5-0.808,1.002-1.038,1.594C3.25,6.677,3.098,7.331,3.054,8.289C3.01,9.249,3,9.556,3,12c0,2.444,0.01,2.751,0.054,3.711 c0.044,0.958,0.196,1.612,0.418,2.185c0.23,0.592,0.538,1.094,1.038,1.594c0.5,0.5,1.002,0.808,1.594,1.038 c0.572,0.222,1.227,0.375,2.185,0.418C9.249,20.99,9.556,21,12,21s2.751-0.01,3.711-0.054c0.958-0.044,1.612-0.196,2.185-0.418 c0.592-0.23,1.094-0.538,1.594-1.038c0.5-0.5,0.808-1.002,1.038-1.594c0.222-0.572,0.375-1.227,0.418-2.185 C20.99,14.751,21,14.444,21,12s-0.01-2.751-0.054-3.711c-0.044-0.958-0.196-1.612-0.418-2.185c-0.23-0.592-0.538-1.094-1.038-1.594 c-0.5-0.5-1.002-0.808-1.594-1.038c-0.572-0.222-1.227-0.375-2.185-0.418C14.751,3.01,14.444,3,12,3L12,3z M12,7.378 c-2.552,0-4.622,2.069-4.622,4.622S9.448,16.622,12,16.622s4.622-2.069,4.622-4.622S14.552,7.378,12,7.378z M12,15 c-1.657,0-3-1.343-3-3s1.343-3,3-3s3,1.343,3,3S13.657,15,12,15z M16.804,6.116c-0.596,0-1.08,0.484-1.08,1.08 s0.484,1.08,1.08,1.08c0.596,0,1.08-0.484,1.08-1.08S17.401,6.116,16.804,6.116z\"><\/path><\/svg><span class=\"wp-block-social-link-label screen-reader-text\">Instagram<\/span><\/a><\/li><\/ul>\n\n\n\n<p><\/p>\n","protected":false},"excerpt":{"rendered":"<p>Do total de oportunidades dispon\u00edveis, 30% s\u00e3o reservadas para pretos, pardos e ind\u00edgenas, e 10% para pessoas com defici\u00eancia. O concurso dos&nbsp;Correios, que conta com&nbsp;mais de 3 mil vagas, est\u00e1 com inscri\u00e7\u00f5es abertas no&nbsp;site&nbsp;do Instituto Brasileiro de Forma\u00e7\u00e3o e Capacita\u00e7\u00e3o (IBFC), banca organizadora do processo seletivo. Do total de vagas a serem preenchidas,&nbsp;30% s\u00e3o reservadas [&hellip;]<\/p>\n","protected":false},"author":2,"featured_media":4680,"comment_status":"open","ping_status":"open","sticky":false,"template":"","format":"standard","meta":{"footnotes":""},"categories":[1],"tags":[],"class_list":["post-4675","post","type-post","status-publish","format-standard","has-post-thumbnail","hentry","category-geral"],"jetpack_sharing_enabled":true,"jetpack_featured_media_url":"https:\/\/i0.wp.com\/radiosisal.com\/br\/wp-content\/uploads\/2024\/10\/WhatsApp-Image-2024-10-17-at-07.26.58.jpeg?fit=984%2C771&ssl=1","_links":{"self":[{"href":"https:\/\/radiosisal.com\/br\/wp-json\/wp\/v2\/posts\/4675","targetHints":{"allow":["GET"]}}],"collection":[{"href":"https:\/\/radiosisal.com\/br\/wp-json\/wp\/v2\/posts"}],"about":[{"href":"https:\/\/radiosisal.com\/br\/wp-json\/wp\/v2\/types\/post"}],"author":[{"embeddable":true,"href":"https:\/\/radiosisal.com\/br\/wp-json\/wp\/v2\/users\/2"}],"replies":[{"embeddable":true,"href":"https:\/\/radiosisal.com\/br\/wp-json\/wp\/v2\/comments?post=4675"}],"version-history":[{"count":1,"href":"https:\/\/radiosisal.com\/br\/wp-json\/wp\/v2\/posts\/4675\/revisions"}],"predecessor-version":[{"id":4678,"href":"https:\/\/radiosisal.com\/br\/wp-json\/wp\/v2\/posts\/4675\/revisions\/4678"}],"wp:featuredmedia":[{"embeddable":true,"href":"https:\/\/radiosisal.com\/br\/wp-json\/wp\/v2\/media\/4680"}],"wp:attachment":[{"href":"https:\/\/radiosisal.com\/br\/wp-json\/wp\/v2\/media?parent=4675"}],"wp:term":[{"taxonomy":"category","embeddable":true,"href":"https:\/\/radiosisal.com\/br\/wp-json\/wp\/v2\/categories?post=4675"},{"taxonomy":"post_tag","embeddable":true,"href":"https:\/\/radiosisal.com\/br\/wp-json\/wp\/v2\/tags?post=4675"}],"curies":[{"name":"wp","href":"https:\/\/api.w.org\/{rel}","templated":true}]}}