{"id":618,"date":"2023-12-30T15:16:32","date_gmt":"2023-12-30T15:16:32","guid":{"rendered":"https:\/\/radiosisal.com\/br\/?p=618"},"modified":"2023-12-30T15:16:34","modified_gmt":"2023-12-30T15:16:34","slug":"acidente-na-ba-120-colisao-entre-motos-deixa-tres-feridos-em-conceicao-do-coite","status":"publish","type":"post","link":"https:\/\/radiosisal.com\/br\/2023\/12\/30\/acidente-na-ba-120-colisao-entre-motos-deixa-tres-feridos-em-conceicao-do-coite\/","title":{"rendered":"Acidente na BA-120: Colis\u00e3o entre motos deixa tr\u00eas feridos em Concei\u00e7\u00e3o do Coit\u00e9"},"content":{"rendered":"\n<p>No final da tarde desta sexta-feira, 29 de dezembro, uma colis\u00e3o entre duas motos n\u00e3o identificadas resultou em tr\u00eas pessoas feridas na rodovia BA-120, que conecta os munic\u00edpios de Concei\u00e7\u00e3o do Coit\u00e9 e Riach\u00e3o do Jacu\u00edpe, especificamente na descida da Juliana.<\/p>\n\n\n\n<p>O \u00c1guia Resgate foi acionado e prontamente se deslocou para o local do acidente, prestando atendimento \u00e0s v\u00edtimas envolvidas. Entre os feridos, Alexandro Santos de Almeida, de 32 anos e morador da comunidade Maracuj\u00e1, foi o \u00fanico que aceitou ser conduzido ao hospital.<\/p>\n\n\n\n<p>Ao chegar \u00e0 cena do acidente, a equipe de resgate encontrou Alexandro apresentando escoria\u00e7\u00f5es pelo corpo e suspeita de fratura no punho. Diante da gravidade dos ferimentos, ele foi encaminhado \u00e0 emerg\u00eancia do Hospital Portugu\u00eas (HP), onde recebeu os cuidados necess\u00e1rios por parte da equipe m\u00e9dica.<\/p>\n\n\n\n<p>A identidade e o estado de sa\u00fade das outras duas v\u00edtimas ainda n\u00e3o foram divulgados. As autoridades est\u00e3o conduzindo as investiga\u00e7\u00f5es para apurar as circunst\u00e2ncias do acidente. A comunidade local est\u00e1 preocupada com a seguran\u00e7a na BA-120, destacando a necessidade de medidas para prevenir futuros incidentes no trecho da descida da Juliana.<\/p>\n\n\n\n<p><strong>Por Dayran Lima, R\u00e1dio Sisal<\/strong><\/p>\n","protected":false},"excerpt":{"rendered":"<p>No final da tarde desta sexta-feira, 29 de dezembro, uma colis\u00e3o entre duas motos n\u00e3o identificadas resultou em tr\u00eas pessoas feridas na rodovia BA-120, que conecta os munic\u00edpios de Concei\u00e7\u00e3o do Coit\u00e9 e Riach\u00e3o do Jacu\u00edpe, especificamente na descida da Juliana. O \u00c1guia Resgate foi acionado e prontamente se deslocou para o local do acidente, [&hellip;]<\/p>\n","protected":false},"author":2,"featured_media":619,"comment_status":"open","ping_status":"open","sticky":false,"template":"","format":"standard","meta":{"footnotes":""},"categories":[27],"tags":[],"class_list":["post-618","post","type-post","status-publish","format-standard","has-post-thumbnail","hentry","category-transito"],"jetpack_sharing_enabled":true,"jetpack_featured_media_url":"https:\/\/i0.wp.com\/radiosisal.com\/br\/wp-content\/uploads\/2023\/12\/Imagem-do-WhatsApp-de-2023-12-29-as-18.42.00_db262e16-1024x768-1.jpg?fit=1024%2C768&ssl=1","_links":{"self":[{"href":"https:\/\/radiosisal.com\/br\/wp-json\/wp\/v2\/posts\/618","targetHints":{"allow":["GET"]}}],"collection":[{"href":"https:\/\/radiosisal.com\/br\/wp-json\/wp\/v2\/posts"}],"about":[{"href":"https:\/\/radiosisal.com\/br\/wp-json\/wp\/v2\/types\/post"}],"author":[{"embeddable":true,"href":"https:\/\/radiosisal.com\/br\/wp-json\/wp\/v2\/users\/2"}],"replies":[{"embeddable":true,"href":"https:\/\/radiosisal.com\/br\/wp-json\/wp\/v2\/comments?post=618"}],"version-history":[{"count":1,"href":"https:\/\/radiosisal.com\/br\/wp-json\/wp\/v2\/posts\/618\/revisions"}],"predecessor-version":[{"id":620,"href":"https:\/\/radiosisal.com\/br\/wp-json\/wp\/v2\/posts\/618\/revisions\/620"}],"wp:featuredmedia":[{"embeddable":true,"href":"https:\/\/radiosisal.com\/br\/wp-json\/wp\/v2\/media\/619"}],"wp:attachment":[{"href":"https:\/\/radiosisal.com\/br\/wp-json\/wp\/v2\/media?parent=618"}],"wp:term":[{"taxonomy":"category","embeddable":true,"href":"https:\/\/radiosisal.com\/br\/wp-json\/wp\/v2\/categories?post=618"},{"taxonomy":"post_tag","embeddable":true,"href":"https:\/\/radiosisal.com\/br\/wp-json\/wp\/v2\/tags?post=618"}],"curies":[{"name":"wp","href":"https:\/\/api.w.org\/{rel}","templated":true}]}}