{"id":622,"date":"2023-12-30T13:00:00","date_gmt":"2023-12-30T13:00:00","guid":{"rendered":"https:\/\/radiosisal.com\/br\/?p=622"},"modified":"2023-12-30T15:46:17","modified_gmt":"2023-12-30T15:46:17","slug":"violencia-choca-conceicao-do-coite-gravida-de-9-meses-e-vitima-de-tentativa-de-homicidio-durante-evento-natalino","status":"publish","type":"post","link":"https:\/\/radiosisal.com\/br\/2023\/12\/30\/violencia-choca-conceicao-do-coite-gravida-de-9-meses-e-vitima-de-tentativa-de-homicidio-durante-evento-natalino\/","title":{"rendered":"Viol\u00eancia choca Concei\u00e7\u00e3o do Coit\u00e9: Gr\u00e1vida de 9 meses \u00e9 v\u00edtima de tentativa de homic\u00eddio durante evento Natalino"},"content":{"rendered":"\n<p>Na noite desta sexta-feira, 29, um epis\u00f3dio de extrema viol\u00eancia marcou o Natal Luz na Pra\u00e7a de Concei\u00e7\u00e3o do Coit\u00e9, na regi\u00e3o do sisal. Naiele da Silva Barbosa, uma mulher de 28 anos gr\u00e1vida de 9 meses, foi alvo de uma tentativa de homic\u00eddio, sendo golpeada por um objeto. O agressor, surpreendentemente, foi identificado como seu pr\u00f3prio filho, que possui necessidades especiais e cujo nome n\u00e3o foi revelado.<\/p>\n\n\n\n<p>De acordo com informa\u00e7\u00f5es obtidas pela reportagem, o incidente ocorreu durante a celebra\u00e7\u00e3o festiva na pra\u00e7a, deixando a comunidade local consternada com a brutalidade do ocorrido. Naiele, moradora do bairro da Mans\u00e3o em Coit\u00e9, foi prontamente socorrida pelo \u00c1guia Resgate e encaminhada \u00e0 emerg\u00eancia da Maternidade Infantil, onde deu entrada por volta das 22:30.<\/p>\n\n\n\n<p>Apesar do terr\u00edvel epis\u00f3dio, as informa\u00e7\u00f5es indicam que tanto a m\u00e3e quanto o beb\u00ea passam bem. No entanto, Naiele permanece internada em observa\u00e7\u00e3o. O motivo por tr\u00e1s da agress\u00e3o ainda n\u00e3o foi esclarecido, e as autoridades locais est\u00e3o conduzindo as investiga\u00e7\u00f5es para entender as circunst\u00e2ncias do incidente chocante. <\/p>\n\n\n\n<p><strong><em>Por DayranLima, R\u00e1dio sisal<\/em><\/strong><\/p>\n","protected":false},"excerpt":{"rendered":"<p>Na noite desta sexta-feira, 29, um epis\u00f3dio de extrema viol\u00eancia marcou o Natal Luz na Pra\u00e7a de Concei\u00e7\u00e3o do Coit\u00e9, na regi\u00e3o do sisal. Naiele da Silva Barbosa, uma mulher de 28 anos gr\u00e1vida de 9 meses, foi alvo de uma tentativa de homic\u00eddio, sendo golpeada por um objeto. O agressor, surpreendentemente, foi identificado como [&hellip;]<\/p>\n","protected":false},"author":2,"featured_media":624,"comment_status":"open","ping_status":"open","sticky":false,"template":"","format":"standard","meta":{"footnotes":""},"categories":[1],"tags":[],"class_list":["post-622","post","type-post","status-publish","format-standard","has-post-thumbnail","hentry","category-geral"],"jetpack_sharing_enabled":true,"jetpack_featured_media_url":"https:\/\/i0.wp.com\/radiosisal.com\/br\/wp-content\/uploads\/2023\/12\/Imagem-do-WhatsApp-de-2023-12-29-as-23.56.02_70326ef6.jpg?fit=1024%2C768&ssl=1","_links":{"self":[{"href":"https:\/\/radiosisal.com\/br\/wp-json\/wp\/v2\/posts\/622","targetHints":{"allow":["GET"]}}],"collection":[{"href":"https:\/\/radiosisal.com\/br\/wp-json\/wp\/v2\/posts"}],"about":[{"href":"https:\/\/radiosisal.com\/br\/wp-json\/wp\/v2\/types\/post"}],"author":[{"embeddable":true,"href":"https:\/\/radiosisal.com\/br\/wp-json\/wp\/v2\/users\/2"}],"replies":[{"embeddable":true,"href":"https:\/\/radiosisal.com\/br\/wp-json\/wp\/v2\/comments?post=622"}],"version-history":[{"count":1,"href":"https:\/\/radiosisal.com\/br\/wp-json\/wp\/v2\/posts\/622\/revisions"}],"predecessor-version":[{"id":623,"href":"https:\/\/radiosisal.com\/br\/wp-json\/wp\/v2\/posts\/622\/revisions\/623"}],"wp:featuredmedia":[{"embeddable":true,"href":"https:\/\/radiosisal.com\/br\/wp-json\/wp\/v2\/media\/624"}],"wp:attachment":[{"href":"https:\/\/radiosisal.com\/br\/wp-json\/wp\/v2\/media?parent=622"}],"wp:term":[{"taxonomy":"category","embeddable":true,"href":"https:\/\/radiosisal.com\/br\/wp-json\/wp\/v2\/categories?post=622"},{"taxonomy":"post_tag","embeddable":true,"href":"https:\/\/radiosisal.com\/br\/wp-json\/wp\/v2\/tags?post=622"}],"curies":[{"name":"wp","href":"https:\/\/api.w.org\/{rel}","templated":true}]}}