{"id":626,"date":"2023-12-30T23:27:37","date_gmt":"2023-12-30T23:27:37","guid":{"rendered":"https:\/\/radiosisal.com\/br\/?p=626"},"modified":"2023-12-30T23:29:05","modified_gmt":"2023-12-30T23:29:05","slug":"tres-pessoas-foram-sequestradas-e-feitas-refens-em-assalto-a-caminhao-na-br-324","status":"publish","type":"post","link":"https:\/\/radiosisal.com\/br\/2023\/12\/30\/tres-pessoas-foram-sequestradas-e-feitas-refens-em-assalto-a-caminhao-na-br-324\/","title":{"rendered":"Tr\u00eas pessoas foram sequestradas e feitas ref\u00e9ns em assalto a caminh\u00e3o na BR 324"},"content":{"rendered":"\n<p>Tr\u00eas pessoas foram sequestradas e feitas ref\u00e9ns em assalto a caminh\u00e3o neste s\u00e1bado (30), no KM 623 da BR 324. O sequestro foi interceptado pelos policiais militares do Batalh\u00e3o G\u00eameos, liberaram os ref\u00e9ns e recuperaram um caminh\u00e3o roubado com cerca de 5 toneladas de carne e r\u00e9plicas de pistolas. Dois suspeitos foram detidos.<br><br>Os PMs foram acionados por populares, que informaram sobre um caminh\u00e3o de carga que havia sido roubado e os seus ocupantes sequestrados nas imedia\u00e7\u00f5es da Rua Soares Filho, \u00e0s margens da BR. Ao perceberem a aproxima\u00e7\u00e3o policial, e receberem a voz de parada, os suspeitos avan\u00e7aram, mas foram alcan\u00e7ados e detidos.<\/p>\n\n\n\n<p>As tr\u00eas v\u00edtimas sequestradas foram libertadas e o caminh\u00e3o de carga contendo cerca de 5 toneladas de carne foi recuperado, junto duas r\u00e9plicas de pistola. Os suspeitos s\u00e3o um adolescente, que foi detido e um homem que foi preso.<\/p>\n\n\n\n<p><strong><em>Por, www.correio24horas.com.br\/<\/em><\/strong><\/p>\n","protected":false},"excerpt":{"rendered":"<p>Tr\u00eas pessoas foram sequestradas e feitas ref\u00e9ns em assalto a caminh\u00e3o neste s\u00e1bado (30), no KM 623 da BR 324. O sequestro foi interceptado pelos policiais militares do Batalh\u00e3o G\u00eameos, liberaram os ref\u00e9ns e recuperaram um caminh\u00e3o roubado com cerca de 5 toneladas de carne e r\u00e9plicas de pistolas. Dois suspeitos foram detidos. Os PMs [&hellip;]<\/p>\n","protected":false},"author":2,"featured_media":627,"comment_status":"open","ping_status":"open","sticky":false,"template":"","format":"standard","meta":{"footnotes":""},"categories":[1],"tags":[],"class_list":["post-626","post","type-post","status-publish","format-standard","has-post-thumbnail","hentry","category-geral"],"jetpack_sharing_enabled":true,"jetpack_featured_media_url":"https:\/\/i0.wp.com\/radiosisal.com\/br\/wp-content\/uploads\/2023\/12\/tres-pessoas-foram-sequestradas-e-feitas-refens-em-assalto-a-caminhao-na-br-324-1968947-article.jpg?fit=600%2C400&ssl=1","_links":{"self":[{"href":"https:\/\/radiosisal.com\/br\/wp-json\/wp\/v2\/posts\/626","targetHints":{"allow":["GET"]}}],"collection":[{"href":"https:\/\/radiosisal.com\/br\/wp-json\/wp\/v2\/posts"}],"about":[{"href":"https:\/\/radiosisal.com\/br\/wp-json\/wp\/v2\/types\/post"}],"author":[{"embeddable":true,"href":"https:\/\/radiosisal.com\/br\/wp-json\/wp\/v2\/users\/2"}],"replies":[{"embeddable":true,"href":"https:\/\/radiosisal.com\/br\/wp-json\/wp\/v2\/comments?post=626"}],"version-history":[{"count":2,"href":"https:\/\/radiosisal.com\/br\/wp-json\/wp\/v2\/posts\/626\/revisions"}],"predecessor-version":[{"id":629,"href":"https:\/\/radiosisal.com\/br\/wp-json\/wp\/v2\/posts\/626\/revisions\/629"}],"wp:featuredmedia":[{"embeddable":true,"href":"https:\/\/radiosisal.com\/br\/wp-json\/wp\/v2\/media\/627"}],"wp:attachment":[{"href":"https:\/\/radiosisal.com\/br\/wp-json\/wp\/v2\/media?parent=626"}],"wp:term":[{"taxonomy":"category","embeddable":true,"href":"https:\/\/radiosisal.com\/br\/wp-json\/wp\/v2\/categories?post=626"},{"taxonomy":"post_tag","embeddable":true,"href":"https:\/\/radiosisal.com\/br\/wp-json\/wp\/v2\/tags?post=626"}],"curies":[{"name":"wp","href":"https:\/\/api.w.org\/{rel}","templated":true}]}}