{"id":630,"date":"2023-12-31T00:13:19","date_gmt":"2023-12-31T00:13:19","guid":{"rendered":"https:\/\/radiosisal.com\/br\/?p=630"},"modified":"2023-12-31T00:13:21","modified_gmt":"2023-12-31T00:13:21","slug":"conceicao-do-coite-se-prepara-para-uma-virada-inesquecivel-com-o-natal-luz-e-contagem-regressiva-para-2024","status":"publish","type":"post","link":"https:\/\/radiosisal.com\/br\/2023\/12\/31\/conceicao-do-coite-se-prepara-para-uma-virada-inesquecivel-com-o-natal-luz-e-contagem-regressiva-para-2024\/","title":{"rendered":"Concei\u00e7\u00e3o do Coit\u00e9 se prepara para uma virada inesquec\u00edvel com o &#8220;Natal Luz&#8221; e contagem regressiva para 2024"},"content":{"rendered":"\n<p>Com todo o encantamento do &#8220;Natal Luz&#8221;, a cidade de Concei\u00e7\u00e3o do Coit\u00e9 est\u00e1 agora na contagem regressiva para a chegada de 2024. A festa de R\u00e9veillon promete ser \u00e9pica, marcando o encerramento de mais um ano e o in\u00edcio de novas esperan\u00e7as. O evento est\u00e1 programado para come\u00e7ar neste s\u00e1bado, dia 31 de dezembro de 2023, a partir das 22h, tanto na Sede quanto em Salgadalia.<\/p>\n\n\n\n<p>A prefeitura de Concei\u00e7\u00e3o do Coit\u00e9 mais uma vez demonstra sua dedica\u00e7\u00e3o em proporcionar uma virada de ano memor\u00e1vel para os moradores e visitantes. A programa\u00e7\u00e3o inclui shows incr\u00edveis, proje\u00e7\u00e3o mapeada e uma espetacular queima de fogos, que prometem iluminar o c\u00e9u da cidade na virada da meia-noite.<\/p>\n\n\n\n<figure class=\"wp-block-image size-full\"><img loading=\"lazy\" decoding=\"async\" width=\"1024\" height=\"696\" src=\"https:\/\/i0.wp.com\/radiosisal.com\/br\/wp-content\/uploads\/2023\/12\/9a5c9c70-4fdb-40e3-81ab-e8988f23d25d.jpg?resize=1024%2C696&#038;ssl=1\" alt=\"\" class=\"wp-image-632\" srcset=\"https:\/\/i0.wp.com\/radiosisal.com\/br\/wp-content\/uploads\/2023\/12\/9a5c9c70-4fdb-40e3-81ab-e8988f23d25d.jpg?w=1024&amp;ssl=1 1024w, https:\/\/i0.wp.com\/radiosisal.com\/br\/wp-content\/uploads\/2023\/12\/9a5c9c70-4fdb-40e3-81ab-e8988f23d25d.jpg?resize=300%2C204&amp;ssl=1 300w, https:\/\/i0.wp.com\/radiosisal.com\/br\/wp-content\/uploads\/2023\/12\/9a5c9c70-4fdb-40e3-81ab-e8988f23d25d.jpg?resize=768%2C522&amp;ssl=1 768w\" sizes=\"auto, (max-width: 1024px) 100vw, 1024px\" data-recalc-dims=\"1\" \/><\/figure>\n\n\n\n<p>Ao longo dos \u00faltimos anos, a tradi\u00e7\u00e3o de celebrar a chegada do novo ano tem crescido em Concei\u00e7\u00e3o do Coit\u00e9, e a expectativa para 2024 n\u00e3o \u00e9 diferente. A comunidade se prepara para receber o novo ano com alegria e entusiasmo, aproveitando as festividades planejadas pela prefeitura.<\/p>\n\n\n\n<p>A festa de R\u00e9veillon se configura como uma excelente op\u00e7\u00e3o para aqueles que decidiram n\u00e3o deixar a cidade durante as celebra\u00e7\u00f5es. A prefeitura convida a todos a prestigiarem essa festa extraordin\u00e1ria, celebrando juntos a chegada de 2024 com muita anima\u00e7\u00e3o e otimismo. A cidade est\u00e1 adornada com as luzes do Natal e receber\u00e1 o novo ano com a esperan\u00e7a de dias melhores e realiza\u00e7\u00f5es para todos os cidad\u00e3os.<\/p>\n\n\n\n<p><strong><em>Por Dayran Lima, R\u00e1dio Sisal<\/em><\/strong><\/p>\n","protected":false},"excerpt":{"rendered":"<p>Com todo o encantamento do &#8220;Natal Luz&#8221;, a cidade de Concei\u00e7\u00e3o do Coit\u00e9 est\u00e1 agora na contagem regressiva para a chegada de 2024. A festa de R\u00e9veillon promete ser \u00e9pica, marcando o encerramento de mais um ano e o in\u00edcio de novas esperan\u00e7as. O evento est\u00e1 programado para come\u00e7ar neste s\u00e1bado, dia 31 de dezembro [&hellip;]<\/p>\n","protected":false},"author":2,"featured_media":631,"comment_status":"open","ping_status":"open","sticky":false,"template":"","format":"standard","meta":{"footnotes":""},"categories":[28],"tags":[],"class_list":["post-630","post","type-post","status-publish","format-standard","has-post-thumbnail","hentry","category-entretenimento"],"jetpack_sharing_enabled":true,"jetpack_featured_media_url":"https:\/\/i0.wp.com\/radiosisal.com\/br\/wp-content\/uploads\/2023\/12\/645f5727-4905-4a48-9385-b16228383524.jpg?fit=1024%2C628&ssl=1","_links":{"self":[{"href":"https:\/\/radiosisal.com\/br\/wp-json\/wp\/v2\/posts\/630","targetHints":{"allow":["GET"]}}],"collection":[{"href":"https:\/\/radiosisal.com\/br\/wp-json\/wp\/v2\/posts"}],"about":[{"href":"https:\/\/radiosisal.com\/br\/wp-json\/wp\/v2\/types\/post"}],"author":[{"embeddable":true,"href":"https:\/\/radiosisal.com\/br\/wp-json\/wp\/v2\/users\/2"}],"replies":[{"embeddable":true,"href":"https:\/\/radiosisal.com\/br\/wp-json\/wp\/v2\/comments?post=630"}],"version-history":[{"count":1,"href":"https:\/\/radiosisal.com\/br\/wp-json\/wp\/v2\/posts\/630\/revisions"}],"predecessor-version":[{"id":634,"href":"https:\/\/radiosisal.com\/br\/wp-json\/wp\/v2\/posts\/630\/revisions\/634"}],"wp:featuredmedia":[{"embeddable":true,"href":"https:\/\/radiosisal.com\/br\/wp-json\/wp\/v2\/media\/631"}],"wp:attachment":[{"href":"https:\/\/radiosisal.com\/br\/wp-json\/wp\/v2\/media?parent=630"}],"wp:term":[{"taxonomy":"category","embeddable":true,"href":"https:\/\/radiosisal.com\/br\/wp-json\/wp\/v2\/categories?post=630"},{"taxonomy":"post_tag","embeddable":true,"href":"https:\/\/radiosisal.com\/br\/wp-json\/wp\/v2\/tags?post=630"}],"curies":[{"name":"wp","href":"https:\/\/api.w.org\/{rel}","templated":true}]}}