{"id":6353,"date":"2025-02-06T09:54:05","date_gmt":"2025-02-06T09:54:05","guid":{"rendered":"https:\/\/radiosisal.com\/br\/?p=6353"},"modified":"2025-02-06T09:54:07","modified_gmt":"2025-02-06T09:54:07","slug":"olimpiada-brasileira-de-matematica-de-escolas-publicas-abre-inscricoes","status":"publish","type":"post","link":"https:\/\/radiosisal.com\/br\/2025\/02\/06\/olimpiada-brasileira-de-matematica-de-escolas-publicas-abre-inscricoes\/","title":{"rendered":"OLIMP\u00cdADA BRASILEIRA DE MATEM\u00c1TICA DE ESCOLAS P\u00daBLICAS ABRE INSCRI\u00c7\u00d5ES"},"content":{"rendered":"\n<p><\/p>\n\n\n\n<p>Organiza\u00e7\u00e3o espera 18 milh\u00f5es de participantes<\/p>\n\n\n\n<p>A Olimp\u00edada Brasileira de Matem\u00e1tica das Escolas P\u00fablicas (Obmep) abre&nbsp;as inscri\u00e7\u00f5es para sua edi\u00e7\u00e3o de 2025 nesta quarta-feira (5).&nbsp;\u00c9 a vig\u00e9sima edi\u00e7\u00e3o da competi\u00e7\u00e3o, criada para engajar professores e estudantes na resolu\u00e7\u00e3o de problemas matem\u00e1ticos e no estudo da mat\u00e9ria, al\u00e9m do dia a dia da escola. As&nbsp;<a href=\"http:\/\/www.obmep.org.br\/\" target=\"_blank\" rel=\"noreferrer noopener\">inscri\u00e7\u00f5es<\/a>&nbsp;podem ser feitas at\u00e9&nbsp;o dia 17 de mar\u00e7o.<img decoding=\"async\" src=\"https:\/\/i0.wp.com\/agenciabrasil.ebc.com.br\/ebc.png?w=1170&#038;ssl=1\" data-recalc-dims=\"1\"><img decoding=\"async\" src=\"https:\/\/i0.wp.com\/agenciabrasil.ebc.com.br\/ebc.gif?w=1170&#038;ssl=1\" data-recalc-dims=\"1\"><\/p>\n\n\n\n<p>A organiza\u00e7\u00e3o, do Instituto de Matem\u00e1tica Pura e Aplicada (Impa) espera a participa\u00e7\u00e3o de 18 milh\u00f5es de estudantes&nbsp;de escolas p\u00fablicas e privadas de todo o pa\u00eds. Podem participar alunos&nbsp;do 6\u00ba&nbsp;ano do ensino fundamental ao 3\u00ba&nbsp;ano do ensino m\u00e9dio, disputando 8,450 medalhas e 51 mil certificados de men\u00e7\u00e3o honrosa. Os alunos premiados recebem ainda convite para participar do Programa de Inicia\u00e7\u00e3o Cient\u00edfica Jr. (PIC) , composto por aulas de refor\u00e7o em matem\u00e1tica e que conta com bolsa de R$ 300,00 para estudantes de escolas p\u00fablicas.&nbsp;<\/p>\n\n\n\n<p>Em 20 anos, a Obmep&nbsp;chegou a 5.564 munic\u00edpios brasileiros e desde 2022 conta com uma \u201cirm\u00e3 ca\u00e7ula\u201d, a Olimp\u00edada Mirim de Matem\u00e1tica, voltada para os alunos dos anos iniciais (2\u00ba&nbsp;a 5\u00ba&nbsp;ano) do ensino fundamental. \u201cO p\u00fablico-alvo consiste tanto dos pr\u00f3prios alunos quanto dos seus professores que, em geral, n\u00e3o t\u00eam forma\u00e7\u00e3o espec\u00edfica em matem\u00e1tica e cuja rela\u00e7\u00e3o com a mat\u00e9ria nem sempre \u00e9 simples. A Olimp\u00edada pode contribuir muito na suaviza\u00e7\u00e3o dessa rela\u00e7\u00e3o, por meio de abordagem l\u00fadica e instigante na resolu\u00e7\u00e3o de problemas\u201d,&nbsp; afirmou&nbsp;Marcelo Viana, diretor-geral do Impa.&nbsp;<\/p>\n\n\n\n<p>Desde 2023, a Olimp\u00edada tamb\u00e9m premia destaques estaduais, com mais de 20 mil medalhas distribu\u00eddas por edi\u00e7\u00e3o. Ser\u00e3o duas fases de competi\u00e7\u00e3o: a primeira conta com prova objetiva de 20 quest\u00f5es e ocorre em 3 de junho. Os classificados para a segunda fase far\u00e3o&nbsp;prova no dia 25 de outubro, quando responder\u00e3o a uma prova discursiva de seis&nbsp;quest\u00f5es. A divulga\u00e7\u00e3o dos aprovados para a segunda etapa ser\u00e1 feita em 1\u00ba de agosto e a divulga\u00e7\u00e3o dos premiados em 22 de dezembro.<\/p>\n\n\n\n<p>Para os pr\u00f3ximos anos, Viana destacou a import\u00e2ncia de melhorar o acesso de estudantes de regi\u00f5es carentes \u00e0 competi\u00e7\u00e3o, com forma\u00e7\u00e3o de professores e treinamento&nbsp;de alunos. Essa capilaridade \u00e9 que torna a competi\u00e7\u00e3o e outras parecidas em \u201cinstrumentos democr\u00e1ticos para a dissemina\u00e7\u00e3o do gosto pelo estudo e a identifica\u00e7\u00e3o de jovens talentosos em todo o Brasil\u201d, diz&nbsp;o diretor, caminho facilitado pelo reconhecimento p\u00fablico desse instrumento e pelo fato de alguns dos medalhistas das primeiras edi\u00e7\u00f5es fazerem parte do dia a dia de governos, universidades e da sociedade civil em geral.<\/p>\n\n\n\n<p><\/p>\n\n\n\n<h2 class=\"wp-block-heading\">Da Olimp\u00edada para a gradua\u00e7\u00e3o<\/h2>\n\n\n\n<p>Luiz Filippe Campos, 17 anos, e Raquel Liberato, 18 anos, s\u00e3o medalhistas da Obmep. Eles participaram do Programa de Inicia\u00e7\u00e3o Cient\u00edfica&nbsp;e tem nessa&nbsp;forma\u00e7\u00e3o um refor\u00e7o importante para a aprova\u00e7\u00e3o, este ano, no curso de medicina da Universidade de S\u00e3o Paulo (USP). Tendo como&nbsp;porta de entrada o Prov\u00e3o Paulista, modalidade de ingresso com provas cont\u00ednuas e voltada para alunos da rede p\u00fablica do estado, conseguiram as vagas.&nbsp;<\/p>\n\n\n\n<p>Morador de Tabo\u00e3o da Serra, na regi\u00e3o metropolitana de S\u00e3o Paulo, Luiz Filippe tem duas medalhas na competi\u00e7\u00e3o cient\u00edfica e conquistou o primeiro lugar para medicina pelo Prov\u00e3o. Ele estudou na Escola Estadual Professor Francisco Vicente Lopes Gon\u00e7alves desde o oitavo ano do fundamental. No primeiro ano do m\u00e9dio come\u00e7ou a participar da Obmep&nbsp;e passou a estudar mais matem\u00e1tica ap\u00f3s passar da primeira fase. \u201cConsegui passar na primeira fase no&nbsp;sufoco, sabe? Mas, na segunda fase me preparei e consegui ganhar uma medalha de prata\u201d., contou.<\/p>\n\n\n\n<p>O que animou o jovem de Tabo\u00e3o, por\u00e9m, foi o refor\u00e7o proporcionado pelo PIC. \u201cEu estudava todos os dias para conseguir participar\u201d, lembrou, animado. As aulas do PIC s\u00e3o aos s\u00e1bados, mas o conte\u00fado \u00e9 bastante exigente. O resultado? \u201cEssas aulas tinham v\u00e1rios temas que ca\u00edam frequentemente no vestibular, como Fuvest, Unicamp e Enem\u201d, acrescentou&nbsp;o futuro m\u00e9dico.<\/p>\n\n\n\n<p>Al\u00e9m do conte\u00fado, ele ganhou amigos que tamb\u00e9m se interessavam pelos temas do curso e pelas provas. Isso&nbsp;o levou&nbsp;a se dedicar mais, o que foi importante para lidar com a rotina pesada e conciliar com os estudos regulares.<\/p>\n\n\n\n<p>Enquanto o caminho de Luiz o levar\u00e1 para o campus de S\u00e3o Paulo, a jornada de Raquel nas pr\u00f3ximas semanas ser\u00e1 no campus da USP em Ribeir\u00e3o Preto, onde tamb\u00e9m ser\u00e1 caloura de medicina. Com cinco medalhas, garantiu o terceiro lugar para a gradua\u00e7\u00e3o na modalidade de ingresso pelo Prov\u00e3o. A diferen\u00e7a principal est\u00e1 no fato de que enquanto o colega vem de uma das cidades mais verticais e mais densamente povoadas do pa\u00eds, a jovem de 18 anos sair\u00e1 de Flora Rica, munic\u00edpio com cerca de 2 mil&nbsp;habitantes.<\/p>\n\n\n\n<p>Raquel come\u00e7ou a participar da Obmep&nbsp;j\u00e1 no 6\u00ba&nbsp;ano do fundamental, quando recebeu men\u00e7\u00e3o honrosa. \u201cA partir do s\u00e9timo ano me esforcei um pouco mais, recebi uma medalha de prata e tive acesso ao PIC\u201d, lembra, entre sorrisos. Ela contou \u00e0&nbsp;<strong>Ag\u00eancia Brasil<\/strong>&nbsp;que teve bastante dificuldade para acompanhar o refor\u00e7o nos primeiros anos e que demorava v\u00e1rios dias para aprender o b\u00e1sico, mas com a pr\u00e1tica, ao longo dos anos, e estudando diariamente, come\u00e7ou a ficar f\u00e1cil.<\/p>\n\n\n\n<p>Desde o 9\u00ba&nbsp;ano, Raquel estuda focada em medicina. &#8220;Para mim, \u00e9 um grande sonho realizado. Sempre me esforcei, estudei todos os dias&#8221;. A ex-aluna da Escola Estadual Guilherme Buzinaro quer ser cirurgi\u00e3, \u00e1rea pela qual tem grande interesse. Pede, inclusive, ajuda para custear os primeiros gastos na jornada, em uma campanha de arrecada\u00e7\u00e3o por plataforma, afinal vem de fam\u00edlia de trabalhadores: o pai \u00e9 mec\u00e2nico e a m\u00e3e dona de casa, ambos n\u00e3o terminaram o ensino m\u00e9dio.<\/p>\n\n\n\n<p>O papel da olimp\u00edada como acelerador ou caminho para o ensino superior tem crescido nos \u00faltimos anos. O pr\u00f3prio Impa&nbsp;abriu sua primeira gradua\u00e7\u00e3o, denominada Impa&nbsp;Tech, em abril de 2024, e aceita premia\u00e7\u00f5es em cinco olimp\u00edadas de \u00e2mbito nacional (Obmep&nbsp;&#8211; Olimp\u00edada Brasileira de Matem\u00e1tica das Escolas P\u00fablicas, OBM &#8211; Olimp\u00edada Brasileira de Matem\u00e1tica, Obfep&nbsp;&#8211; Olimp\u00edadas Brasileira de F\u00edsica das Escolas P\u00fablicas, OBQ &#8211; Olimp\u00edada&nbsp;Brasileira de Qu\u00edmica e OBI &#8211; Olimp\u00edada Brasileira de Inform\u00e1tica). \u201cDesde o in\u00edcio foi definido que o desempenho em olimp\u00edadas do conhecimento seria um crit\u00e9rio maior na sele\u00e7\u00e3o dos estudantes do curso.&nbsp;Medalhas alcan\u00e7adas em qualquer delas se traduzem em pontos que determinam a coloca\u00e7\u00e3o do candidato entre os demais\u201d, explica Viana.<\/p>\n\n\n\n<p>A iniciativa de reservar vagas de ingresso no ensino superior para medalhistas de olimp\u00edadas foi pioneira na Unicamp, seguida pelas demais universidades estaduais paulistas e algumas institui\u00e7\u00f5es federais.<\/p>\n\n\n\n<p><\/p>\n\n\n\n<p><strong><em>FONTE: Ag\u00eancia Brasil<\/em><\/strong><\/p>\n\n\n\n<ul class=\"wp-block-social-links is-layout-flex wp-block-social-links-is-layout-flex\"><li class=\"wp-social-link wp-social-link-whatsapp  wp-block-social-link\"><a href=\"https:\/\/wa.me\/\/75991238048\" class=\"wp-block-social-link-anchor\"><svg width=\"24\" height=\"24\" viewBox=\"0 0 24 24\" version=\"1.1\" xmlns=\"http:\/\/www.w3.org\/2000\/svg\" aria-hidden=\"true\" focusable=\"false\"><path d=\"M 12.011719 2 C 6.5057187 2 2.0234844 6.478375 2.0214844 11.984375 C 2.0204844 13.744375 2.4814687 15.462563 3.3554688 16.976562 L 2 22 L 7.2324219 20.763672 C 8.6914219 21.559672 10.333859 21.977516 12.005859 21.978516 L 12.009766 21.978516 C 17.514766 21.978516 21.995047 17.499141 21.998047 11.994141 C 22.000047 9.3251406 20.962172 6.8157344 19.076172 4.9277344 C 17.190172 3.0407344 14.683719 2.001 12.011719 2 z M 12.009766 4 C 14.145766 4.001 16.153109 4.8337969 17.662109 6.3417969 C 19.171109 7.8517969 20.000047 9.8581875 19.998047 11.992188 C 19.996047 16.396187 16.413812 19.978516 12.007812 19.978516 C 10.674812 19.977516 9.3544062 19.642812 8.1914062 19.007812 L 7.5175781 18.640625 L 6.7734375 18.816406 L 4.8046875 19.28125 L 5.2851562 17.496094 L 5.5019531 16.695312 L 5.0878906 15.976562 C 4.3898906 14.768562 4.0204844 13.387375 4.0214844 11.984375 C 4.0234844 7.582375 7.6067656 4 12.009766 4 z M 8.4765625 7.375 C 8.3095625 7.375 8.0395469 7.4375 7.8105469 7.6875 C 7.5815469 7.9365 6.9355469 8.5395781 6.9355469 9.7675781 C 6.9355469 10.995578 7.8300781 12.182609 7.9550781 12.349609 C 8.0790781 12.515609 9.68175 15.115234 12.21875 16.115234 C 14.32675 16.946234 14.754891 16.782234 15.212891 16.740234 C 15.670891 16.699234 16.690438 16.137687 16.898438 15.554688 C 17.106437 14.971687 17.106922 14.470187 17.044922 14.367188 C 16.982922 14.263188 16.816406 14.201172 16.566406 14.076172 C 16.317406 13.951172 15.090328 13.348625 14.861328 13.265625 C 14.632328 13.182625 14.464828 13.140625 14.298828 13.390625 C 14.132828 13.640625 13.655766 14.201187 13.509766 14.367188 C 13.363766 14.534188 13.21875 14.556641 12.96875 14.431641 C 12.71875 14.305641 11.914938 14.041406 10.960938 13.191406 C 10.218937 12.530406 9.7182656 11.714844 9.5722656 11.464844 C 9.4272656 11.215844 9.5585938 11.079078 9.6835938 10.955078 C 9.7955938 10.843078 9.9316406 10.663578 10.056641 10.517578 C 10.180641 10.371578 10.223641 10.267562 10.306641 10.101562 C 10.389641 9.9355625 10.347156 9.7890625 10.285156 9.6640625 C 10.223156 9.5390625 9.737625 8.3065 9.515625 7.8125 C 9.328625 7.3975 9.131125 7.3878594 8.953125 7.3808594 C 8.808125 7.3748594 8.6425625 7.375 8.4765625 7.375 z\"><\/path><\/svg><span class=\"wp-block-social-link-label screen-reader-text\">WhatsApp<\/span><\/a><\/li>\n\n<li class=\"wp-social-link wp-social-link-instagram  wp-block-social-link\"><a href=\"https:\/\/www.instagram.com\/radiosisal97.3\/profilecard\/?igsh=MWo1azd5aXNvN2hmcQ==\" class=\"wp-block-social-link-anchor\"><svg width=\"24\" height=\"24\" viewBox=\"0 0 24 24\" version=\"1.1\" xmlns=\"http:\/\/www.w3.org\/2000\/svg\" aria-hidden=\"true\" focusable=\"false\"><path d=\"M12,4.622c2.403,0,2.688,0.009,3.637,0.052c0.877,0.04,1.354,0.187,1.671,0.31c0.42,0.163,0.72,0.358,1.035,0.673 c0.315,0.315,0.51,0.615,0.673,1.035c0.123,0.317,0.27,0.794,0.31,1.671c0.043,0.949,0.052,1.234,0.052,3.637 s-0.009,2.688-0.052,3.637c-0.04,0.877-0.187,1.354-0.31,1.671c-0.163,0.42-0.358,0.72-0.673,1.035 c-0.315,0.315-0.615,0.51-1.035,0.673c-0.317,0.123-0.794,0.27-1.671,0.31c-0.949,0.043-1.233,0.052-3.637,0.052 s-2.688-0.009-3.637-0.052c-0.877-0.04-1.354-0.187-1.671-0.31c-0.42-0.163-0.72-0.358-1.035-0.673 c-0.315-0.315-0.51-0.615-0.673-1.035c-0.123-0.317-0.27-0.794-0.31-1.671C4.631,14.688,4.622,14.403,4.622,12 s0.009-2.688,0.052-3.637c0.04-0.877,0.187-1.354,0.31-1.671c0.163-0.42,0.358-0.72,0.673-1.035 c0.315-0.315,0.615-0.51,1.035-0.673c0.317-0.123,0.794-0.27,1.671-0.31C9.312,4.631,9.597,4.622,12,4.622 M12,3 C9.556,3,9.249,3.01,8.289,3.054C7.331,3.098,6.677,3.25,6.105,3.472C5.513,3.702,5.011,4.01,4.511,4.511 c-0.5,0.5-0.808,1.002-1.038,1.594C3.25,6.677,3.098,7.331,3.054,8.289C3.01,9.249,3,9.556,3,12c0,2.444,0.01,2.751,0.054,3.711 c0.044,0.958,0.196,1.612,0.418,2.185c0.23,0.592,0.538,1.094,1.038,1.594c0.5,0.5,1.002,0.808,1.594,1.038 c0.572,0.222,1.227,0.375,2.185,0.418C9.249,20.99,9.556,21,12,21s2.751-0.01,3.711-0.054c0.958-0.044,1.612-0.196,2.185-0.418 c0.592-0.23,1.094-0.538,1.594-1.038c0.5-0.5,0.808-1.002,1.038-1.594c0.222-0.572,0.375-1.227,0.418-2.185 C20.99,14.751,21,14.444,21,12s-0.01-2.751-0.054-3.711c-0.044-0.958-0.196-1.612-0.418-2.185c-0.23-0.592-0.538-1.094-1.038-1.594 c-0.5-0.5-1.002-0.808-1.594-1.038c-0.572-0.222-1.227-0.375-2.185-0.418C14.751,3.01,14.444,3,12,3L12,3z M12,7.378 c-2.552,0-4.622,2.069-4.622,4.622S9.448,16.622,12,16.622s4.622-2.069,4.622-4.622S14.552,7.378,12,7.378z M12,15 c-1.657,0-3-1.343-3-3s1.343-3,3-3s3,1.343,3,3S13.657,15,12,15z M16.804,6.116c-0.596,0-1.08,0.484-1.08,1.08 s0.484,1.08,1.08,1.08c0.596,0,1.08-0.484,1.08-1.08S17.401,6.116,16.804,6.116z\"><\/path><\/svg><span class=\"wp-block-social-link-label screen-reader-text\">Instagram<\/span><\/a><\/li><\/ul>\n","protected":false},"excerpt":{"rendered":"<p>Organiza\u00e7\u00e3o espera 18 milh\u00f5es de participantes A Olimp\u00edada Brasileira de Matem\u00e1tica das Escolas P\u00fablicas (Obmep) abre&nbsp;as inscri\u00e7\u00f5es para sua edi\u00e7\u00e3o de 2025 nesta quarta-feira (5).&nbsp;\u00c9 a vig\u00e9sima edi\u00e7\u00e3o da competi\u00e7\u00e3o, criada para engajar professores e estudantes na resolu\u00e7\u00e3o de problemas matem\u00e1ticos e no estudo da mat\u00e9ria, al\u00e9m do dia a dia da escola. As&nbsp;inscri\u00e7\u00f5es&nbsp;podem ser [&hellip;]<\/p>\n","protected":false},"author":2,"featured_media":6355,"comment_status":"open","ping_status":"open","sticky":false,"template":"","format":"standard","meta":{"footnotes":""},"categories":[1],"tags":[],"class_list":["post-6353","post","type-post","status-publish","format-standard","has-post-thumbnail","hentry","category-geral"],"jetpack_sharing_enabled":true,"jetpack_featured_media_url":"https:\/\/i0.wp.com\/radiosisal.com\/br\/wp-content\/uploads\/2025\/02\/foto_3_-_2_fase_da_17_obmep_-_divulgacao_obmep.webp?fit=1170%2C700&ssl=1","_links":{"self":[{"href":"https:\/\/radiosisal.com\/br\/wp-json\/wp\/v2\/posts\/6353","targetHints":{"allow":["GET"]}}],"collection":[{"href":"https:\/\/radiosisal.com\/br\/wp-json\/wp\/v2\/posts"}],"about":[{"href":"https:\/\/radiosisal.com\/br\/wp-json\/wp\/v2\/types\/post"}],"author":[{"embeddable":true,"href":"https:\/\/radiosisal.com\/br\/wp-json\/wp\/v2\/users\/2"}],"replies":[{"embeddable":true,"href":"https:\/\/radiosisal.com\/br\/wp-json\/wp\/v2\/comments?post=6353"}],"version-history":[{"count":2,"href":"https:\/\/radiosisal.com\/br\/wp-json\/wp\/v2\/posts\/6353\/revisions"}],"predecessor-version":[{"id":6356,"href":"https:\/\/radiosisal.com\/br\/wp-json\/wp\/v2\/posts\/6353\/revisions\/6356"}],"wp:featuredmedia":[{"embeddable":true,"href":"https:\/\/radiosisal.com\/br\/wp-json\/wp\/v2\/media\/6355"}],"wp:attachment":[{"href":"https:\/\/radiosisal.com\/br\/wp-json\/wp\/v2\/media?parent=6353"}],"wp:term":[{"taxonomy":"category","embeddable":true,"href":"https:\/\/radiosisal.com\/br\/wp-json\/wp\/v2\/categories?post=6353"},{"taxonomy":"post_tag","embeddable":true,"href":"https:\/\/radiosisal.com\/br\/wp-json\/wp\/v2\/tags?post=6353"}],"curies":[{"name":"wp","href":"https:\/\/api.w.org\/{rel}","templated":true}]}}