{"id":6368,"date":"2025-02-06T13:06:56","date_gmt":"2025-02-06T13:06:56","guid":{"rendered":"https:\/\/radiosisal.com\/br\/?p=6368"},"modified":"2025-02-06T13:06:59","modified_gmt":"2025-02-06T13:06:59","slug":"uma-pessoa-morre-e-seis-ficam-feridas-apos-desabamento-de-teto-de-igreja-de-ouro-de-centro-historico-de-salvador","status":"publish","type":"post","link":"https:\/\/radiosisal.com\/br\/2025\/02\/06\/uma-pessoa-morre-e-seis-ficam-feridas-apos-desabamento-de-teto-de-igreja-de-ouro-de-centro-historico-de-salvador\/","title":{"rendered":"UMA PESSOA MORRE E SEIS FICAM FERIDAS AP\u00d3S DESABAMENTO DE TETO DE &#8216;IGREJA DE OURO&#8217; DE CENTRO HIST\u00d3RICO DE SALVADOR"},"content":{"rendered":"\n<p><\/p>\n\n\n\n<p>Uma turista de 23 anos morreu e outras seis ficaram feridas depois que parte do teto da\u00a0<strong><a href=\"http:\/\/www.ichunoticias.com.br\/search\/label\/Igreja%20de%20S%C3%A3o%20Francisco%20de%20Assis%2FSSA\" target=\"_blank\" rel=\"noreferrer noopener\">Igreja de S\u00e3o Francisco de Assis<\/a><\/strong>, conhecida como\u00a0<strong>&#8220;igreja de ouro&#8221;<\/strong>, desabou na tarde desta quarta-feira (5), no Centro Hist\u00f3rico de\u00a0<strong><a href=\"http:\/\/www.ichunoticias.com.br\/search\/label\/Igreja%20de%20S%C3%A3o%20Francisco%20de%20Assis%2FSSA\" target=\"_blank\" rel=\"noreferrer noopener\">Salvador<\/a><\/strong>. A informa\u00e7\u00e3o foi confirmada pelo\u00a0<strong><a href=\"http:\/\/www.ichunoticias.com.br\/search\/label\/Corpo%20de%20Bombeiros%20Militar%20da%20Bahia\" target=\"_blank\" rel=\"noreferrer noopener\">Corpo de Bombeiros Militar da Bahia<\/a><\/strong>\u00a0(<strong><a href=\"http:\/\/www.ichunoticias.com.br\/search\/label\/Corpo%20de%20Bombeiros%20Militar%20da%20Bahia\" target=\"_blank\" rel=\"noreferrer noopener\">CBM-BA<\/a><\/strong>).\u00a0<\/p>\n\n\n\n<p>O acidente ocorreu por volta das 14h30, no templo da Ordem Primeira de S\u00e3o Francisco. Imagens feitas por testemunhas mostram os estragos pouco depois do desabamento. O espa\u00e7o onde os fi\u00e9is ficavam durante as missas foi coberto por destro\u00e7os, principalmente da madeira que cobria o telhado.<\/p>\n\n\n\n<p><strong><em>&#8220;Todo o espa\u00e7o central da igreja cedeu. Possivelmente, alguma parte dessa cobertura se rompeu e, com o peso desse espa\u00e7o superior do teto, a madeira veio abaixo, com o sobrepeso&#8221;<\/em><\/strong>, afirmou S\u00f3sthenes Macedo, coordenador da Defesa Civil de Salvador.<\/p>\n\n\n\n<p>Al\u00e9m da Defesa Civil, equipes da Pol\u00edcia tamb\u00e9m est\u00e3o no local e policiais militares isolaram a \u00e1rea. Bombeiros seguem no local e at\u00e9 as 16h10, o corpo ainda n\u00e3o havia sido retirado.<\/p>\n\n\n\n<p><strong><em>&#8220;J\u00e1 fizemos a varredura das outras \u00e1reas para verificar se tem mais alguma v\u00edtima, e n\u00e3o foi encontrada nenhuma&#8221;<\/em><\/strong>, disse o coronel Adson Marchesine, comandante do Corpo de Bombeiros.<\/p>\n\n\n\n<p>O Servi\u00e7o de Atendimento M\u00f3vel de Urg\u00eancia (Samu) presta socorro aos feridos no Centro Hist\u00f3rico. Todos tiveram ferimentos leves. A pessoa que morreu \u00e9 uma turista do estado de S\u00e3o Paulo, mas ainda n\u00e3o h\u00e1 informa\u00e7\u00f5es sobre a identidade dela e das outras v\u00edtimas.<\/p>\n\n\n\n<p><strong>Problemas na igreja<\/strong><\/p>\n\n\n\n<p>Considerada uma das Sete Maravilhas de Origem Portuguesa no mundo, a igreja j\u00e1 enfrentava problemas estruturais h\u00e1 anos.<\/p>\n\n\n\n<p>Com interior revestido em ouro, o templo fundado no in\u00edcio do s\u00e9culo 18 foi tombado como patrim\u00f4nio material do Brasil, por\u00e9m, o reconhecimento do governo federal, que deveria garantir a prote\u00e7\u00e3o ao espa\u00e7o, n\u00e3o impediu a constru\u00e7\u00e3o de atingir uma situa\u00e7\u00e3o degradante.<\/p>\n\n\n\n<p>Durante uma visita realizada em 2023, o g1 observou que o local estava com pinturas e teto desgastados, pilastras sem reboco e piso desnivelado em v\u00e1rios pontos \u2013 o que dificultava a locomo\u00e7\u00e3o de pessoas com mobilidade reduzida.&nbsp;&nbsp;<\/p>\n\n\n\n<p>No mesmo ano, um dos p\u00e1tios da Igreja de S\u00e3o Francisco foi parcialmente fechado porque j\u00e1 havia risco de queda do pin\u00e1culo direito. A estrutura, uma c\u00fapula de metal que pesa cerca de uma tonelada e meia, chegou a ser removido, segundo o Instituto do Patrim\u00f4nio Hist\u00f3rico e Art\u00edstico Nacional (Iphan).<\/p>\n\n\n\n<p>Para fazer a restaura\u00e7\u00e3o da Igreja e Convento de S\u00e3o Francisco, era preciso primeiro que o projeto da obra fosse avaliado e aprovado pela comiss\u00e3o t\u00e9cnica do Iphan, que avalia o n\u00edvel de preserva\u00e7\u00e3o do bem e autoriza a constru\u00e7\u00e3o.&nbsp;&nbsp;<\/p>\n\n\n\n<p>Isso porque todo patrim\u00f4nio tombado s\u00f3 pode ser reformado se as caracter\u00edsticas que justificaram o tombamento, a exemplo da fachada e do conjunto arquitet\u00f4nico, se mantiverem as mesmas. No caso da igreja franciscana, os desafios s\u00e3o grandes para assegurar as caracter\u00edsticas tradicionais do barroco.&nbsp;&nbsp;<\/p>\n\n\n\n<p><\/p>\n\n\n<div class=\"wp-block-image\">\n<figure class=\"aligncenter size-full\"><img loading=\"lazy\" decoding=\"async\" width=\"400\" height=\"264\" src=\"https:\/\/i0.wp.com\/radiosisal.com\/br\/wp-content\/uploads\/2025\/02\/image-7.png?resize=400%2C264&#038;ssl=1\" alt=\"\" class=\"wp-image-6370\" srcset=\"https:\/\/i0.wp.com\/radiosisal.com\/br\/wp-content\/uploads\/2025\/02\/image-7.png?w=400&amp;ssl=1 400w, https:\/\/i0.wp.com\/radiosisal.com\/br\/wp-content\/uploads\/2025\/02\/image-7.png?resize=300%2C198&amp;ssl=1 300w\" sizes=\"auto, (max-width: 400px) 100vw, 400px\" data-recalc-dims=\"1\" \/><figcaption class=\"wp-element-caption\"><strong><em>Turistas na Igreja de S\u00e3o Francisco de Assis, no Centro Hist\u00f3rico de Salvador<br>Foto: F\u00e1bio Marconi\/Divulga\u00e7\u00e3o PMS<\/em><\/strong><\/figcaption><\/figure>\n<\/div>\n\n\n<p><\/p>\n\n\n\n<p>As estruturas da Igreja e Convento de S\u00e3o Francisco come\u00e7aram a ser constru\u00eddas em 1686. A obra s\u00f3 foi conclu\u00edda com doa\u00e7\u00e3o de moradores em 1723, mesmo tendo sido aberta ao p\u00fablico dez anos antes, em 1713.<\/p>\n\n\n\n<p>Quem v\u00ea a igreja de fora, n\u00e3o imagina o luxo na parte interior. As superf\u00edcies internas &#8211; paredes, colunas, teto, capelas &#8211; s\u00e3o revestidas de intrincados entalhes cobertos de ouro, com flor\u00f5es, arcos, e in\u00fameras figuras de anjos e p\u00e1ssaros, s\u00edmbolos do barroco brasileiro.&nbsp;&nbsp;<\/p>\n\n\n\n<p>Ricamente decorado, o templo tem imagens de mestres santeiros baianos e lusitanos, verdadeiras obras-primas da arte sacra, duas pias de pedra doadas por Dom Jo\u00e3o V, quando era rei de Portugal, bem como balaustradas e outras pe\u00e7as esculpidas em jacarand\u00e1, um tipo de madeira nobre.<\/p>\n\n\n\n<p>Nos p\u00falpitos e tetos, h\u00e1 v\u00e1rias pinturas, muitas delas produzidas em 1737 pelo pintor portugu\u00eas Bartolomeu Antunes, conhecido como o mais importante mestre ladrilhador do pa\u00eds colonizador.<\/p>\n\n\n\n<p>Sobre o parapeito do coro, existe um antiqu\u00edssimo orat\u00f3rio com um crucifixo e dez pequenos nichos com rel\u00edquias, entre elas o cr\u00e2nio de um m\u00e1rtir a quem se atribuiu o nome de S\u00e3o Fid\u00e9lis, doado pelo papa Inoc\u00eancio XII.Al\u00e9m da suntuosa capela-mor, dedicada a S\u00e3o Francisco de Assis, o espa\u00e7o possui oito capelas secund\u00e1rias. O cadeiral entalhado do coro, a estante para o missal e as grades entre as capelas secund\u00e1rias s\u00e3o obras do frei Lu\u00eds de Jesus, conhecido como&nbsp;<strong>&#8220;Irm\u00e3o Torneiro&#8221;<\/strong>. Estes elementos s\u00e3o do s\u00e9culo 17 e foram reaproveitados da primeira igreja edificada no local, portanto, s\u00e3o os mais antigos da cole\u00e7\u00e3o.&nbsp;&nbsp;<\/p>\n\n\n\n<p>A sacristia tamb\u00e9m possui um grande arcaz em madeira entalhada feito pelo\u00a0<strong>&#8220;Irm\u00e3o Torneiro&#8221;<\/strong>, com pinturas sobre pequenas placas de cobre encaixadas em nichos, mostrando cenas da vida de S\u00e3o Francisco. Sobre o m\u00f3vel, junto ao teto, est\u00e1 outra s\u00e9rie de pinturas de Bartolomeu Antunes, com a mesma tem\u00e1tica.<\/p>\n\n\n\n<p>FONTE: <em>Por\u00a0<a href=\"https:\/\/g1.globo.com\/ba\/bahia\/noticia\/2025\/02\/05\/desaba-teto-igreja.ghtml\" target=\"_blank\" rel=\"noreferrer noopener\">g1 BA<\/a>\u00a0e TV Bahia<\/em>\/ <a href=\"https:\/\/www.ichunoticias.com.br\/\">https:\/\/www.ichunoticias.com.br\/<\/a><\/p>\n\n\n\n<ul class=\"wp-block-social-links is-layout-flex wp-block-social-links-is-layout-flex\"><li class=\"wp-social-link wp-social-link-whatsapp  wp-block-social-link\"><a href=\"https:\/\/wa.me\/\/75991238048\" class=\"wp-block-social-link-anchor\"><svg width=\"24\" height=\"24\" viewBox=\"0 0 24 24\" version=\"1.1\" xmlns=\"http:\/\/www.w3.org\/2000\/svg\" aria-hidden=\"true\" focusable=\"false\"><path d=\"M 12.011719 2 C 6.5057187 2 2.0234844 6.478375 2.0214844 11.984375 C 2.0204844 13.744375 2.4814687 15.462563 3.3554688 16.976562 L 2 22 L 7.2324219 20.763672 C 8.6914219 21.559672 10.333859 21.977516 12.005859 21.978516 L 12.009766 21.978516 C 17.514766 21.978516 21.995047 17.499141 21.998047 11.994141 C 22.000047 9.3251406 20.962172 6.8157344 19.076172 4.9277344 C 17.190172 3.0407344 14.683719 2.001 12.011719 2 z M 12.009766 4 C 14.145766 4.001 16.153109 4.8337969 17.662109 6.3417969 C 19.171109 7.8517969 20.000047 9.8581875 19.998047 11.992188 C 19.996047 16.396187 16.413812 19.978516 12.007812 19.978516 C 10.674812 19.977516 9.3544062 19.642812 8.1914062 19.007812 L 7.5175781 18.640625 L 6.7734375 18.816406 L 4.8046875 19.28125 L 5.2851562 17.496094 L 5.5019531 16.695312 L 5.0878906 15.976562 C 4.3898906 14.768562 4.0204844 13.387375 4.0214844 11.984375 C 4.0234844 7.582375 7.6067656 4 12.009766 4 z M 8.4765625 7.375 C 8.3095625 7.375 8.0395469 7.4375 7.8105469 7.6875 C 7.5815469 7.9365 6.9355469 8.5395781 6.9355469 9.7675781 C 6.9355469 10.995578 7.8300781 12.182609 7.9550781 12.349609 C 8.0790781 12.515609 9.68175 15.115234 12.21875 16.115234 C 14.32675 16.946234 14.754891 16.782234 15.212891 16.740234 C 15.670891 16.699234 16.690438 16.137687 16.898438 15.554688 C 17.106437 14.971687 17.106922 14.470187 17.044922 14.367188 C 16.982922 14.263188 16.816406 14.201172 16.566406 14.076172 C 16.317406 13.951172 15.090328 13.348625 14.861328 13.265625 C 14.632328 13.182625 14.464828 13.140625 14.298828 13.390625 C 14.132828 13.640625 13.655766 14.201187 13.509766 14.367188 C 13.363766 14.534188 13.21875 14.556641 12.96875 14.431641 C 12.71875 14.305641 11.914938 14.041406 10.960938 13.191406 C 10.218937 12.530406 9.7182656 11.714844 9.5722656 11.464844 C 9.4272656 11.215844 9.5585938 11.079078 9.6835938 10.955078 C 9.7955938 10.843078 9.9316406 10.663578 10.056641 10.517578 C 10.180641 10.371578 10.223641 10.267562 10.306641 10.101562 C 10.389641 9.9355625 10.347156 9.7890625 10.285156 9.6640625 C 10.223156 9.5390625 9.737625 8.3065 9.515625 7.8125 C 9.328625 7.3975 9.131125 7.3878594 8.953125 7.3808594 C 8.808125 7.3748594 8.6425625 7.375 8.4765625 7.375 z\"><\/path><\/svg><span class=\"wp-block-social-link-label screen-reader-text\">WhatsApp<\/span><\/a><\/li>\n\n<li class=\"wp-social-link wp-social-link-instagram  wp-block-social-link\"><a href=\"https:\/\/www.instagram.com\/radiosisal97.3\/profilecard\/?igsh=MWo1azd5aXNvN2hmcQ==\" class=\"wp-block-social-link-anchor\"><svg width=\"24\" height=\"24\" viewBox=\"0 0 24 24\" version=\"1.1\" xmlns=\"http:\/\/www.w3.org\/2000\/svg\" aria-hidden=\"true\" focusable=\"false\"><path d=\"M12,4.622c2.403,0,2.688,0.009,3.637,0.052c0.877,0.04,1.354,0.187,1.671,0.31c0.42,0.163,0.72,0.358,1.035,0.673 c0.315,0.315,0.51,0.615,0.673,1.035c0.123,0.317,0.27,0.794,0.31,1.671c0.043,0.949,0.052,1.234,0.052,3.637 s-0.009,2.688-0.052,3.637c-0.04,0.877-0.187,1.354-0.31,1.671c-0.163,0.42-0.358,0.72-0.673,1.035 c-0.315,0.315-0.615,0.51-1.035,0.673c-0.317,0.123-0.794,0.27-1.671,0.31c-0.949,0.043-1.233,0.052-3.637,0.052 s-2.688-0.009-3.637-0.052c-0.877-0.04-1.354-0.187-1.671-0.31c-0.42-0.163-0.72-0.358-1.035-0.673 c-0.315-0.315-0.51-0.615-0.673-1.035c-0.123-0.317-0.27-0.794-0.31-1.671C4.631,14.688,4.622,14.403,4.622,12 s0.009-2.688,0.052-3.637c0.04-0.877,0.187-1.354,0.31-1.671c0.163-0.42,0.358-0.72,0.673-1.035 c0.315-0.315,0.615-0.51,1.035-0.673c0.317-0.123,0.794-0.27,1.671-0.31C9.312,4.631,9.597,4.622,12,4.622 M12,3 C9.556,3,9.249,3.01,8.289,3.054C7.331,3.098,6.677,3.25,6.105,3.472C5.513,3.702,5.011,4.01,4.511,4.511 c-0.5,0.5-0.808,1.002-1.038,1.594C3.25,6.677,3.098,7.331,3.054,8.289C3.01,9.249,3,9.556,3,12c0,2.444,0.01,2.751,0.054,3.711 c0.044,0.958,0.196,1.612,0.418,2.185c0.23,0.592,0.538,1.094,1.038,1.594c0.5,0.5,1.002,0.808,1.594,1.038 c0.572,0.222,1.227,0.375,2.185,0.418C9.249,20.99,9.556,21,12,21s2.751-0.01,3.711-0.054c0.958-0.044,1.612-0.196,2.185-0.418 c0.592-0.23,1.094-0.538,1.594-1.038c0.5-0.5,0.808-1.002,1.038-1.594c0.222-0.572,0.375-1.227,0.418-2.185 C20.99,14.751,21,14.444,21,12s-0.01-2.751-0.054-3.711c-0.044-0.958-0.196-1.612-0.418-2.185c-0.23-0.592-0.538-1.094-1.038-1.594 c-0.5-0.5-1.002-0.808-1.594-1.038c-0.572-0.222-1.227-0.375-2.185-0.418C14.751,3.01,14.444,3,12,3L12,3z M12,7.378 c-2.552,0-4.622,2.069-4.622,4.622S9.448,16.622,12,16.622s4.622-2.069,4.622-4.622S14.552,7.378,12,7.378z M12,15 c-1.657,0-3-1.343-3-3s1.343-3,3-3s3,1.343,3,3S13.657,15,12,15z M16.804,6.116c-0.596,0-1.08,0.484-1.08,1.08 s0.484,1.08,1.08,1.08c0.596,0,1.08-0.484,1.08-1.08S17.401,6.116,16.804,6.116z\"><\/path><\/svg><span class=\"wp-block-social-link-label screen-reader-text\">Instagram<\/span><\/a><\/li><\/ul>\n","protected":false},"excerpt":{"rendered":"<p>Uma turista de 23 anos morreu e outras seis ficaram feridas depois que parte do teto da\u00a0Igreja de S\u00e3o Francisco de Assis, conhecida como\u00a0&#8220;igreja de ouro&#8221;, desabou na tarde desta quarta-feira (5), no Centro Hist\u00f3rico de\u00a0Salvador. A informa\u00e7\u00e3o foi confirmada pelo\u00a0Corpo de Bombeiros Militar da Bahia\u00a0(CBM-BA).\u00a0 O acidente ocorreu por volta das 14h30, no templo [&hellip;]<\/p>\n","protected":false},"author":2,"featured_media":6372,"comment_status":"open","ping_status":"open","sticky":false,"template":"","format":"standard","meta":{"footnotes":""},"categories":[1],"tags":[],"class_list":["post-6368","post","type-post","status-publish","format-standard","has-post-thumbnail","hentry","category-geral"],"jetpack_sharing_enabled":true,"jetpack_featured_media_url":"https:\/\/i0.wp.com\/radiosisal.com\/br\/wp-content\/uploads\/2025\/02\/Capa-desabamento-de-Igreja.jpg?fit=400%2C246&ssl=1","_links":{"self":[{"href":"https:\/\/radiosisal.com\/br\/wp-json\/wp\/v2\/posts\/6368","targetHints":{"allow":["GET"]}}],"collection":[{"href":"https:\/\/radiosisal.com\/br\/wp-json\/wp\/v2\/posts"}],"about":[{"href":"https:\/\/radiosisal.com\/br\/wp-json\/wp\/v2\/types\/post"}],"author":[{"embeddable":true,"href":"https:\/\/radiosisal.com\/br\/wp-json\/wp\/v2\/users\/2"}],"replies":[{"embeddable":true,"href":"https:\/\/radiosisal.com\/br\/wp-json\/wp\/v2\/comments?post=6368"}],"version-history":[{"count":1,"href":"https:\/\/radiosisal.com\/br\/wp-json\/wp\/v2\/posts\/6368\/revisions"}],"predecessor-version":[{"id":6371,"href":"https:\/\/radiosisal.com\/br\/wp-json\/wp\/v2\/posts\/6368\/revisions\/6371"}],"wp:featuredmedia":[{"embeddable":true,"href":"https:\/\/radiosisal.com\/br\/wp-json\/wp\/v2\/media\/6372"}],"wp:attachment":[{"href":"https:\/\/radiosisal.com\/br\/wp-json\/wp\/v2\/media?parent=6368"}],"wp:term":[{"taxonomy":"category","embeddable":true,"href":"https:\/\/radiosisal.com\/br\/wp-json\/wp\/v2\/categories?post=6368"},{"taxonomy":"post_tag","embeddable":true,"href":"https:\/\/radiosisal.com\/br\/wp-json\/wp\/v2\/tags?post=6368"}],"curies":[{"name":"wp","href":"https:\/\/api.w.org\/{rel}","templated":true}]}}