{"id":639,"date":"2023-12-31T16:08:41","date_gmt":"2023-12-31T16:08:41","guid":{"rendered":"https:\/\/radiosisal.com\/br\/?p=639"},"modified":"2023-12-31T16:08:43","modified_gmt":"2023-12-31T16:08:43","slug":"apos-semana-de-fluxo-intenso-ferry-boat-de-salvador-tem-movimento-tranquilo-neste-domingo-31","status":"publish","type":"post","link":"https:\/\/radiosisal.com\/br\/2023\/12\/31\/apos-semana-de-fluxo-intenso-ferry-boat-de-salvador-tem-movimento-tranquilo-neste-domingo-31\/","title":{"rendered":"Ap\u00f3s semana de fluxo intenso, Ferry-boat de Salvador tem movimento tranquilo neste domingo (31)"},"content":{"rendered":"\n<p>Depois de uma semana em que o tempo de espera superou 4h para ve\u00edculos, o fluxo no Terminal de S\u00e3o Joaquim, em Salvador, registra neste domingo (31) movimento tranquilo. A estimativa \u00e9 que os motoristas esperem at\u00e9 1h para embarcar. Na \u00e1rea de pedestres n\u00e3o h\u00e1 registro de filas, ou seja, o tempo de espera \u00e9 inferior a 30 minutos.&nbsp;<br><br>As embarca\u00e7\u00f5es que est\u00e3o operando s\u00e3o: Rio Paragua\u00e7u, Zumbi dos Palmares, Ivete Sangalo e Maria Beth\u00e2nia e Pinheiro, que foi retirado para uma revis\u00e3o preventiva no in\u00edcio do dia, mas j\u00e1 retornou. Segundo a&nbsp;Internacional Travessias Salvador (ITS) nesta manh\u00e3 as sa\u00eddas s\u00e3o a cada 30 minutos, no entanto, com a redu\u00e7\u00e3o do movimento deve ficar de hora em hora.&nbsp;<\/p>\n\n\n\n<h3 class=\"wp-block-heading\">Fluxo intenso<\/h3>\n\n\n\n<p>O alto movimento no Terminal de S\u00e3o Joaquim ocorre desde o dia 21\/12 com a aproxima\u00e7\u00e3o das festas de Natal e Ano Novo.\u00a0<a href=\"https:\/\/www.correio24horas.com.br\/minha-bahia\/ferry-boat-de-salvador-tem-fila-intensa-nesta-sabado-30-1223\" target=\"_blank\" rel=\"noreferrer noopener\">No s\u00e1bado (30), por exemplo, o\u00a0tempo de espera para embarque foi de 4h<\/a>\u00a0para ve\u00edculos e de 2h para pedestres. Para atender a demanda foram incorporadas 13 viagens extras.<\/p>\n\n\n\n<p>De acordo com a ITS, j\u00e1 foram realizadas mais de 128 viagens extras no per\u00edodo, al\u00e9m dos embarques nos hor\u00e1rios regulares (de hora em hora), na tentativa de reduzir o tempo de espera para os passageiros. As opera\u00e7\u00f5es de fim de ano contam com 5 ferries.<\/p>\n\n\n\n<p>Os dados ainda apontam que cerca de 187.500 pessoas e 27.900 ve\u00edculos j\u00e1 passaram pelo terminal at\u00e9 a manh\u00e3 deste s\u00e1bado (30). O n\u00famero representaria um aumento de mais de 24% no transporte de passageiros e 19% no de ve\u00edculos em compara\u00e7\u00e3o com o ano anterior.<\/p>\n\n\n\n<p><strong><em>Da Reda\u00e7\u00e3o reda\u00e7ao@redebahia.com.b<\/em><\/strong>r<\/p>\n","protected":false},"excerpt":{"rendered":"<p>Depois de uma semana em que o tempo de espera superou 4h para ve\u00edculos, o fluxo no Terminal de S\u00e3o Joaquim, em Salvador, registra neste domingo (31) movimento tranquilo. A estimativa \u00e9 que os motoristas esperem at\u00e9 1h para embarcar. Na \u00e1rea de pedestres n\u00e3o h\u00e1 registro de filas, ou seja, o tempo de espera [&hellip;]<\/p>\n","protected":false},"author":2,"featured_media":640,"comment_status":"open","ping_status":"open","sticky":false,"template":"","format":"standard","meta":{"footnotes":""},"categories":[27],"tags":[],"class_list":["post-639","post","type-post","status-publish","format-standard","has-post-thumbnail","hentry","category-transito"],"jetpack_sharing_enabled":true,"jetpack_featured_media_url":"https:\/\/i0.wp.com\/radiosisal.com\/br\/wp-content\/uploads\/2023\/12\/fila-no-ferry-esta-intensa-1966106-article.jpeg?fit=600%2C400&ssl=1","_links":{"self":[{"href":"https:\/\/radiosisal.com\/br\/wp-json\/wp\/v2\/posts\/639","targetHints":{"allow":["GET"]}}],"collection":[{"href":"https:\/\/radiosisal.com\/br\/wp-json\/wp\/v2\/posts"}],"about":[{"href":"https:\/\/radiosisal.com\/br\/wp-json\/wp\/v2\/types\/post"}],"author":[{"embeddable":true,"href":"https:\/\/radiosisal.com\/br\/wp-json\/wp\/v2\/users\/2"}],"replies":[{"embeddable":true,"href":"https:\/\/radiosisal.com\/br\/wp-json\/wp\/v2\/comments?post=639"}],"version-history":[{"count":1,"href":"https:\/\/radiosisal.com\/br\/wp-json\/wp\/v2\/posts\/639\/revisions"}],"predecessor-version":[{"id":641,"href":"https:\/\/radiosisal.com\/br\/wp-json\/wp\/v2\/posts\/639\/revisions\/641"}],"wp:featuredmedia":[{"embeddable":true,"href":"https:\/\/radiosisal.com\/br\/wp-json\/wp\/v2\/media\/640"}],"wp:attachment":[{"href":"https:\/\/radiosisal.com\/br\/wp-json\/wp\/v2\/media?parent=639"}],"wp:term":[{"taxonomy":"category","embeddable":true,"href":"https:\/\/radiosisal.com\/br\/wp-json\/wp\/v2\/categories?post=639"},{"taxonomy":"post_tag","embeddable":true,"href":"https:\/\/radiosisal.com\/br\/wp-json\/wp\/v2\/tags?post=639"}],"curies":[{"name":"wp","href":"https:\/\/api.w.org\/{rel}","templated":true}]}}