{"id":6440,"date":"2025-02-11T05:17:00","date_gmt":"2025-02-11T05:17:00","guid":{"rendered":"https:\/\/radiosisal.com\/br\/?p=6440"},"modified":"2025-02-11T10:40:40","modified_gmt":"2025-02-11T10:40:40","slug":"dengue-um-ano-apos-inicio-da-imunizacao-procura-por-vacina-e-baixa","status":"publish","type":"post","link":"https:\/\/radiosisal.com\/br\/2025\/02\/11\/dengue-um-ano-apos-inicio-da-imunizacao-procura-por-vacina-e-baixa\/","title":{"rendered":"DENGUE: UM ANO AP\u00d3S IN\u00cdCIO DA IMUNIZA\u00c7\u00c3O, PROCURA POR VACINA \u00c9 BAIXA"},"content":{"rendered":"\n<p><\/p>\n\n\n\n<p>Das mais de 6,3 milh\u00f5es de doses distribu\u00eddas, 3,2 foram aplicadas.<\/p>\n\n\n\n<p>Um ano ap\u00f3s o in\u00edcio da vacina\u00e7\u00e3o contra a dengue no Sistema \u00danico de Sa\u00fade (SUS), a procura pelo imunizante no pa\u00eds est\u00e1&nbsp;bem abaixo do esperado. De fevereiro de 2024 a janeiro de 2025, 6.370.966 doses foram distribu\u00eddas. A Rede Nacional de Dados em Sa\u00fade, entretanto, indica que apenas 3.205.625 foram aplicadas em crian\u00e7as e adolescentes de 10 a 14 anos, grupo-alvo definido pela pasta.<img decoding=\"async\" src=\"https:\/\/i0.wp.com\/agenciabrasil.ebc.com.br\/ebc.png?w=1170&#038;ssl=1\" data-recalc-dims=\"1\"><img decoding=\"async\" src=\"https:\/\/i0.wp.com\/agenciabrasil.ebc.com.br\/ebc.gif?w=1170&#038;ssl=1\" data-recalc-dims=\"1\"><\/p>\n\n\n\n<p>A faixa et\u00e1ria, de acordo com o minist\u00e9rio, concentra o maior n\u00famero de hospitaliza\u00e7\u00f5es por dengue depois de pessoas idosas, grupo para o qual o imunizante Qdenga, da farmac\u00eautica japonesa Takeda, n\u00e3o foi liberado pela Ag\u00eancia Nacional de Vigil\u00e2ncia Sanit\u00e1ria (Anvisa). O esquema vacinal utilizado pela pasta \u00e9 composto por duas doses com intervalo de tr\u00eas meses entre elas.<\/p>\n\n\n\n<p><\/p>\n\n\n\n<h2 class=\"wp-block-heading\">Entenda<\/h2>\n\n\n\n<p>Em janeiro de 2024, 521 munic\u00edpios foram inicialmente selecionados para iniciar a imuniza\u00e7\u00e3o contra a dengue na rede p\u00fablica j\u00e1 em fevereiro. As cidades compunham&nbsp;37 regi\u00f5es de sa\u00fade consideradas end\u00eamicas para a doen\u00e7a e atendiam a tr\u00eas crit\u00e9rios: munic\u00edpios de grande porte, com mais de 100 mil habitantes; alta transmiss\u00e3o de dengue no per\u00edodo 2023-2024; e maior predomin\u00e2ncia do sorotipo 2.<\/p>\n\n\n\n<p>Atualmente, todas unidades federativas recebem doses contra a dengue. Os crit\u00e9rios de distribui\u00e7\u00e3o, definidos pelo Conselho Nacional de Secret\u00e1rios de Sa\u00fade (Conass) e pelo Conselho Nacional de Secretarias Municipais de Sa\u00fade (Conasems), seguem recomenda\u00e7\u00f5es da C\u00e2mara T\u00e9cnica de Assessoramento em Imuniza\u00e7\u00e3o (CTAI). Foram selecionadas regi\u00f5es de sa\u00fade com munic\u00edpios de grande porte, alta transmiss\u00e3o nos \u00faltimos 10 anos e\/ou altas taxas de infec\u00e7\u00e3o nos \u00faltimos meses.<\/p>\n\n\n\n<p>A defini\u00e7\u00e3o de um p\u00fablico-alvo e de regi\u00f5es priorit\u00e1rias, segundo o minist\u00e9rio, se fez necess\u00e1ria em raz\u00e3o da capacidade limitada de fornecimento de doses pelo fabricante. A primeira remessa, por exemplo, chegou ao Brasil em janeiro do ano passado e contava com apenas cerca de 757 mil doses. A pasta adquiriu todo o quantitativo disponibilizado pelo fabricante para 2024 \u2013 5,2 milh\u00f5es de doses e contratou 9 milh\u00f5es de doses para 2025.<\/p>\n\n\n\n<p><\/p>\n\n\n\n<h2 class=\"wp-block-heading\">Prioridade para o SUS<\/h2>\n\n\n\n<p>Em comunicado divulgado no ano passado, a Takeda informou a decis\u00e3o de priorizar o atendimento de pedidos feitos pelo minist\u00e9rio para o fornecimento de doses da Qdenga. De acordo com a nota, o laborat\u00f3rio suspendeu a assinatura de contratos diretos com estados e munic\u00edpios e limitou o fornecimento da vacina na rede privada, suprindo apenas o quantitativo necess\u00e1rio para que pessoas que tomaram a primeira dose completassem o esquema vacinal com a segunda dose.<\/p>\n\n\n\n<p>&#8220;Em linha com o princ\u00edpio da equidade na sa\u00fade, a Takeda est\u00e1 comprometida em apoiar as autoridades de sa\u00fade, portanto, seus esfor\u00e7os est\u00e3o voltados para atender a demanda do Minist\u00e9rio da Sa\u00fade, conforme a estrat\u00e9gia vacinal definida pelo Departamento do Programa Nacional de Imuniza\u00e7\u00f5es que considera faixa et\u00e1ria e regi\u00f5es para receberem a vacina. Conforme j\u00e1 anunciado, temos garantida a entrega de 6,6 milh\u00f5es de doses para o ano de 2024 e o provisionamento de mais 9 milh\u00f5es de doses para o ano de 2025.\u201d<\/p>\n\n\n\n<p><\/p>\n\n\n\n<h2 class=\"wp-block-heading\">Vacina<\/h2>\n\n\n\n<p>A vacina Qdenga teve o&nbsp;registro aprovado pela Anvisa em mar\u00e7o de 2023. Na pr\u00e1tica, o processo permite a comercializa\u00e7\u00e3o do produto no Brasil, desde que mantidas as condi\u00e7\u00f5es aprovadas. Em dezembro do mesmo ano, o minist\u00e9rio anunciou a incorpora\u00e7\u00e3o do imunizante ao SUS.<\/p>\n\n\n\n<p>Em 2024, o imunizante tamb\u00e9m foi pr\u00e9-qualificado pela OMS. A entidade define a Qdenga como uma vacina viva atenuada que cont\u00e9m vers\u00f5es enfraquecidas dos quatro sorotipos do v\u00edrus causador da dengue e recomenda que a dose seja aplicada em crian\u00e7as e adolescentes de 6 a 16 anos em locais com alta transmiss\u00e3o da doen\u00e7a.<\/p>\n\n\n\n<p>\u201cA pr\u00e9-qualifica\u00e7\u00e3o \u00e9 um passo importante na expans\u00e3o do acesso global a vacinas contra a dengue, uma vez que torna a dose eleg\u00edvel para aquisi\u00e7\u00e3o por parte de ag\u00eancias da ONU [Organiza\u00e7\u00e3o das Na\u00e7\u00f5es Unidas], incluindo o Unicef [Fundo das Na\u00e7\u00f5es Unidas para a Inf\u00e2ncia] e a Opas [Organiza\u00e7\u00e3o Pan-Americana da Sa\u00fade]\u201d, avalis, \u00e0 \u00e9poca, o diretor de regula\u00e7\u00e3o e Pr\u00e9-qualifica\u00e7\u00e3o da OMS, Rogerio Gaspar.<\/p>\n\n\n\n<p>\u201cCom apenas duas vacinas contra a dengue pr\u00e9-qualificadas at\u00e9 o momento, esperamos que mais desenvolvedores de vacinas se apresentem para avalia\u00e7\u00e3o, para que possamos garantir que as doses cheguem a todas as comunidades que necessitam delas\u201d, completou. A outra dose pr\u00e9-qualificada \u00e9 a da Sanofi Pasteur.<\/p>\n\n\n\n<p><\/p>\n\n\n\n<h2 class=\"wp-block-heading\">Alerta<\/h2>\n\n\n\n<p>No m\u00eas passado, a Sociedade Brasileira de Imuniza\u00e7\u00f5es (SBIm) emitiu um alerta sobre a baixa procura pela vacina contra a dengue. A entidade destacou que o imunizante est\u00e1 dispon\u00edvel, atualmente, para um grupo restrito de pessoas em 1,9 mil cidades nas quais a doen\u00e7a \u00e9 mais frequente e que apenas metade das doses distribu\u00eddas pelo minist\u00e9rio para estados e munic\u00edpios foi aplicada.<\/p>\n\n\n\n<p>O alerta acompanha a\u00e7\u00f5es recentes de preven\u00e7\u00e3o e monitoramento do Minist\u00e9rio da Sa\u00fade&nbsp;e chega em um momento de preocupa\u00e7\u00e3o por conta da detec\u00e7\u00e3o do sorotipo 3 da dengue em diversas localidades. O sorotipo, de acordo com o minist\u00e9rio, n\u00e3o circula no pa\u00eds de forma predominante desde 2008 e, portanto, grande parte da popula\u00e7\u00e3o est\u00e1 suscet\u00edvel \u00e0 infec\u00e7\u00e3o.<\/p>\n\n\n\n<p>Procurada pela&nbsp;<strong>Ag\u00eancia Brasil<\/strong>, a pasta informou que a baixa disponibilidade para aquisi\u00e7\u00e3o da Qdenga faz com que a vacina\u00e7\u00e3o n\u00e3o seja a principal estrat\u00e9gia do governo contra a doen\u00e7a. O minist\u00e9rio destacou ainda o lan\u00e7amento do Plano de A\u00e7\u00e3o para Redu\u00e7\u00e3o da Dengue e Outras Arboviroses, que prev\u00ea a intensifica\u00e7\u00e3o do controle vetorial do&nbsp;<em>Aedes aegypti<\/em>, mosquito transmissor da doen\u00e7a.<\/p>\n\n\n\n<p>No in\u00edcio de janeiro de 2025, o minist\u00e9rio voltou a instalar o Centro de Opera\u00e7\u00f5es de Emerg\u00eancia em Sa\u00fade (COE), com o objetivo de ampliar o monitoramento de arboviroses no Brasil.<\/p>\n\n\n\n<p><\/p>\n\n\n\n<h2 class=\"wp-block-heading\">N\u00fameros<\/h2>\n\n\n\n<p>Em 2024, o pa\u00eds registrou a pior epidemia de dengue, com 6.629.595 casos prov\u00e1veis e 6.103 mortes por causa do v\u00edrus. Em 2025, o Painel de Monitoramento das Arboviroses j\u00e1 registra 230.191 casos prov\u00e1veis da doen\u00e7a e 67 mortes confirmadas, al\u00e9m de 278 \u00f3bitos em investiga\u00e7\u00e3o. O coeficiente de incid\u00eancia, neste momento, \u00e9 de 108 casos para cada 100 mil habitantes.<\/p>\n\n\n\n<p><\/p>\n\n\n\n<p><strong><em>FONTE: correio24horas.com.br<\/em><\/strong><\/p>\n\n\n\n<ul class=\"wp-block-social-links is-layout-flex wp-block-social-links-is-layout-flex\"><li class=\"wp-social-link wp-social-link-whatsapp  wp-block-social-link\"><a href=\"https:\/\/wa.me\/\/75991238048\" class=\"wp-block-social-link-anchor\"><svg width=\"24\" height=\"24\" viewBox=\"0 0 24 24\" version=\"1.1\" xmlns=\"http:\/\/www.w3.org\/2000\/svg\" aria-hidden=\"true\" focusable=\"false\"><path d=\"M 12.011719 2 C 6.5057187 2 2.0234844 6.478375 2.0214844 11.984375 C 2.0204844 13.744375 2.4814687 15.462563 3.3554688 16.976562 L 2 22 L 7.2324219 20.763672 C 8.6914219 21.559672 10.333859 21.977516 12.005859 21.978516 L 12.009766 21.978516 C 17.514766 21.978516 21.995047 17.499141 21.998047 11.994141 C 22.000047 9.3251406 20.962172 6.8157344 19.076172 4.9277344 C 17.190172 3.0407344 14.683719 2.001 12.011719 2 z M 12.009766 4 C 14.145766 4.001 16.153109 4.8337969 17.662109 6.3417969 C 19.171109 7.8517969 20.000047 9.8581875 19.998047 11.992188 C 19.996047 16.396187 16.413812 19.978516 12.007812 19.978516 C 10.674812 19.977516 9.3544062 19.642812 8.1914062 19.007812 L 7.5175781 18.640625 L 6.7734375 18.816406 L 4.8046875 19.28125 L 5.2851562 17.496094 L 5.5019531 16.695312 L 5.0878906 15.976562 C 4.3898906 14.768562 4.0204844 13.387375 4.0214844 11.984375 C 4.0234844 7.582375 7.6067656 4 12.009766 4 z M 8.4765625 7.375 C 8.3095625 7.375 8.0395469 7.4375 7.8105469 7.6875 C 7.5815469 7.9365 6.9355469 8.5395781 6.9355469 9.7675781 C 6.9355469 10.995578 7.8300781 12.182609 7.9550781 12.349609 C 8.0790781 12.515609 9.68175 15.115234 12.21875 16.115234 C 14.32675 16.946234 14.754891 16.782234 15.212891 16.740234 C 15.670891 16.699234 16.690438 16.137687 16.898438 15.554688 C 17.106437 14.971687 17.106922 14.470187 17.044922 14.367188 C 16.982922 14.263188 16.816406 14.201172 16.566406 14.076172 C 16.317406 13.951172 15.090328 13.348625 14.861328 13.265625 C 14.632328 13.182625 14.464828 13.140625 14.298828 13.390625 C 14.132828 13.640625 13.655766 14.201187 13.509766 14.367188 C 13.363766 14.534188 13.21875 14.556641 12.96875 14.431641 C 12.71875 14.305641 11.914938 14.041406 10.960938 13.191406 C 10.218937 12.530406 9.7182656 11.714844 9.5722656 11.464844 C 9.4272656 11.215844 9.5585938 11.079078 9.6835938 10.955078 C 9.7955938 10.843078 9.9316406 10.663578 10.056641 10.517578 C 10.180641 10.371578 10.223641 10.267562 10.306641 10.101562 C 10.389641 9.9355625 10.347156 9.7890625 10.285156 9.6640625 C 10.223156 9.5390625 9.737625 8.3065 9.515625 7.8125 C 9.328625 7.3975 9.131125 7.3878594 8.953125 7.3808594 C 8.808125 7.3748594 8.6425625 7.375 8.4765625 7.375 z\"><\/path><\/svg><span class=\"wp-block-social-link-label screen-reader-text\">WhatsApp<\/span><\/a><\/li>\n\n<li class=\"wp-social-link wp-social-link-instagram  wp-block-social-link\"><a href=\"https:\/\/www.instagram.com\/radiosisal97.3\/profilecard\/?igsh=MWo1azd5aXNvN2hmcQ==\" class=\"wp-block-social-link-anchor\"><svg width=\"24\" height=\"24\" viewBox=\"0 0 24 24\" version=\"1.1\" xmlns=\"http:\/\/www.w3.org\/2000\/svg\" aria-hidden=\"true\" focusable=\"false\"><path d=\"M12,4.622c2.403,0,2.688,0.009,3.637,0.052c0.877,0.04,1.354,0.187,1.671,0.31c0.42,0.163,0.72,0.358,1.035,0.673 c0.315,0.315,0.51,0.615,0.673,1.035c0.123,0.317,0.27,0.794,0.31,1.671c0.043,0.949,0.052,1.234,0.052,3.637 s-0.009,2.688-0.052,3.637c-0.04,0.877-0.187,1.354-0.31,1.671c-0.163,0.42-0.358,0.72-0.673,1.035 c-0.315,0.315-0.615,0.51-1.035,0.673c-0.317,0.123-0.794,0.27-1.671,0.31c-0.949,0.043-1.233,0.052-3.637,0.052 s-2.688-0.009-3.637-0.052c-0.877-0.04-1.354-0.187-1.671-0.31c-0.42-0.163-0.72-0.358-1.035-0.673 c-0.315-0.315-0.51-0.615-0.673-1.035c-0.123-0.317-0.27-0.794-0.31-1.671C4.631,14.688,4.622,14.403,4.622,12 s0.009-2.688,0.052-3.637c0.04-0.877,0.187-1.354,0.31-1.671c0.163-0.42,0.358-0.72,0.673-1.035 c0.315-0.315,0.615-0.51,1.035-0.673c0.317-0.123,0.794-0.27,1.671-0.31C9.312,4.631,9.597,4.622,12,4.622 M12,3 C9.556,3,9.249,3.01,8.289,3.054C7.331,3.098,6.677,3.25,6.105,3.472C5.513,3.702,5.011,4.01,4.511,4.511 c-0.5,0.5-0.808,1.002-1.038,1.594C3.25,6.677,3.098,7.331,3.054,8.289C3.01,9.249,3,9.556,3,12c0,2.444,0.01,2.751,0.054,3.711 c0.044,0.958,0.196,1.612,0.418,2.185c0.23,0.592,0.538,1.094,1.038,1.594c0.5,0.5,1.002,0.808,1.594,1.038 c0.572,0.222,1.227,0.375,2.185,0.418C9.249,20.99,9.556,21,12,21s2.751-0.01,3.711-0.054c0.958-0.044,1.612-0.196,2.185-0.418 c0.592-0.23,1.094-0.538,1.594-1.038c0.5-0.5,0.808-1.002,1.038-1.594c0.222-0.572,0.375-1.227,0.418-2.185 C20.99,14.751,21,14.444,21,12s-0.01-2.751-0.054-3.711c-0.044-0.958-0.196-1.612-0.418-2.185c-0.23-0.592-0.538-1.094-1.038-1.594 c-0.5-0.5-1.002-0.808-1.594-1.038c-0.572-0.222-1.227-0.375-2.185-0.418C14.751,3.01,14.444,3,12,3L12,3z M12,7.378 c-2.552,0-4.622,2.069-4.622,4.622S9.448,16.622,12,16.622s4.622-2.069,4.622-4.622S14.552,7.378,12,7.378z M12,15 c-1.657,0-3-1.343-3-3s1.343-3,3-3s3,1.343,3,3S13.657,15,12,15z M16.804,6.116c-0.596,0-1.08,0.484-1.08,1.08 s0.484,1.08,1.08,1.08c0.596,0,1.08-0.484,1.08-1.08S17.401,6.116,16.804,6.116z\"><\/path><\/svg><span class=\"wp-block-social-link-label screen-reader-text\">Instagram<\/span><\/a><\/li><\/ul>\n","protected":false},"excerpt":{"rendered":"<p>Das mais de 6,3 milh\u00f5es de doses distribu\u00eddas, 3,2 foram aplicadas. Um ano ap\u00f3s o in\u00edcio da vacina\u00e7\u00e3o contra a dengue no Sistema \u00danico de Sa\u00fade (SUS), a procura pelo imunizante no pa\u00eds est\u00e1&nbsp;bem abaixo do esperado. De fevereiro de 2024 a janeiro de 2025, 6.370.966 doses foram distribu\u00eddas. A Rede Nacional de Dados em [&hellip;]<\/p>\n","protected":false},"author":2,"featured_media":6442,"comment_status":"open","ping_status":"open","sticky":false,"template":"","format":"standard","meta":{"footnotes":""},"categories":[1],"tags":[],"class_list":["post-6440","post","type-post","status-publish","format-standard","has-post-thumbnail","hentry","category-geral"],"jetpack_sharing_enabled":true,"jetpack_featured_media_url":"https:\/\/i0.wp.com\/radiosisal.com\/br\/wp-content\/uploads\/2025\/02\/img_9371-1.webp?fit=1170%2C700&ssl=1","_links":{"self":[{"href":"https:\/\/radiosisal.com\/br\/wp-json\/wp\/v2\/posts\/6440","targetHints":{"allow":["GET"]}}],"collection":[{"href":"https:\/\/radiosisal.com\/br\/wp-json\/wp\/v2\/posts"}],"about":[{"href":"https:\/\/radiosisal.com\/br\/wp-json\/wp\/v2\/types\/post"}],"author":[{"embeddable":true,"href":"https:\/\/radiosisal.com\/br\/wp-json\/wp\/v2\/users\/2"}],"replies":[{"embeddable":true,"href":"https:\/\/radiosisal.com\/br\/wp-json\/wp\/v2\/comments?post=6440"}],"version-history":[{"count":2,"href":"https:\/\/radiosisal.com\/br\/wp-json\/wp\/v2\/posts\/6440\/revisions"}],"predecessor-version":[{"id":6443,"href":"https:\/\/radiosisal.com\/br\/wp-json\/wp\/v2\/posts\/6440\/revisions\/6443"}],"wp:featuredmedia":[{"embeddable":true,"href":"https:\/\/radiosisal.com\/br\/wp-json\/wp\/v2\/media\/6442"}],"wp:attachment":[{"href":"https:\/\/radiosisal.com\/br\/wp-json\/wp\/v2\/media?parent=6440"}],"wp:term":[{"taxonomy":"category","embeddable":true,"href":"https:\/\/radiosisal.com\/br\/wp-json\/wp\/v2\/categories?post=6440"},{"taxonomy":"post_tag","embeddable":true,"href":"https:\/\/radiosisal.com\/br\/wp-json\/wp\/v2\/tags?post=6440"}],"curies":[{"name":"wp","href":"https:\/\/api.w.org\/{rel}","templated":true}]}}