{"id":645,"date":"2024-01-01T18:32:46","date_gmt":"2024-01-01T18:32:46","guid":{"rendered":"https:\/\/radiosisal.com\/br\/?p=645"},"modified":"2024-01-01T18:32:48","modified_gmt":"2024-01-01T18:32:48","slug":"duas-pessoas-ficam-feridas-em-3a-colisao-entre-motos-na-regiao-sisaleira-em-48-horas","status":"publish","type":"post","link":"https:\/\/radiosisal.com\/br\/2024\/01\/01\/duas-pessoas-ficam-feridas-em-3a-colisao-entre-motos-na-regiao-sisaleira-em-48-horas\/","title":{"rendered":"Duas pessoas ficam feridas em 3\u00aa colis\u00e3o entre motos na regi\u00e3o sisaleira em 48 horas"},"content":{"rendered":"\n<p>Duas pessoas ficaram feridas ap\u00f3s uma colis\u00e3o entre duas motocicletas na zona rural de&nbsp;<a href=\"https:\/\/www.bahianoticias.com.br\/tags\/concei%C3%A7%C3%A3o-do-coit%C3%A9\" target=\"_blank\" rel=\"noreferrer noopener\"><strong>Concei\u00e7\u00e3o do Coit\u00e9<\/strong><\/a>, na regi\u00e3o sisaleira, neste domingo (31). Segundo o&nbsp;<a href=\"https:\/\/www.calilanoticias.com\/2023\/12\/homem-morre-em-consequencia-de-colisao-de-motos-na-br-324\" target=\"_blank\" rel=\"noreferrer noopener\"><strong>Calila Not\u00edcias<\/strong><\/a>, parceiro do Bahia Not\u00edcias, este foi o terceiro acidente com motocicletas na regi\u00e3o em dois dias.<\/p>\n\n\n\n<p>Na noite da \u00faltima sexta-feira (29)&nbsp;<a href=\"https:\/\/www.bahianoticias.com.br\/municipios\/noticia\/37489-dois-morrem-em-batida-entre-duas-motocicletas-na-regiao-sisaleira\" target=\"_blank\" rel=\"noreferrer noopener\"><strong>dois motociclistas morreram em um trecho urbano da BA-120 em Retirol\u00e2ndia<\/strong><\/a>. No s\u00e1bado (30), um homem foi a \u00f3bito ap\u00f3s ficar internado depois de uma batida entre motocicletas.<\/p>\n\n\n\n<p>No acidente deste domingo, ocorrido na estrada vicinal que d\u00e1 acesso ao Povoado Boa Vista os dois feridos foram socorridos pelo Samu e depois levados para o Hospital Portugu\u00eas \u2013 Unidade Regional de Concei\u00e7\u00e3o do Coit\u00e9. Um dos feridos, Renan Oliveira dos Santos, de 30 anos, sofreu fraturas na face, al\u00e9m de outros ferimentos.<\/p>\n\n\n\n<p>O estado de sa\u00fade dele foi considerado grave. N\u00e3o h\u00e1 mais informa\u00e7\u00f5es sobre o estado de sa\u00fade dele e da outra pessoa ferida.\u00a0<\/p>\n\n\n\n<p><em><strong>Por\u00a0Reda\u00e7\u00e3o<\/strong> <strong>www.bahianoticias.com.br<\/strong><\/em><\/p>\n","protected":false},"excerpt":{"rendered":"<p>Duas pessoas ficaram feridas ap\u00f3s uma colis\u00e3o entre duas motocicletas na zona rural de&nbsp;Concei\u00e7\u00e3o do Coit\u00e9, na regi\u00e3o sisaleira, neste domingo (31). Segundo o&nbsp;Calila Not\u00edcias, parceiro do Bahia Not\u00edcias, este foi o terceiro acidente com motocicletas na regi\u00e3o em dois dias. Na noite da \u00faltima sexta-feira (29)&nbsp;dois motociclistas morreram em um trecho urbano da BA-120 [&hellip;]<\/p>\n","protected":false},"author":2,"featured_media":646,"comment_status":"open","ping_status":"open","sticky":false,"template":"","format":"standard","meta":{"footnotes":""},"categories":[27],"tags":[],"class_list":["post-645","post","type-post","status-publish","format-standard","has-post-thumbnail","hentry","category-transito"],"jetpack_sharing_enabled":true,"jetpack_featured_media_url":"https:\/\/i0.wp.com\/radiosisal.com\/br\/wp-content\/uploads\/2024\/01\/IMAGEM_NOTICIA_9-1.webp?fit=1200%2C630&ssl=1","_links":{"self":[{"href":"https:\/\/radiosisal.com\/br\/wp-json\/wp\/v2\/posts\/645","targetHints":{"allow":["GET"]}}],"collection":[{"href":"https:\/\/radiosisal.com\/br\/wp-json\/wp\/v2\/posts"}],"about":[{"href":"https:\/\/radiosisal.com\/br\/wp-json\/wp\/v2\/types\/post"}],"author":[{"embeddable":true,"href":"https:\/\/radiosisal.com\/br\/wp-json\/wp\/v2\/users\/2"}],"replies":[{"embeddable":true,"href":"https:\/\/radiosisal.com\/br\/wp-json\/wp\/v2\/comments?post=645"}],"version-history":[{"count":1,"href":"https:\/\/radiosisal.com\/br\/wp-json\/wp\/v2\/posts\/645\/revisions"}],"predecessor-version":[{"id":647,"href":"https:\/\/radiosisal.com\/br\/wp-json\/wp\/v2\/posts\/645\/revisions\/647"}],"wp:featuredmedia":[{"embeddable":true,"href":"https:\/\/radiosisal.com\/br\/wp-json\/wp\/v2\/media\/646"}],"wp:attachment":[{"href":"https:\/\/radiosisal.com\/br\/wp-json\/wp\/v2\/media?parent=645"}],"wp:term":[{"taxonomy":"category","embeddable":true,"href":"https:\/\/radiosisal.com\/br\/wp-json\/wp\/v2\/categories?post=645"},{"taxonomy":"post_tag","embeddable":true,"href":"https:\/\/radiosisal.com\/br\/wp-json\/wp\/v2\/tags?post=645"}],"curies":[{"name":"wp","href":"https:\/\/api.w.org\/{rel}","templated":true}]}}