{"id":6454,"date":"2025-02-11T10:07:09","date_gmt":"2025-02-11T10:07:09","guid":{"rendered":"https:\/\/radiosisal.com\/br\/?p=6454"},"modified":"2025-02-11T10:07:11","modified_gmt":"2025-02-11T10:07:11","slug":"lula-diz-que-brasil-pode-alfabetizar-80-das-crancas-ate-2030","status":"publish","type":"post","link":"https:\/\/radiosisal.com\/br\/2025\/02\/11\/lula-diz-que-brasil-pode-alfabetizar-80-das-crancas-ate-2030\/","title":{"rendered":"LULA DIZ QUE BRASIL PODE ALFABETIZAR 80% DAS CRAN\u00c7AS AT\u00c9 2030"},"content":{"rendered":"\n<p><\/p>\n\n\n\n<p>Presidente premiou estados e prefeituras que atingiram metas.<\/p>\n\n\n\n<p>O governo federal premiou nesta segunda-feira (10) iniciativas bem-sucedidas de milhares de prefeituras e de secretarias de educa\u00e7\u00e3o dos estados que&nbsp;garantiram o direito \u00e0 alfabetiza\u00e7\u00e3o de crian\u00e7as at\u00e9 o 2\u00ba ano do ensino fundamental. A meta estabelecida em um decreto assinado pelo presidente Luiz In\u00e1cio Lula da Silva, ainda em 2023, \u00e9 de chegar at\u00e9 2030 com 80% das crian\u00e7as entre 7 e 8 anos de idade alfabetizadas.<img decoding=\"async\" src=\"https:\/\/i0.wp.com\/agenciabrasil.ebc.com.br\/ebc.png?w=1170&#038;ssl=1\" data-recalc-dims=\"1\"><img decoding=\"async\" src=\"https:\/\/i0.wp.com\/agenciabrasil.ebc.com.br\/ebc.gif?w=1170&#038;ssl=1\" data-recalc-dims=\"1\"><\/p>\n\n\n\n<p>Trata-se do Compromisso Nacional Crian\u00e7a Alfabetizada (CNCA), que envolve esfor\u00e7os coordenados de estados, munic\u00edpios e da Uni\u00e3o. &nbsp;<\/p>\n\n\n\n<blockquote class=\"wp-block-quote is-layout-flow wp-block-quote-is-layout-flow\">\n<p>&#8220;A gente fez um acordo com os 27 governadores de estado, com os quase 6 mil prefeitos desse pa\u00eds, para que a gente fizesse um desafio a n\u00f3s mesmos, que \u00e9 chegar at\u00e9 2030 com 80% das crian\u00e7as alfabetizadas at\u00e9 o 2\u00ba ano. \u00c9 este o compromisso que precisamos assumir diante do futuro desse pa\u00eds, que n\u00e3o pode mais atravessar um outro s\u00e9culo sendo eternamente um pa\u00eds em via de desenvolvimento. T\u00e1 na hora de a&nbsp;gente ser um pa\u00eds desenvolvido. E a gente nunca ser\u00e1 desenvolvido se a gente n\u00e3o apostar na educa\u00e7\u00e3o&#8221;, afirmou o presidente, durante a cerim\u00f4nia de entrega do Pr\u00eamio Selo Nacional Compromisso com a Alfabetiza\u00e7\u00e3o, em Bras\u00edlia. O evento reuniu ministros, parlamentares, governadores e centenas de prefeitos.<\/p>\n<\/blockquote>\n\n\n\n<p>Para avaliar as a\u00e7\u00f5es, o Minist\u00e9rio da Educa\u00e7\u00e3o (MEC) instituiu uma comiss\u00e3o respons\u00e1vel pela an\u00e1lise das iniciativas educacionais de estados e prefeituras, bem como um processo de classifica\u00e7\u00e3o. Para as unidades da Federa\u00e7\u00e3o, foram estabelecidos 21 par\u00e2metros. Para os munic\u00edpios, foram 20 par\u00e2metros. Todos organizados em cinco dimens\u00f5es: a\u00e7\u00f5es de integra\u00e7\u00e3o; institucionaliza\u00e7\u00e3o da pol\u00edtica de alfabetiza\u00e7\u00e3o no territ\u00f3rio; implementa\u00e7\u00e3o da pol\u00edtica de alfabetiza\u00e7\u00e3o; a\u00e7\u00f5es de forma\u00e7\u00e3o docente e distribui\u00e7\u00e3o de material did\u00e1tico.<\/p>\n\n\n\n<p>De acordo com o Sistema de Avalia\u00e7\u00e3o da Educa\u00e7\u00e3o B\u00e1sica (Saeb) do MEC, s\u00e3o consideradas alfabetizadas as crian\u00e7as que se tornam aptas a ler palavras, frases e pequenos textos; localizar informa\u00e7\u00f5es na superf\u00edcie textual; escrever ortograficamente palavras com regularidades diretas entre fonemas e letras e escrever textos que circulam na vida cotidiana, ainda que com desvios ortogr\u00e1ficos e de segmenta\u00e7\u00e3o.<\/p>\n\n\n\n<h2 class=\"wp-block-heading\">Reconhecimento<\/h2>\n\n\n\n<p>Ao todo, 4.187 munic\u00edpios receberam o selo, sendo 2.592 na categoria Ouro, 1.062 na categoria Prata e 533 na categoria Bronze. Foram contemplados com o Selo Ouro os estados do Cear\u00e1, do Esp\u00edrito Santo, de Goi\u00e1s, do Mato Grosso, do Mato Grosso do Sul, de Minas Gerais, do Par\u00e1, do Paran\u00e1, de Pernambuco, do Piau\u00ed, do Rio Grande do Norte, de Rond\u00f4nia e do Tocantins, al\u00e9m do Distrito Federal.<\/p>\n\n\n\n<p>O Selo Prata ser\u00e1 entregue para os estados do Acre, do Amap\u00e1, do Amazonas, da Bahia, do Maranh\u00e3o, da Para\u00edba, de Santa Catarina, de S\u00e3o Paulo e de Sergipe. J\u00e1 o Selo Bronze ir\u00e1 para Alagoas, Rio de Janeiro e Rio Grande do Sul. &nbsp;<\/p>\n\n\n\n<p>&#8220;N\u00f3s n\u00e3o acreditamos em pol\u00edtica p\u00fablica que seja de cima para baixo. N\u00f3s acreditamos se ela for constru\u00edda de baixo para cima&#8221;, destacou o ministro da Educa\u00e7\u00e3o, Camilo Santana.<\/p>\n\n\n\n<p>&#8220;Quando uma crian\u00e7a n\u00e3o aprende a ler e a escrever ao final do 2\u00ba ano, compromete todos os anos escolares dessa crian\u00e7a. Aumenta a distor\u00e7\u00e3o idade e s\u00e9rie, aumenta a reprova\u00e7\u00e3o, aumenta o abandono, e a gente chega, no ensino m\u00e9dio com quase, meio milh\u00e3o de jovens abandonando a escola. Estamos reconhecendo os processos, os esfor\u00e7os e iniciativas de cada munic\u00edpio e cada estado aqui representados. S\u00e3o 2.592 e 14 estados do Brasil que est\u00e3o sendo reconhecidos com o Selo Ouro da educa\u00e7\u00e3o&#8221;, acrescentou Santana.<\/p>\n\n\n\n<p>Segundo o ministro, o pa\u00eds tem evolu\u00eddo na busca da meta. &#8220;Sa\u00edmos de 36% e chegamos a 56% das crian\u00e7as alfabetizadas. Temos uma meta de chegar at\u00e9 2030 a pelo menos 80%, mas acredito que vamos atingi-la antes&#8221;.<\/p>\n\n\n\n<h2 class=\"wp-block-heading\">Encontro com prefeitos<\/h2>\n\n\n\n<p>O presidente Lula tamb\u00e9m \u00e9 presen\u00e7a confirmada na abertura do&nbsp;<a href=\"https:\/\/agenciabrasil.ebc.com.br\/economia\/noticia\/2025-02\/prefeitos-irao-se-reunir-em-brasilia-partir-de-amanha\" target=\"_blank\" rel=\"noreferrer noopener\">Encontro Nacional de Prefeitos e Prefeitas<\/a>, nesta ter\u00e7a-feira (11) pela manh\u00e3, em Bras\u00edlia. O encontro prossegue at\u00e9 a pr\u00f3xima quinta-feira (13) e reunir\u00e1 gestores municipais eleitos para o mandato 2025-2028.&nbsp;<\/p>\n\n\n\n<p>Promovido pelo governo federal, o evento tem como meta aproximar minist\u00e9rios e \u00f3rg\u00e3os governamentais dos munic\u00edpios para facilitar o acesso a informa\u00e7\u00f5es essenciais, ferramentas e recursos voltados aos novos gestores.<\/p>\n\n\n\n<p><\/p>\n\n\n\n<p><strong><em>FONTE: <a href=\"https:\/\/agenciabrasil.ebc.com.br\/\">https:\/\/agenciabrasil.ebc.com.br\/<\/a><\/em><\/strong><\/p>\n\n\n\n<ul class=\"wp-block-social-links is-layout-flex wp-block-social-links-is-layout-flex\"><li class=\"wp-social-link wp-social-link-whatsapp  wp-block-social-link\"><a href=\"https:\/\/wa.me\/\/75991238048\" class=\"wp-block-social-link-anchor\"><svg width=\"24\" height=\"24\" viewBox=\"0 0 24 24\" version=\"1.1\" xmlns=\"http:\/\/www.w3.org\/2000\/svg\" aria-hidden=\"true\" focusable=\"false\"><path d=\"M 12.011719 2 C 6.5057187 2 2.0234844 6.478375 2.0214844 11.984375 C 2.0204844 13.744375 2.4814687 15.462563 3.3554688 16.976562 L 2 22 L 7.2324219 20.763672 C 8.6914219 21.559672 10.333859 21.977516 12.005859 21.978516 L 12.009766 21.978516 C 17.514766 21.978516 21.995047 17.499141 21.998047 11.994141 C 22.000047 9.3251406 20.962172 6.8157344 19.076172 4.9277344 C 17.190172 3.0407344 14.683719 2.001 12.011719 2 z M 12.009766 4 C 14.145766 4.001 16.153109 4.8337969 17.662109 6.3417969 C 19.171109 7.8517969 20.000047 9.8581875 19.998047 11.992188 C 19.996047 16.396187 16.413812 19.978516 12.007812 19.978516 C 10.674812 19.977516 9.3544062 19.642812 8.1914062 19.007812 L 7.5175781 18.640625 L 6.7734375 18.816406 L 4.8046875 19.28125 L 5.2851562 17.496094 L 5.5019531 16.695312 L 5.0878906 15.976562 C 4.3898906 14.768562 4.0204844 13.387375 4.0214844 11.984375 C 4.0234844 7.582375 7.6067656 4 12.009766 4 z M 8.4765625 7.375 C 8.3095625 7.375 8.0395469 7.4375 7.8105469 7.6875 C 7.5815469 7.9365 6.9355469 8.5395781 6.9355469 9.7675781 C 6.9355469 10.995578 7.8300781 12.182609 7.9550781 12.349609 C 8.0790781 12.515609 9.68175 15.115234 12.21875 16.115234 C 14.32675 16.946234 14.754891 16.782234 15.212891 16.740234 C 15.670891 16.699234 16.690438 16.137687 16.898438 15.554688 C 17.106437 14.971687 17.106922 14.470187 17.044922 14.367188 C 16.982922 14.263188 16.816406 14.201172 16.566406 14.076172 C 16.317406 13.951172 15.090328 13.348625 14.861328 13.265625 C 14.632328 13.182625 14.464828 13.140625 14.298828 13.390625 C 14.132828 13.640625 13.655766 14.201187 13.509766 14.367188 C 13.363766 14.534188 13.21875 14.556641 12.96875 14.431641 C 12.71875 14.305641 11.914938 14.041406 10.960938 13.191406 C 10.218937 12.530406 9.7182656 11.714844 9.5722656 11.464844 C 9.4272656 11.215844 9.5585938 11.079078 9.6835938 10.955078 C 9.7955938 10.843078 9.9316406 10.663578 10.056641 10.517578 C 10.180641 10.371578 10.223641 10.267562 10.306641 10.101562 C 10.389641 9.9355625 10.347156 9.7890625 10.285156 9.6640625 C 10.223156 9.5390625 9.737625 8.3065 9.515625 7.8125 C 9.328625 7.3975 9.131125 7.3878594 8.953125 7.3808594 C 8.808125 7.3748594 8.6425625 7.375 8.4765625 7.375 z\"><\/path><\/svg><span class=\"wp-block-social-link-label screen-reader-text\">WhatsApp<\/span><\/a><\/li>\n\n<li class=\"wp-social-link wp-social-link-instagram  wp-block-social-link\"><a href=\"https:\/\/www.instagram.com\/radiosisal97.3\/profilecard\/?igsh=MWo1azd5aXNvN2hmcQ==\" class=\"wp-block-social-link-anchor\"><svg width=\"24\" height=\"24\" viewBox=\"0 0 24 24\" version=\"1.1\" xmlns=\"http:\/\/www.w3.org\/2000\/svg\" aria-hidden=\"true\" focusable=\"false\"><path d=\"M12,4.622c2.403,0,2.688,0.009,3.637,0.052c0.877,0.04,1.354,0.187,1.671,0.31c0.42,0.163,0.72,0.358,1.035,0.673 c0.315,0.315,0.51,0.615,0.673,1.035c0.123,0.317,0.27,0.794,0.31,1.671c0.043,0.949,0.052,1.234,0.052,3.637 s-0.009,2.688-0.052,3.637c-0.04,0.877-0.187,1.354-0.31,1.671c-0.163,0.42-0.358,0.72-0.673,1.035 c-0.315,0.315-0.615,0.51-1.035,0.673c-0.317,0.123-0.794,0.27-1.671,0.31c-0.949,0.043-1.233,0.052-3.637,0.052 s-2.688-0.009-3.637-0.052c-0.877-0.04-1.354-0.187-1.671-0.31c-0.42-0.163-0.72-0.358-1.035-0.673 c-0.315-0.315-0.51-0.615-0.673-1.035c-0.123-0.317-0.27-0.794-0.31-1.671C4.631,14.688,4.622,14.403,4.622,12 s0.009-2.688,0.052-3.637c0.04-0.877,0.187-1.354,0.31-1.671c0.163-0.42,0.358-0.72,0.673-1.035 c0.315-0.315,0.615-0.51,1.035-0.673c0.317-0.123,0.794-0.27,1.671-0.31C9.312,4.631,9.597,4.622,12,4.622 M12,3 C9.556,3,9.249,3.01,8.289,3.054C7.331,3.098,6.677,3.25,6.105,3.472C5.513,3.702,5.011,4.01,4.511,4.511 c-0.5,0.5-0.808,1.002-1.038,1.594C3.25,6.677,3.098,7.331,3.054,8.289C3.01,9.249,3,9.556,3,12c0,2.444,0.01,2.751,0.054,3.711 c0.044,0.958,0.196,1.612,0.418,2.185c0.23,0.592,0.538,1.094,1.038,1.594c0.5,0.5,1.002,0.808,1.594,1.038 c0.572,0.222,1.227,0.375,2.185,0.418C9.249,20.99,9.556,21,12,21s2.751-0.01,3.711-0.054c0.958-0.044,1.612-0.196,2.185-0.418 c0.592-0.23,1.094-0.538,1.594-1.038c0.5-0.5,0.808-1.002,1.038-1.594c0.222-0.572,0.375-1.227,0.418-2.185 C20.99,14.751,21,14.444,21,12s-0.01-2.751-0.054-3.711c-0.044-0.958-0.196-1.612-0.418-2.185c-0.23-0.592-0.538-1.094-1.038-1.594 c-0.5-0.5-1.002-0.808-1.594-1.038c-0.572-0.222-1.227-0.375-2.185-0.418C14.751,3.01,14.444,3,12,3L12,3z M12,7.378 c-2.552,0-4.622,2.069-4.622,4.622S9.448,16.622,12,16.622s4.622-2.069,4.622-4.622S14.552,7.378,12,7.378z M12,15 c-1.657,0-3-1.343-3-3s1.343-3,3-3s3,1.343,3,3S13.657,15,12,15z M16.804,6.116c-0.596,0-1.08,0.484-1.08,1.08 s0.484,1.08,1.08,1.08c0.596,0,1.08-0.484,1.08-1.08S17.401,6.116,16.804,6.116z\"><\/path><\/svg><span class=\"wp-block-social-link-label screen-reader-text\">Instagram<\/span><\/a><\/li><\/ul>\n\n\n\n<p><\/p>\n","protected":false},"excerpt":{"rendered":"<p>Presidente premiou estados e prefeituras que atingiram metas. O governo federal premiou nesta segunda-feira (10) iniciativas bem-sucedidas de milhares de prefeituras e de secretarias de educa\u00e7\u00e3o dos estados que&nbsp;garantiram o direito \u00e0 alfabetiza\u00e7\u00e3o de crian\u00e7as at\u00e9 o 2\u00ba ano do ensino fundamental. A meta estabelecida em um decreto assinado pelo presidente Luiz In\u00e1cio Lula da [&hellip;]<\/p>\n","protected":false},"author":2,"featured_media":6457,"comment_status":"open","ping_status":"open","sticky":false,"template":"","format":"standard","meta":{"footnotes":""},"categories":[1],"tags":[],"class_list":["post-6454","post","type-post","status-publish","format-standard","has-post-thumbnail","hentry","category-geral"],"jetpack_sharing_enabled":true,"jetpack_featured_media_url":"https:\/\/i0.wp.com\/radiosisal.com\/br\/wp-content\/uploads\/2025\/02\/54319967784_159b1a5b2f_o-1.webp?fit=1170%2C700&ssl=1","_links":{"self":[{"href":"https:\/\/radiosisal.com\/br\/wp-json\/wp\/v2\/posts\/6454","targetHints":{"allow":["GET"]}}],"collection":[{"href":"https:\/\/radiosisal.com\/br\/wp-json\/wp\/v2\/posts"}],"about":[{"href":"https:\/\/radiosisal.com\/br\/wp-json\/wp\/v2\/types\/post"}],"author":[{"embeddable":true,"href":"https:\/\/radiosisal.com\/br\/wp-json\/wp\/v2\/users\/2"}],"replies":[{"embeddable":true,"href":"https:\/\/radiosisal.com\/br\/wp-json\/wp\/v2\/comments?post=6454"}],"version-history":[{"count":2,"href":"https:\/\/radiosisal.com\/br\/wp-json\/wp\/v2\/posts\/6454\/revisions"}],"predecessor-version":[{"id":6458,"href":"https:\/\/radiosisal.com\/br\/wp-json\/wp\/v2\/posts\/6454\/revisions\/6458"}],"wp:featuredmedia":[{"embeddable":true,"href":"https:\/\/radiosisal.com\/br\/wp-json\/wp\/v2\/media\/6457"}],"wp:attachment":[{"href":"https:\/\/radiosisal.com\/br\/wp-json\/wp\/v2\/media?parent=6454"}],"wp:term":[{"taxonomy":"category","embeddable":true,"href":"https:\/\/radiosisal.com\/br\/wp-json\/wp\/v2\/categories?post=6454"},{"taxonomy":"post_tag","embeddable":true,"href":"https:\/\/radiosisal.com\/br\/wp-json\/wp\/v2\/tags?post=6454"}],"curies":[{"name":"wp","href":"https:\/\/api.w.org\/{rel}","templated":true}]}}