{"id":729,"date":"2024-01-08T06:00:00","date_gmt":"2024-01-08T06:00:00","guid":{"rendered":"https:\/\/radiosisal.com\/br\/?p=729"},"modified":"2024-01-07T22:57:15","modified_gmt":"2024-01-07T22:57:15","slug":"729","status":"publish","type":"post","link":"https:\/\/radiosisal.com\/br\/2024\/01\/08\/729\/","title":{"rendered":""},"content":{"rendered":"\n<h2 class=\"wp-block-heading\">Homem fica ferido ap\u00f3s colidir moto no fundo de carro na BA 409<\/h2>\n\n\n\n<p><\/p>\n\n\n\n<p>Um homem identificado como Sivaldo Ara\u00fajo Santana, 34 anos, ficou ferido ap\u00f3s se envolver em um acidente na rodovia BA 409, trecho que liga Concei\u00e7\u00e3o do Coit\u00e9 a Serrinha, mais precisamente pr\u00f3ximo a base do Servi\u00e7o de Atendimento M\u00f3vel de Urg\u00eancia (SAMU) no Bairro Cidade Jardim.<\/p>\n\n\n\n<p>Segundo Gildo Carneiro coordenador e motorista do \u00c1guia Resgate, projeto de socorristas volunt\u00e1rios de Coit\u00e9, a equipe foi acionada \u00e0s 17h16 e ao chegar no local o SAMU tinha acabado de chegar e um socorrista de sua equipe ajudou no socorro a v\u00edtima que foi encontrada ca\u00edda na pista, incosciente e desorientada, apresentando sangramento nasal e escoria\u00e7\u00f5es pelo corpo.Ainda de acordo com Gildo, Sivaldo pilotava uma motocicleta de dados ignorados, quando muito provavelmente n\u00e3o percebeu a redu\u00e7\u00e3o do carro para passar no quebra-mola, acabou colidindo no fundo. N\u00e3o foi informado os dados do carro e nem a identidade do motorista.<\/p>\n\n\n\n<figure class=\"wp-block-image size-full\"><img loading=\"lazy\" decoding=\"async\" width=\"750\" height=\"738\" src=\"https:\/\/i0.wp.com\/radiosisal.com\/br\/wp-content\/uploads\/2024\/01\/image-6.png?resize=750%2C738&#038;ssl=1\" alt=\"\" class=\"wp-image-730\" srcset=\"https:\/\/i0.wp.com\/radiosisal.com\/br\/wp-content\/uploads\/2024\/01\/image-6.png?w=750&amp;ssl=1 750w, https:\/\/i0.wp.com\/radiosisal.com\/br\/wp-content\/uploads\/2024\/01\/image-6.png?resize=300%2C295&amp;ssl=1 300w\" sizes=\"auto, (max-width: 750px) 100vw, 750px\" data-recalc-dims=\"1\" \/><\/figure>\n\n\n\n<p>O homem foi levado pela ambul\u00e2ncia do SAMU para emerg\u00eancia do Hospital Portugu\u00eas \u2013 Unidade Regional de Coit\u00e9.<\/p>\n\n\n\n<p><strong><em>Por&nbsp;<a href=\"https:\/\/www.calilanoticias.com\/author\/raimundo\">Reda\u00e7\u00e3o CN<\/a><\/em><\/strong><\/p>\n","protected":false},"excerpt":{"rendered":"<p>Homem fica ferido ap\u00f3s colidir moto no fundo de carro na BA 409 Um homem identificado como Sivaldo Ara\u00fajo Santana, 34 anos, ficou ferido ap\u00f3s se envolver em um acidente na rodovia BA 409, trecho que liga Concei\u00e7\u00e3o do Coit\u00e9 a Serrinha, mais precisamente pr\u00f3ximo a base do Servi\u00e7o de Atendimento M\u00f3vel de Urg\u00eancia (SAMU) [&hellip;]<\/p>\n","protected":false},"author":2,"featured_media":731,"comment_status":"open","ping_status":"open","sticky":false,"template":"","format":"standard","meta":{"footnotes":""},"categories":[27],"tags":[],"class_list":["post-729","post","type-post","status-publish","format-standard","has-post-thumbnail","hentry","category-transito"],"jetpack_sharing_enabled":true,"jetpack_featured_media_url":"https:\/\/i0.wp.com\/radiosisal.com\/br\/wp-content\/uploads\/2024\/01\/WhatsApp-Image-2024-01-07-at-17.43.52.webp?fit=750%2C375&ssl=1","_links":{"self":[{"href":"https:\/\/radiosisal.com\/br\/wp-json\/wp\/v2\/posts\/729","targetHints":{"allow":["GET"]}}],"collection":[{"href":"https:\/\/radiosisal.com\/br\/wp-json\/wp\/v2\/posts"}],"about":[{"href":"https:\/\/radiosisal.com\/br\/wp-json\/wp\/v2\/types\/post"}],"author":[{"embeddable":true,"href":"https:\/\/radiosisal.com\/br\/wp-json\/wp\/v2\/users\/2"}],"replies":[{"embeddable":true,"href":"https:\/\/radiosisal.com\/br\/wp-json\/wp\/v2\/comments?post=729"}],"version-history":[{"count":2,"href":"https:\/\/radiosisal.com\/br\/wp-json\/wp\/v2\/posts\/729\/revisions"}],"predecessor-version":[{"id":734,"href":"https:\/\/radiosisal.com\/br\/wp-json\/wp\/v2\/posts\/729\/revisions\/734"}],"wp:featuredmedia":[{"embeddable":true,"href":"https:\/\/radiosisal.com\/br\/wp-json\/wp\/v2\/media\/731"}],"wp:attachment":[{"href":"https:\/\/radiosisal.com\/br\/wp-json\/wp\/v2\/media?parent=729"}],"wp:term":[{"taxonomy":"category","embeddable":true,"href":"https:\/\/radiosisal.com\/br\/wp-json\/wp\/v2\/categories?post=729"},{"taxonomy":"post_tag","embeddable":true,"href":"https:\/\/radiosisal.com\/br\/wp-json\/wp\/v2\/tags?post=729"}],"curies":[{"name":"wp","href":"https:\/\/api.w.org\/{rel}","templated":true}]}}