{"id":751,"date":"2024-01-08T21:23:56","date_gmt":"2024-01-08T21:23:56","guid":{"rendered":"https:\/\/radiosisal.com\/br\/?p=751"},"modified":"2024-01-08T21:27:12","modified_gmt":"2024-01-08T21:27:12","slug":"prefeitura-de-jacobina-organiza-velorio-coletivo-e-decreta-luto-oficial-apos-acidente-na-br-324","status":"publish","type":"post","link":"https:\/\/radiosisal.com\/br\/2024\/01\/08\/prefeitura-de-jacobina-organiza-velorio-coletivo-e-decreta-luto-oficial-apos-acidente-na-br-324\/","title":{"rendered":"Prefeitura de Jacobina organiza vel\u00f3rio coletivo e decreta luto oficial ap\u00f3s acidente na BR-324"},"content":{"rendered":"\n<p>A Prefeitura de Jacobina, munic\u00edpio na regi\u00e3o norte do estado, anunciou, nesta segunda-feira (08), a organiza\u00e7\u00e3o de um vel\u00f3rio coletivo e o decreto de luto oficial ap\u00f3s&nbsp;<a href=\"https:\/\/www.bahianoticias.com.br\/municipios\/noticia\/37590-mais-de-20-pessoas-morrem-em-acidente-na-regiao-norte-da-bahia\"><strong>a morte de 25 pessoas na BR-324 em um acidente envolvendo um \u00f4nibus de turismo e um caminh\u00e3o.<\/strong><\/a>&nbsp;Outras sete pessoas ficaram feridas.&nbsp;<\/p>\n\n\n\n<p>Segundo informa\u00e7\u00f5es do G1, a\u00a0colis\u00e3o frontal entre os ve\u00edculos ocorreu na noite de domingo (07). Entre as v\u00edtimas est\u00e3o 21 passageiros do \u00f4nibus e tr\u00eas ocupantes do caminh\u00e3o. Outras seis pessoas ficaram feridas e foram encaminhadas para unidades de sa\u00fade.<\/p>\n\n\n\n<p>Em nota, a Prefeitura de Jacobina lamentou as v\u00edtimas do acidente. O vel\u00f3rio ser\u00e1 realizado no gin\u00e1sio de esportes municipal, no entanto n\u00e3o h\u00e1 previs\u00e3o de data e hor\u00e1rio. O munic\u00edpio informou ainda que est\u00e1 em tr\u00e2mites para agilizar a libera\u00e7\u00e3o e transfer\u00eancia dos corpos para Jacobina.<\/p>\n\n\n\n<p>Os corpos das v\u00edtimas foram levados para os Departamentos de Pol\u00edcia T\u00e9cnica (DPTs) das cidades de Jacobina, Euclides da Cunha, Juazeiro e Senhor do Bonfim. A Pol\u00edcia Rodovi\u00e1ria Federal (PRF) investiga as causas do acidente.<\/p>\n\n\n\n<p><strong><em>Por&nbsp;Reda\u00e7\u00e3o bahianoticias.com.br<\/em><\/strong><\/p>\n","protected":false},"excerpt":{"rendered":"<p>A Prefeitura de Jacobina, munic\u00edpio na regi\u00e3o norte do estado, anunciou, nesta segunda-feira (08), a organiza\u00e7\u00e3o de um vel\u00f3rio coletivo e o decreto de luto oficial ap\u00f3s&nbsp;a morte de 25 pessoas na BR-324 em um acidente envolvendo um \u00f4nibus de turismo e um caminh\u00e3o.&nbsp;Outras sete pessoas ficaram feridas.&nbsp; Segundo informa\u00e7\u00f5es do G1, a\u00a0colis\u00e3o frontal entre [&hellip;]<\/p>\n","protected":false},"author":2,"featured_media":752,"comment_status":"open","ping_status":"open","sticky":false,"template":"","format":"standard","meta":{"footnotes":""},"categories":[27],"tags":[],"class_list":["post-751","post","type-post","status-publish","format-standard","has-post-thumbnail","hentry","category-transito"],"jetpack_sharing_enabled":true,"jetpack_featured_media_url":"https:\/\/i0.wp.com\/radiosisal.com\/br\/wp-content\/uploads\/2024\/01\/IMAGEM_NOTICIA_9-3.webp?fit=1200%2C630&ssl=1","_links":{"self":[{"href":"https:\/\/radiosisal.com\/br\/wp-json\/wp\/v2\/posts\/751","targetHints":{"allow":["GET"]}}],"collection":[{"href":"https:\/\/radiosisal.com\/br\/wp-json\/wp\/v2\/posts"}],"about":[{"href":"https:\/\/radiosisal.com\/br\/wp-json\/wp\/v2\/types\/post"}],"author":[{"embeddable":true,"href":"https:\/\/radiosisal.com\/br\/wp-json\/wp\/v2\/users\/2"}],"replies":[{"embeddable":true,"href":"https:\/\/radiosisal.com\/br\/wp-json\/wp\/v2\/comments?post=751"}],"version-history":[{"count":2,"href":"https:\/\/radiosisal.com\/br\/wp-json\/wp\/v2\/posts\/751\/revisions"}],"predecessor-version":[{"id":754,"href":"https:\/\/radiosisal.com\/br\/wp-json\/wp\/v2\/posts\/751\/revisions\/754"}],"wp:featuredmedia":[{"embeddable":true,"href":"https:\/\/radiosisal.com\/br\/wp-json\/wp\/v2\/media\/752"}],"wp:attachment":[{"href":"https:\/\/radiosisal.com\/br\/wp-json\/wp\/v2\/media?parent=751"}],"wp:term":[{"taxonomy":"category","embeddable":true,"href":"https:\/\/radiosisal.com\/br\/wp-json\/wp\/v2\/categories?post=751"},{"taxonomy":"post_tag","embeddable":true,"href":"https:\/\/radiosisal.com\/br\/wp-json\/wp\/v2\/tags?post=751"}],"curies":[{"name":"wp","href":"https:\/\/api.w.org\/{rel}","templated":true}]}}