{"id":755,"date":"2024-01-09T20:21:11","date_gmt":"2024-01-09T20:21:11","guid":{"rendered":"https:\/\/radiosisal.com\/br\/?p=755"},"modified":"2024-01-09T20:21:14","modified_gmt":"2024-01-09T20:21:14","slug":"755","status":"publish","type":"post","link":"https:\/\/radiosisal.com\/br\/2024\/01\/09\/755\/","title":{"rendered":""},"content":{"rendered":"\n<h2 class=\"wp-block-heading\">Ambul\u00e2ncia de Cansan\u00e7\u00e3o e motocicleta pegam fogo ap\u00f3s colis\u00e3o na BA-120, entre Santaluz e Queimadas; condutor e carona de moto ficam feridos<\/h2>\n\n\n\n<p><\/p>\n\n\n\n<p>Uma ambul\u00e2ncia de Cansan\u00e7\u00e3o, munic\u00edpio da regi\u00e3o sisaleira da Bahia, e uma moto pegaram fogo e ficaram destru\u00eddas em um acidente na noite de segunda-feira (8), na BA-120, pr\u00f3ximo a Serra do Lajedo, trecho que liga as cidades de Santaluz e Queimadas. Equipes da Guarda Civil Municipal (GCM), da Pol\u00edcia Militar (PM), e do Servi\u00e7o de Atendimento M\u00f3vel de Urg\u00eancia (Samu) atenderam a ocorr\u00eancia, por volta das 22h50.<\/p>\n\n\n\n<figure class=\"wp-block-image size-full\"><img loading=\"lazy\" decoding=\"async\" width=\"500\" height=\"400\" src=\"https:\/\/i0.wp.com\/radiosisal.com\/br\/wp-content\/uploads\/2024\/01\/image-10.png?resize=500%2C400&#038;ssl=1\" alt=\"\" class=\"wp-image-756\" srcset=\"https:\/\/i0.wp.com\/radiosisal.com\/br\/wp-content\/uploads\/2024\/01\/image-10.png?w=500&amp;ssl=1 500w, https:\/\/i0.wp.com\/radiosisal.com\/br\/wp-content\/uploads\/2024\/01\/image-10.png?resize=300%2C240&amp;ssl=1 300w\" sizes=\"auto, (max-width: 500px) 100vw, 500px\" data-recalc-dims=\"1\" \/><figcaption class=\"wp-element-caption\"><em>Foto: GCM Santaluz<\/em><\/figcaption><\/figure>\n\n\n\n<p>Segundo informa\u00e7\u00f5es da GCM, &nbsp;o condutor da ambul\u00e2ncia, Railson Andrade da Silva relatou que avistou uma moto ca\u00edda no meio da pista, mas nao conseguiu evitar a colis\u00e3o. A ambul\u00e2ncia arrastou a moto por mais de 100 metros, e as fa\u00edscas provocadas pelo atrito no asfalto e o combust\u00edvel do tanque da moto causaram um inc\u00eandio, por\u00e9m o condutor e os dois passageiros conseguiram sair a tempo do ve\u00edculo, sem ferimentos.&nbsp;<\/p>\n\n\n\n<p>Ainda segundo a GCM, duas pessoas que estavam na moto foram socorridas pelo Samu e levadas para o hospital de Santaluz. A dupla foi identificada como Augusto de Jesus Santos, 49 anos, e Edilson Silva de Jesus. O condutor da moto disse que se envolveu em outro acidente, momentos antes da colis\u00e3o com a ambul\u00e2ncia, ap\u00f3s ele perder o controle do ve\u00edculo ao ter a vis\u00e3o atrapalhada pelo farol de um carro que seguia na dire\u00e7\u00e3o contr\u00e1ria.&nbsp;<\/p>\n\n\n\n<p>Segundo informa\u00e7\u00f5es apuradas pela nossa reportagem, Augusto foi transferido em estado grave para uma unidade de sa\u00fade em Feira de Santana. J\u00e1 Edilson segue no hospital de Santaluz e aguardava, at\u00e9 as 9h desta ter\u00e7a, transfer\u00eancia via regula\u00e7\u00e3o para outra unidade hospital &#8212; ele sofreu bastante escoria\u00e7\u00f5es pelo corpo, por\u00e9m est\u00e1 orientado e consciente. Eles s\u00e3o do municipio de Nordestina, tamb\u00e9m na regi\u00e3o sisaleira.&nbsp;<\/p>\n\n\n\n<p>&#8220;A Guarni\u00e7\u00e3o prestou apoio ao Samu, organizou e sinalizou a via para evitar novos acidentes, e retirou da pista a ambul\u00e2ncia que ficou totalmente queimada&#8221;, disse a GCM em nota.<\/p>\n\n\n\n<figure class=\"wp-block-image size-full\"><img loading=\"lazy\" decoding=\"async\" width=\"500\" height=\"400\" src=\"https:\/\/i0.wp.com\/radiosisal.com\/br\/wp-content\/uploads\/2024\/01\/image-11.png?resize=500%2C400&#038;ssl=1\" alt=\"\" class=\"wp-image-757\" srcset=\"https:\/\/i0.wp.com\/radiosisal.com\/br\/wp-content\/uploads\/2024\/01\/image-11.png?w=500&amp;ssl=1 500w, https:\/\/i0.wp.com\/radiosisal.com\/br\/wp-content\/uploads\/2024\/01\/image-11.png?resize=300%2C240&amp;ssl=1 300w\" sizes=\"auto, (max-width: 500px) 100vw, 500px\" data-recalc-dims=\"1\" \/><figcaption class=\"wp-element-caption\"><em>Foto: GCM Santaluz<\/em><\/figcaption><\/figure>\n","protected":false},"excerpt":{"rendered":"<p>Ambul\u00e2ncia de Cansan\u00e7\u00e3o e motocicleta pegam fogo ap\u00f3s colis\u00e3o na BA-120, entre Santaluz e Queimadas; condutor e carona de moto ficam feridos Uma ambul\u00e2ncia de Cansan\u00e7\u00e3o, munic\u00edpio da regi\u00e3o sisaleira da Bahia, e uma moto pegaram fogo e ficaram destru\u00eddas em um acidente na noite de segunda-feira (8), na BA-120, pr\u00f3ximo a Serra do Lajedo, [&hellip;]<\/p>\n","protected":false},"author":2,"featured_media":758,"comment_status":"open","ping_status":"open","sticky":false,"template":"","format":"standard","meta":{"footnotes":""},"categories":[27],"tags":[],"class_list":["post-755","post","type-post","status-publish","format-standard","has-post-thumbnail","hentry","category-transito"],"jetpack_sharing_enabled":true,"jetpack_featured_media_url":"https:\/\/i0.wp.com\/radiosisal.com\/br\/wp-content\/uploads\/2024\/01\/1704801347_WhatsApp_Image_2024-01-09_at_08.48.54_1_img_slider_principal.jpg?fit=787%2C459&ssl=1","_links":{"self":[{"href":"https:\/\/radiosisal.com\/br\/wp-json\/wp\/v2\/posts\/755","targetHints":{"allow":["GET"]}}],"collection":[{"href":"https:\/\/radiosisal.com\/br\/wp-json\/wp\/v2\/posts"}],"about":[{"href":"https:\/\/radiosisal.com\/br\/wp-json\/wp\/v2\/types\/post"}],"author":[{"embeddable":true,"href":"https:\/\/radiosisal.com\/br\/wp-json\/wp\/v2\/users\/2"}],"replies":[{"embeddable":true,"href":"https:\/\/radiosisal.com\/br\/wp-json\/wp\/v2\/comments?post=755"}],"version-history":[{"count":1,"href":"https:\/\/radiosisal.com\/br\/wp-json\/wp\/v2\/posts\/755\/revisions"}],"predecessor-version":[{"id":759,"href":"https:\/\/radiosisal.com\/br\/wp-json\/wp\/v2\/posts\/755\/revisions\/759"}],"wp:featuredmedia":[{"embeddable":true,"href":"https:\/\/radiosisal.com\/br\/wp-json\/wp\/v2\/media\/758"}],"wp:attachment":[{"href":"https:\/\/radiosisal.com\/br\/wp-json\/wp\/v2\/media?parent=755"}],"wp:term":[{"taxonomy":"category","embeddable":true,"href":"https:\/\/radiosisal.com\/br\/wp-json\/wp\/v2\/categories?post=755"},{"taxonomy":"post_tag","embeddable":true,"href":"https:\/\/radiosisal.com\/br\/wp-json\/wp\/v2\/tags?post=755"}],"curies":[{"name":"wp","href":"https:\/\/api.w.org\/{rel}","templated":true}]}}