{"id":762,"date":"2024-01-10T10:39:55","date_gmt":"2024-01-10T10:39:55","guid":{"rendered":"https:\/\/radiosisal.com\/br\/?p=762"},"modified":"2024-01-10T10:39:57","modified_gmt":"2024-01-10T10:39:57","slug":"tragedia-em-xique-xique-crianca-morre-ao-ser-atropelado-por-carreta-da-alegria","status":"publish","type":"post","link":"https:\/\/radiosisal.com\/br\/2024\/01\/10\/tragedia-em-xique-xique-crianca-morre-ao-ser-atropelado-por-carreta-da-alegria\/","title":{"rendered":"TRAG\u00c9DIA EM XIQUE-XIQUE: CRIAN\u00c7A MORRE AO SER ATROPELADO POR &#8220;CARRETA DA ALEGRIA&#8221;."},"content":{"rendered":"\n<p><em>Por volta das 20hs desta ter\u00e7a (9), uma crian\u00e7a de 8 anos morreu atropelada pela &#8220;Carreta da Alegria&#8221; em Xique-Xique. Segundo informa\u00e7\u00f5es de populares, Kaique da Gama Leite estava numa bicicleta, segurando a carreta, o ve\u00edculo ao fazer uma curva para entrar na Avenida J.J Seabra, (pra quem vem da esquina do clube da oper\u00e1ria), no momento em que ele se desprendeu, e foi atropelado pela carreta, ele foi levado rapidamente para o Hospital Julieta Viana, mas infelizmente n\u00e3o resistiu e morreu. A pol\u00edcia esteve no local, e vai investigar o ocorrido.<\/em><\/p>\n\n\n\n<p><em>Um comerciante relatou nos grupos de whatsapp que viu a Carreta da Alegria na contram\u00e3o e que avisou ao motorista. &#8220;Nesta ter\u00e7a, essa carreta estava na contram\u00e3o por volta das 19hs, saindo do parque aqu\u00e1tico, sentido Av. J.J Seabra, ela vinha pela esquerda, ao lado da Secretaria de A\u00e7\u00e3o Social. Eu gritei dizendo que alibera contram\u00e3o, mas o motorista deu risadas, tem q saber se o mesmo estava bebendo&#8221;, disse o comerciante Rui.<\/em><\/p>\n\n\n\n<p><strong><em>xiquexiquenoticias.com.br<\/em><\/strong><\/p>\n","protected":false},"excerpt":{"rendered":"<p>Por volta das 20hs desta ter\u00e7a (9), uma crian\u00e7a de 8 anos morreu atropelada pela &#8220;Carreta da Alegria&#8221; em Xique-Xique. Segundo informa\u00e7\u00f5es de populares, Kaique da Gama Leite estava numa bicicleta, segurando a carreta, o ve\u00edculo ao fazer uma curva para entrar na Avenida J.J Seabra, (pra quem vem da esquina do clube da oper\u00e1ria), [&hellip;]<\/p>\n","protected":false},"author":2,"featured_media":763,"comment_status":"open","ping_status":"open","sticky":false,"template":"","format":"standard","meta":{"footnotes":""},"categories":[27],"tags":[],"class_list":["post-762","post","type-post","status-publish","format-standard","has-post-thumbnail","hentry","category-transito"],"jetpack_sharing_enabled":true,"jetpack_featured_media_url":"https:\/\/i0.wp.com\/radiosisal.com\/br\/wp-content\/uploads\/2024\/01\/IMG-20240109-WA1043.jpg?fit=320%2C214&ssl=1","_links":{"self":[{"href":"https:\/\/radiosisal.com\/br\/wp-json\/wp\/v2\/posts\/762","targetHints":{"allow":["GET"]}}],"collection":[{"href":"https:\/\/radiosisal.com\/br\/wp-json\/wp\/v2\/posts"}],"about":[{"href":"https:\/\/radiosisal.com\/br\/wp-json\/wp\/v2\/types\/post"}],"author":[{"embeddable":true,"href":"https:\/\/radiosisal.com\/br\/wp-json\/wp\/v2\/users\/2"}],"replies":[{"embeddable":true,"href":"https:\/\/radiosisal.com\/br\/wp-json\/wp\/v2\/comments?post=762"}],"version-history":[{"count":1,"href":"https:\/\/radiosisal.com\/br\/wp-json\/wp\/v2\/posts\/762\/revisions"}],"predecessor-version":[{"id":764,"href":"https:\/\/radiosisal.com\/br\/wp-json\/wp\/v2\/posts\/762\/revisions\/764"}],"wp:featuredmedia":[{"embeddable":true,"href":"https:\/\/radiosisal.com\/br\/wp-json\/wp\/v2\/media\/763"}],"wp:attachment":[{"href":"https:\/\/radiosisal.com\/br\/wp-json\/wp\/v2\/media?parent=762"}],"wp:term":[{"taxonomy":"category","embeddable":true,"href":"https:\/\/radiosisal.com\/br\/wp-json\/wp\/v2\/categories?post=762"},{"taxonomy":"post_tag","embeddable":true,"href":"https:\/\/radiosisal.com\/br\/wp-json\/wp\/v2\/tags?post=762"}],"curies":[{"name":"wp","href":"https:\/\/api.w.org\/{rel}","templated":true}]}}