{"id":8118,"date":"2025-06-06T12:13:58","date_gmt":"2025-06-06T12:13:58","guid":{"rendered":"https:\/\/radiosisal.com\/br\/?p=8118"},"modified":"2025-06-06T12:14:00","modified_gmt":"2025-06-06T12:14:00","slug":"consignado-clt-trabalhador-podera-fazer-a-portabilidade-desta-modalidade-entre-bancos-a-partir-desta-sexta-feira","status":"publish","type":"post","link":"https:\/\/radiosisal.com\/br\/2025\/06\/06\/consignado-clt-trabalhador-podera-fazer-a-portabilidade-desta-modalidade-entre-bancos-a-partir-desta-sexta-feira\/","title":{"rendered":"CONSIGNADO CLT: TRABALHADOR PODER\u00c1 FAZER A PORTABILIDADE DESTA MODALIDADE ENTRE BANCOS A PARTIR DESTA SEXTA-FEIRA"},"content":{"rendered":"\n<p><\/p>\n\n\n\n<p>O processo \u00e9 diferente da portabilidade j\u00e1 aprovada, que est\u00e1 valendo desde 16 de maio, de uma linha de cr\u00e9dito diferente (CDC, cheque especial ou cart\u00e3o de cr\u00e9dito, por exemplo) para o cr\u00e9dito consignado. Desde mar\u00e7o, trabalhadores podem buscar cr\u00e9dito.<\/p>\n\n\n\n<p>O Minist\u00e9rio do Trabalho e do Emprego informou que os trabalhadores do setor privado com carteira assinada poder\u00e3o fazer a portabilidade do cr\u00e9dito consignado (com desconto em folha de pagamento) de um banco para outro a partir desta sexta-feira (6).<\/p>\n\n\n\n<p>O processo \u00e9 diferente da&nbsp;<a class=\"\" href=\"https:\/\/g1.globo.com\/economia\/noticia\/2025\/05\/16\/consignado-clt-portabilidade-do-credito-comeca-nessa-sexta-mas-trabalhador-tera-de-procurar-os-bancos.ghtml\">portabilidade j\u00e1 aprovada, que est\u00e1 valendo desde 16 de maio, de uma linha de cr\u00e9dito diferente (CDC, cheque especial ou cart\u00e3o de cr\u00e9dito, por exemplo) para o cr\u00e9dito consignado.<\/a><\/p>\n\n\n\n<p><strong>\u27a1\ufe0fA partir de agora, a troca de bancos passar\u00e1 a valer tamb\u00e9m para cr\u00e9dito consignado (com desconto em folha de pagamento) entre as institui\u00e7\u00f5es financeiras.<\/strong><\/p>\n\n\n\n<p><strong>\u27a1\ufe0f<\/strong>O governo diz que o objetivo \u00e9 beneficiar os detentores de contratos antigos de empr\u00e9stimos consignados &#8211; fechados ntes da autoriza\u00e7\u00e3o para oferecer o FGTS como garantia &#8211; que, em tese, possuem juros maiores.<\/p>\n\n\n\n<p><strong>\u27a1\ufe0f<\/strong>Para conseguir fazer a troca do cr\u00e9dito consignado de um banco para o outro, entretanto, os trabalhadores ter\u00e3o de buscar as institui\u00e7\u00f5es financeiras.<\/p>\n\n\n\n<p><strong>\u27a1\ufe0f<\/strong>A ideia inicial do Minist\u00e9rio do Trabalho era de que a portabilidade pudesse ser feita, a partir desta sexta-feira (6), por meio da Carteira Digital, mas o sistema n\u00e3o ficou pronto.<\/p>\n\n\n\n<p><strong>\u27a1\ufe0f<\/strong>O Minist\u00e9rio do Trabalho informou que o banco original, que det\u00e9m o contrato do cr\u00e9dito do trabalhador, poder\u00e1 cobrir a oferta da institui\u00e7\u00e3o financeira para o qual o trabalhador desejar fazer a portabilidade, em um tipo de leil\u00e3o. Nesse caso, poder\u00e1 oferecer juros menores ainda do que a nova institui\u00e7\u00e3o financeira est\u00e1 autorizando.<\/p>\n\n\n\n<h2 class=\"wp-block-heading\">Volume do consignado e taxas de juros<\/h2>\n\n\n\n<p>Segundo o Minist\u00e9rio do Trabalho, o volume total de empr\u00e9stimos no antigo consignado, antes de mar\u00e7o, \u00e9 de R$ 40 bilh\u00f5es, distribu\u00eddos em 3,8 milh\u00f5es de contratos.<\/p>\n\n\n\n<p>O novo consignado, fechado depois de 21 de mar\u00e7o, j\u00e1 tem um volume de R$ 13,9 bilh\u00f5es em 25 milh\u00f5es de contratos.<\/p>\n\n\n\n<p>De acordo com dados do Banco Central, a&nbsp;<strong>taxa m\u00e9dia<\/strong>&nbsp;de juros na linha de cr\u00e9dito consignado ao setor privado&nbsp;<strong>somou 3,94% ao m\u00eas em abril.<\/strong>&nbsp;A modalidade conta com<a class=\"\" href=\"https:\/\/g1.globo.com\/economia\/noticia\/2025\/03\/21\/emprestimo-consignado-a-celetistas-comeca-nesta-sexta-feira-sem-regulamentacao-do-fgts-como-garantia.ghtml\">&nbsp;garantia do FGTS, s\u00f3 que ainda n\u00e3o foi regulamentada.<\/a><\/p>\n\n\n\n<p><a class=\"\" href=\"https:\/\/g1.globo.com\/economia\/noticia\/2025\/05\/29\/juro-do-consignado-do-setor-privado-com-garantia-do-fgts-e-o-dobro-de-aposentados-e-servidores-publicos-em-abril-mostra-bc.ghtml\">Esse patamar \u00e9&nbsp;<strong>mais do que o dobro<\/strong>&nbsp;registrado no cr\u00e9dito com desconto em folha de pagamento aos&nbsp;<strong>aposentados (1,81% ao m\u00eas) e aos servidores p\u00fablicos (1,96% ao m\u00eas)<\/strong>&nbsp;no m\u00eas passado.<\/a><\/p>\n\n\n\n<p>\u27a1\ufe0fAs<strong>&nbsp;taxas m\u00e9dias mostradas pelo BC n\u00e3o significam que esse ser\u00e1 o juro obtido pelos trabalhadores nos bancos<\/strong>. Isso vai depender da an\u00e1lise de risco que as institui\u00e7\u00f5es financeiras far\u00e3o com base no seu tempo de trabalho e hist\u00f3rico de opera\u00e7\u00f5es de cr\u00e9dito, entre outros fatores.<\/p>\n\n\n\n<p>\u27a1\ufe0fA&nbsp;<strong>recomenda\u00e7\u00e3o de especialistas \u00e9 de que os trabalhadores fa\u00e7am uma ampla pesquisa no aplicativo da Carteira de Trabalho digital,<\/strong>&nbsp;promovendo concorr\u00eancia entre as institui\u00e7\u00f5es financeiras, antes de fechar um empr\u00e9stimo.<\/p>\n\n\n\n<p><strong>Veja as taxas m\u00e9dias de juros de outras linhas de cr\u00e9dito em abril:<\/strong><\/p>\n\n\n\n<p>\u27a1\ufe0fcr\u00e9dito pessoal n\u00e3o consignado: 6,21% ao m\u00eas;<\/p>\n\n\n\n<p>\u27a1\ufe0fcheque especial das pessoas f\u00edsicas: 7,49% ao m\u00eas;<\/p>\n\n\n\n<p>\u27a1\ufe0f cart\u00e3o de cr\u00e9dito rotativo: 15,15% ao m\u00eas.<\/p>\n\n\n\n<h2 class=\"wp-block-heading\">Nova linha de cr\u00e9dito<\/h2>\n\n\n\n<p>A nova modalidade de cr\u00e9dito, com garantia do FGTS, foi&nbsp;<a class=\"\" href=\"https:\/\/g1.globo.com\/economia\/noticia\/2025\/03\/21\/emprestimo-consignado-a-celetistas-comeca-nesta-sexta-feira-sem-regulamentacao-do-fgts-como-garantia.ghtml\">lan\u00e7ada oficialmente em 21 de mar\u00e7o, por meio de plataforma disponibilizada pelo governo.<\/a><\/p>\n\n\n\n<p>\ud83d\udd0e As regras incluem o uso de at\u00e9 10% do saldo do Fundo de Garantia por Tempo de Servi\u00e7o (FGTS) como garantia e, tamb\u00e9m, 100% da multa rescis\u00f3ria na demiss\u00e3o sem justa causa (que equivale a 40% do valor do saldo).<\/p>\n\n\n\n<p>\ud83d\udcb2 Nesta linha de cr\u00e9dito, as parcelas s\u00e3o quitadas com desconto no contracheque, ou seja, no sal\u00e1rio do funcion\u00e1rio que pega um empr\u00e9stimo em uma institui\u00e7\u00e3o financeira.<\/p>\n\n\n\n<p>\ud83d\udcb2 O consignado ao setor privado j\u00e1 existia, mas, com as regras antigas, havia uma exig\u00eancia de um acordo entre as empresas e os bancos \u2014 o que travava a libera\u00e7\u00e3o dos recursos.<\/p>\n\n\n\n<p>\ud83d\udcb2 Desde 21 de mar\u00e7o, a busca pelo cr\u00e9dito pode ser feita pelos trabalhadores diretamente por meio do aplicativo da&nbsp;<a class=\"\" href=\"https:\/\/www.gov.br\/pt-br\/temas\/carteira-de-trabalho-digital\" target=\"_blank\" rel=\"noreferrer noopener\">Carteira de Trabalho Digital (CTPS Digital)<\/a>, sem a necessidade de acordo com os empregadores.<\/p>\n\n\n\n<p>\ud83d\udcb2Desde 25 de abril,&nbsp;<a class=\"\" href=\"https:\/\/g1.globo.com\/economia\/noticia\/2025\/04\/25\/consignado-clt-contratacao-sera-feita-diretamente-com-os-bancos-a-partir-desta-sexta.ghtml\">os trabalhadores podem contratar o empr\u00e9stimo tamb\u00e9m por meio dos canais eletr\u00f4nicos dos bancos habilitados.<\/a><\/p>\n\n\n\n<p>\ud83d\udcb2De 16 de maio em diante, os&nbsp;<a class=\"\" href=\"https:\/\/g1.globo.com\/economia\/noticia\/2025\/05\/16\/consignado-clt-portabilidade-do-credito-comeca-nessa-sexta-mas-trabalhador-tera-de-procurar-os-bancos.ghtml\">trabalhadores do setor privado podem renegociar sua d\u00edvida utilizando a chamada &#8220;portabilidade&#8221; para outro banco, mas t\u00eam de procurar as institui\u00e7\u00f5es financeiras.<\/a><\/p>\n\n\n\n<p>\ud83d\udcb2A partir desta sexta-feira, 6 de junho, est\u00e1 sento permitida a portabilidade do cr\u00e9dito consignado entre as institui\u00e7\u00f5es financeiras.<\/p>\n\n\n\n<h2 class=\"wp-block-heading\">Sem teto no consignado ao setor privado<\/h2>\n\n\n\n<p>At\u00e9 o momento, n\u00e3o h\u00e1 teto nos juros da nova linha de cr\u00e9dito do consignado ao setor privado. As taxas cobradas s\u00e3o definidas livremente pelas institui\u00e7\u00f5es financeiras com base no perfil de cada cliente.<\/p>\n\n\n\n<p>A&nbsp;<strong>Federa\u00e7\u00e3o Brasileira de Bancos (Febraban) tem defendido que n\u00e3o \u00e9 necess\u00e1rio fixar um teto para os juros<\/strong>, pois as taxas cobradas, segundo a entidade, ser\u00e3o mais baixas com a garantia dos recursos do FGTS.<\/p>\n\n\n\n<p>No lan\u00e7amento da nova modalidade de cr\u00e9dito, em cerim\u00f4nia no Pal\u00e1cio do Planalto na semana passada,&nbsp;<strong>o ministro do Trabalho, Luiz Marinho, afirmou que, caso seja &#8220;observado que o sistema financeiro esteja abusando, o governo poder\u00e1 estabelecer teto de juros no futuro&#8221;.<\/strong><\/p>\n\n\n\n<p>Em mar\u00e7o, o governo publicou um decreto do presidente Lula que determinando que o Comit\u00ea Gestor das Opera\u00e7\u00f5es de Cr\u00e9dito Consignado&nbsp;<a class=\"\" href=\"https:\/\/g1.globo.com\/economia\/noticia\/2025\/03\/20\/consignado-para-clt-governo-fixa-regras-para-comite-e-abre-porta-para-teto-de-juros-na-modalidade.ghtml\">ser\u00e1 respons\u00e1vel por definir os par\u00e2metros, termos e condi\u00e7\u00f5es do contrato para empr\u00e9stimos garantidos com recursos do FGTS.<\/a><\/p>\n\n\n\n<p>Com isso, o governo abriu a porta para que seja criado, no futuro, um teto de juros na nova modalidade de cr\u00e9dito \u2013 caso julgue ser necess\u00e1rio.<\/p>\n\n\n\n<h2 class=\"wp-block-heading\">Empr\u00e9stimos liberados<\/h2>\n\n\n\n<p>O \u00faltimo balan\u00e7o do Minist\u00e9rio do Trabalho, divulgado na ter\u00e7a sexta-feira (27),&nbsp;<strong>aponta que foram emprestados quase R$ 13 bilh\u00f5es em empr\u00e9stimos a 2,3 milh\u00f5es de trabalhadores com carteira assinada do setor privado por meio da nova linha de cr\u00e9dito com garantia do FGTS.<\/strong><\/p>\n\n\n\n<p>O valor m\u00e9dio por contrato \u00e9 de R$ 5.471,23, com presta\u00e7\u00e3o m\u00e9dia de R$ 316,54 em um prazo de 17 meses. Os maiores volumes de cr\u00e9dito contratado foram registrados nos estados de S\u00e3o Paulo (R$ 3,5 bilh\u00f5es), Rio de Janeiro (R$ 1 bilh\u00e3o), Minas Gerais (R$ 1 bilh\u00e3o), Paran\u00e1 (R$ 866,2 milh\u00f5es) e Rio Grande do Sul (R$ 854,8 milh\u00f5es)<\/p>\n\n\n\n<p>O valor ainda&nbsp;<a class=\"\" href=\"https:\/\/g1.globo.com\/economia\/noticia\/2025\/03\/24\/consignado-clt-governo-espera-que-emprestimos-com-garantia-do-fgts-superem-r-100-bilhoes-em-tres-meses.ghtml\">segue distante da estimativa de que podem ser liberados mais de R$ 100 bilh\u00f5es em tr\u00eas meses<\/a>, mas est\u00e1 dentro das expectativas iniciais tanto do governo quanto da Federa\u00e7\u00e3o Brasileira de Bancos (Febraban) que a linha de cr\u00e9dito vai ganhar for\u00e7a com o passar do tempo.<\/p>\n\n\n\n<h2 class=\"wp-block-heading\">Cr\u00e9dito via aplicativo da Carteira de Trabalho Digital<\/h2>\n\n\n\n<p>\u27a1\ufe0fSegundo o Minist\u00e9rio do Trabalho, a busca pelo cr\u00e9dito poder\u00e1 ser feita por meio do&nbsp;<a class=\"\" href=\"https:\/\/www.gov.br\/pt-br\/temas\/carteira-de-trabalho-digital\" target=\"_blank\" rel=\"noreferrer noopener\">aplicativo da Carteira de Trabalho Digital (CTPS Digital).<\/a><\/p>\n\n\n\n<p>Segundo o Minist\u00e9rio do Trabalho, o cr\u00e9dito consignado com garantia do FGTS beneficiar\u00e1 trabalhadores formais da iniciativa privada, o que inclui empregados rurais, dom\u00e9sticos e empregados de MEI (microempreendedor individual).<\/p>\n\n\n\n<p>Os trabalhadores poder\u00e3o utilizar a Carteira de Trabalho Digital para buscar empr\u00e9stimos em mais de 80 institui\u00e7\u00f5es financeiras que operam junto ao Instituto Nacional do Seguro Social (INSS).<\/p>\n\n\n\n<p>Segundo o governo, o pa\u00eds tem atualmente 47 milh\u00f5es de trabalhadores formais, o que inclui 2,2 milh\u00f5es de trabalhadores dom\u00e9sticos, 4 milh\u00f5es de trabalhadores rurais e empregados do MEI, at\u00e9 ent\u00e3o exclu\u00eddos dos empr\u00e9stimos consignados.<\/p>\n\n\n\n<h2 class=\"wp-block-heading\">Quem fez uso do Saque-Anivers\u00e1rio do FGTS vai poder contratar?<\/h2>\n\n\n\n<p><strong>Segundo o ministro do Trabalho, Luiz Marinho, sim.<\/strong>&nbsp;O trabalhador que utilizou o Saque-Anivers\u00e1rio poder\u00e1 contratar o empr\u00e9stimo consignado privado.<\/p>\n\n\n\n<blockquote class=\"wp-block-quote is-layout-flow wp-block-quote-is-layout-flow\">\n<p>&#8220;O Saque-Anivers\u00e1rio n\u00e3o est\u00e1 na mesa, \u00e9 outro departamento completamente diferente. Aqui \u00e9 o cr\u00e9dito folha de pagamento. O mesmo cidad\u00e3o que antecipou o Saque-Anivers\u00e1rio, poder\u00e1 constituir empr\u00e9stimo? Sim, poder\u00e1&#8221;, diz o ministro.<\/p>\n<\/blockquote>\n\n\n\n<h2 class=\"wp-block-heading\">E se o trabalhador mudar de emprego?<\/h2>\n\n\n\n<p>Segundo o governo, caso o trabalhador mude de emprego, o desconto em folha para quitar as parcelas do empr\u00e9stimo ter\u00e1 de ser feito pelo novo empregador.<\/p>\n\n\n\n<h2 class=\"wp-block-heading\">Como funciona o novo consignado?<\/h2>\n\n\n\n<p>Os bancos ter\u00e3o acesso \u00e0s informa\u00e7\u00f5es dos trabalhadores do eSocial para facilitar a concess\u00e3o de cr\u00e9dito consignado, uma vez que poder\u00e3o avaliar melhor o risco das opera\u00e7\u00f5es.<\/p>\n\n\n\n<p>\ud83d\udd39 CTPS Digital: por meio do aplicativo da Carteira de Trabalho Digital, o trabalhador solicita a proposta de cr\u00e9dito \u00e0s institui\u00e7\u00f5es financeiras habilitadas pelo governo. O trabalhador autoriza o acesso a dados como nome, CPF, margem do sal\u00e1rio dispon\u00edvel para consigna\u00e7\u00e3o e tempo de empresa.<\/p>\n\n\n\n<p>\ud83d\udd39 Propostas: ap\u00f3s solicitar o cr\u00e9dito, o trabalhador recebe ofertas dos bancos em at\u00e9 24h. O trabalhador poder\u00e1 comparar ofertas e escolher a op\u00e7\u00e3o mais vantajosa.<\/p>\n\n\n\n<p>\ud83d\udd39 Comprometimento de at\u00e9 35% do sal\u00e1rio bruto: O limite inclui benef\u00edcios, abonos e comiss\u00f5es.<\/p>\n\n\n\n<p>\ud83d\udd39 FGTS como garantia: O trabalhador pode contratar essa modalidade de empr\u00e9stimo, podendo usar at\u00e9 10% do saldo do Fundo de Garantia por Tempo de Servi\u00e7o (FGTS) como garantia e, tamb\u00e9m, 100% da multa rescis\u00f3ria na demiss\u00e3o sem justa causa (de 40% do valor do saldo).<\/p>\n\n\n\n<p>\ud83d\udd39 Caso de demiss\u00e3o: O trabalhador poder\u00e1 usar os 10% do saldo do FGTS e a multa por rescis\u00e3o para quitar a d\u00edvida com o banco. Caso o valor n\u00e3o seja suficiente, h\u00e1 uma interrup\u00e7\u00e3o no pagamento, que ser\u00e1 retomada quando o trabalhador conseguir outro emprego CLT, o que acarretar\u00e1 em corre\u00e7\u00f5es. Tamb\u00e9m ser\u00e1 poss\u00edvel procurar o banco para acertar uma nova forma de pagamento.<\/p>\n\n\n\n<p>\ud83d\udd39 Desconto autom\u00e1tico: O empregador ser\u00e1 respons\u00e1vel por descontar a parcela do sal\u00e1rio e repass\u00e1-la \u00e0 Caixa Econ\u00f4mica Federal, que far\u00e1 o pagamento aos bancos credores.<\/p>\n\n\n\n<p class=\"bs-intro\">FONTE: G1<\/p>\n\n\n\n<ul class=\"wp-block-social-links has-icon-color is-style-logos-only is-vertical is-layout-flex wp-container-core-social-links-is-layout-8cf370e7 wp-block-social-links-is-layout-flex\"><li style=\"color:#0693e3;\" class=\"wp-social-link wp-social-link-whatsapp has-vivid-cyan-blue-color wp-block-social-link\"><a href=\"https:\/\/wa.me\/\/75991238048\" class=\"wp-block-social-link-anchor\"><svg width=\"24\" height=\"24\" viewBox=\"0 0 24 24\" version=\"1.1\" xmlns=\"http:\/\/www.w3.org\/2000\/svg\" aria-hidden=\"true\" focusable=\"false\"><path d=\"M 12.011719 2 C 6.5057187 2 2.0234844 6.478375 2.0214844 11.984375 C 2.0204844 13.744375 2.4814687 15.462563 3.3554688 16.976562 L 2 22 L 7.2324219 20.763672 C 8.6914219 21.559672 10.333859 21.977516 12.005859 21.978516 L 12.009766 21.978516 C 17.514766 21.978516 21.995047 17.499141 21.998047 11.994141 C 22.000047 9.3251406 20.962172 6.8157344 19.076172 4.9277344 C 17.190172 3.0407344 14.683719 2.001 12.011719 2 z M 12.009766 4 C 14.145766 4.001 16.153109 4.8337969 17.662109 6.3417969 C 19.171109 7.8517969 20.000047 9.8581875 19.998047 11.992188 C 19.996047 16.396187 16.413812 19.978516 12.007812 19.978516 C 10.674812 19.977516 9.3544062 19.642812 8.1914062 19.007812 L 7.5175781 18.640625 L 6.7734375 18.816406 L 4.8046875 19.28125 L 5.2851562 17.496094 L 5.5019531 16.695312 L 5.0878906 15.976562 C 4.3898906 14.768562 4.0204844 13.387375 4.0214844 11.984375 C 4.0234844 7.582375 7.6067656 4 12.009766 4 z M 8.4765625 7.375 C 8.3095625 7.375 8.0395469 7.4375 7.8105469 7.6875 C 7.5815469 7.9365 6.9355469 8.5395781 6.9355469 9.7675781 C 6.9355469 10.995578 7.8300781 12.182609 7.9550781 12.349609 C 8.0790781 12.515609 9.68175 15.115234 12.21875 16.115234 C 14.32675 16.946234 14.754891 16.782234 15.212891 16.740234 C 15.670891 16.699234 16.690438 16.137687 16.898438 15.554688 C 17.106437 14.971687 17.106922 14.470187 17.044922 14.367188 C 16.982922 14.263188 16.816406 14.201172 16.566406 14.076172 C 16.317406 13.951172 15.090328 13.348625 14.861328 13.265625 C 14.632328 13.182625 14.464828 13.140625 14.298828 13.390625 C 14.132828 13.640625 13.655766 14.201187 13.509766 14.367188 C 13.363766 14.534188 13.21875 14.556641 12.96875 14.431641 C 12.71875 14.305641 11.914938 14.041406 10.960938 13.191406 C 10.218937 12.530406 9.7182656 11.714844 9.5722656 11.464844 C 9.4272656 11.215844 9.5585938 11.079078 9.6835938 10.955078 C 9.7955938 10.843078 9.9316406 10.663578 10.056641 10.517578 C 10.180641 10.371578 10.223641 10.267562 10.306641 10.101562 C 10.389641 9.9355625 10.347156 9.7890625 10.285156 9.6640625 C 10.223156 9.5390625 9.737625 8.3065 9.515625 7.8125 C 9.328625 7.3975 9.131125 7.3878594 8.953125 7.3808594 C 8.808125 7.3748594 8.6425625 7.375 8.4765625 7.375 z\"><\/path><\/svg><span class=\"wp-block-social-link-label screen-reader-text\">WhatsApp<\/span><\/a><\/li>\n\n<li style=\"color:#0693e3;\" class=\"wp-social-link wp-social-link-instagram has-vivid-cyan-blue-color wp-block-social-link\"><a href=\"https:\/\/www.instagram.com\/radiosisal97.3\/profilecard\/?igsh=MWo1azd5aXNvN2hmcQ==\" class=\"wp-block-social-link-anchor\"><svg width=\"24\" height=\"24\" viewBox=\"0 0 24 24\" version=\"1.1\" xmlns=\"http:\/\/www.w3.org\/2000\/svg\" aria-hidden=\"true\" focusable=\"false\"><path d=\"M12,4.622c2.403,0,2.688,0.009,3.637,0.052c0.877,0.04,1.354,0.187,1.671,0.31c0.42,0.163,0.72,0.358,1.035,0.673 c0.315,0.315,0.51,0.615,0.673,1.035c0.123,0.317,0.27,0.794,0.31,1.671c0.043,0.949,0.052,1.234,0.052,3.637 s-0.009,2.688-0.052,3.637c-0.04,0.877-0.187,1.354-0.31,1.671c-0.163,0.42-0.358,0.72-0.673,1.035 c-0.315,0.315-0.615,0.51-1.035,0.673c-0.317,0.123-0.794,0.27-1.671,0.31c-0.949,0.043-1.233,0.052-3.637,0.052 s-2.688-0.009-3.637-0.052c-0.877-0.04-1.354-0.187-1.671-0.31c-0.42-0.163-0.72-0.358-1.035-0.673 c-0.315-0.315-0.51-0.615-0.673-1.035c-0.123-0.317-0.27-0.794-0.31-1.671C4.631,14.688,4.622,14.403,4.622,12 s0.009-2.688,0.052-3.637c0.04-0.877,0.187-1.354,0.31-1.671c0.163-0.42,0.358-0.72,0.673-1.035 c0.315-0.315,0.615-0.51,1.035-0.673c0.317-0.123,0.794-0.27,1.671-0.31C9.312,4.631,9.597,4.622,12,4.622 M12,3 C9.556,3,9.249,3.01,8.289,3.054C7.331,3.098,6.677,3.25,6.105,3.472C5.513,3.702,5.011,4.01,4.511,4.511 c-0.5,0.5-0.808,1.002-1.038,1.594C3.25,6.677,3.098,7.331,3.054,8.289C3.01,9.249,3,9.556,3,12c0,2.444,0.01,2.751,0.054,3.711 c0.044,0.958,0.196,1.612,0.418,2.185c0.23,0.592,0.538,1.094,1.038,1.594c0.5,0.5,1.002,0.808,1.594,1.038 c0.572,0.222,1.227,0.375,2.185,0.418C9.249,20.99,9.556,21,12,21s2.751-0.01,3.711-0.054c0.958-0.044,1.612-0.196,2.185-0.418 c0.592-0.23,1.094-0.538,1.594-1.038c0.5-0.5,0.808-1.002,1.038-1.594c0.222-0.572,0.375-1.227,0.418-2.185 C20.99,14.751,21,14.444,21,12s-0.01-2.751-0.054-3.711c-0.044-0.958-0.196-1.612-0.418-2.185c-0.23-0.592-0.538-1.094-1.038-1.594 c-0.5-0.5-1.002-0.808-1.594-1.038c-0.572-0.222-1.227-0.375-2.185-0.418C14.751,3.01,14.444,3,12,3L12,3z M12,7.378 c-2.552,0-4.622,2.069-4.622,4.622S9.448,16.622,12,16.622s4.622-2.069,4.622-4.622S14.552,7.378,12,7.378z M12,15 c-1.657,0-3-1.343-3-3s1.343-3,3-3s3,1.343,3,3S13.657,15,12,15z M16.804,6.116c-0.596,0-1.08,0.484-1.08,1.08 s0.484,1.08,1.08,1.08c0.596,0,1.08-0.484,1.08-1.08S17.401,6.116,16.804,6.116z\"><\/path><\/svg><span class=\"wp-block-social-link-label screen-reader-text\">Instagram<\/span><\/a><\/li>\n\n<li style=\"color:#0693e3;\" class=\"wp-social-link wp-social-link-facebook has-vivid-cyan-blue-color wp-block-social-link\"><a href=\"https:\/\/www.facebook.com\/share\/1A7WveK9ft\/?mibextid=wwXIfr\" class=\"wp-block-social-link-anchor\"><svg width=\"24\" height=\"24\" viewBox=\"0 0 24 24\" version=\"1.1\" xmlns=\"http:\/\/www.w3.org\/2000\/svg\" aria-hidden=\"true\" focusable=\"false\"><path d=\"M12 2C6.5 2 2 6.5 2 12c0 5 3.7 9.1 8.4 9.9v-7H7.9V12h2.5V9.8c0-2.5 1.5-3.9 3.8-3.9 1.1 0 2.2.2 2.2.2v2.5h-1.3c-1.2 0-1.6.8-1.6 1.6V12h2.8l-.4 2.9h-2.3v7C18.3 21.1 22 17 22 12c0-5.5-4.5-10-10-10z\"><\/path><\/svg><span class=\"wp-block-social-link-label screen-reader-text\">Facebook<\/span><\/a><\/li><\/ul>\n","protected":false},"excerpt":{"rendered":"<p>O processo \u00e9 diferente da portabilidade j\u00e1 aprovada, que est\u00e1 valendo desde 16 de maio, de uma linha de cr\u00e9dito diferente (CDC, cheque especial ou cart\u00e3o de cr\u00e9dito, por exemplo) para o cr\u00e9dito consignado. Desde mar\u00e7o, trabalhadores podem buscar cr\u00e9dito. O Minist\u00e9rio do Trabalho e do Emprego informou que os trabalhadores do setor privado com [&hellip;]<\/p>\n","protected":false},"author":2,"featured_media":8119,"comment_status":"open","ping_status":"open","sticky":false,"template":"","format":"standard","meta":{"footnotes":""},"categories":[1],"tags":[],"class_list":["post-8118","post","type-post","status-publish","format-standard","has-post-thumbnail","hentry","category-geral"],"jetpack_sharing_enabled":true,"jetpack_featured_media_url":"https:\/\/i0.wp.com\/radiosisal.com\/br\/wp-content\/uploads\/2025\/06\/WhatsApp-Image-2025-06-06-at-09.12.53.jpeg?fit=540%2C304&ssl=1","_links":{"self":[{"href":"https:\/\/radiosisal.com\/br\/wp-json\/wp\/v2\/posts\/8118","targetHints":{"allow":["GET"]}}],"collection":[{"href":"https:\/\/radiosisal.com\/br\/wp-json\/wp\/v2\/posts"}],"about":[{"href":"https:\/\/radiosisal.com\/br\/wp-json\/wp\/v2\/types\/post"}],"author":[{"embeddable":true,"href":"https:\/\/radiosisal.com\/br\/wp-json\/wp\/v2\/users\/2"}],"replies":[{"embeddable":true,"href":"https:\/\/radiosisal.com\/br\/wp-json\/wp\/v2\/comments?post=8118"}],"version-history":[{"count":1,"href":"https:\/\/radiosisal.com\/br\/wp-json\/wp\/v2\/posts\/8118\/revisions"}],"predecessor-version":[{"id":8120,"href":"https:\/\/radiosisal.com\/br\/wp-json\/wp\/v2\/posts\/8118\/revisions\/8120"}],"wp:featuredmedia":[{"embeddable":true,"href":"https:\/\/radiosisal.com\/br\/wp-json\/wp\/v2\/media\/8119"}],"wp:attachment":[{"href":"https:\/\/radiosisal.com\/br\/wp-json\/wp\/v2\/media?parent=8118"}],"wp:term":[{"taxonomy":"category","embeddable":true,"href":"https:\/\/radiosisal.com\/br\/wp-json\/wp\/v2\/categories?post=8118"},{"taxonomy":"post_tag","embeddable":true,"href":"https:\/\/radiosisal.com\/br\/wp-json\/wp\/v2\/tags?post=8118"}],"curies":[{"name":"wp","href":"https:\/\/api.w.org\/{rel}","templated":true}]}}