{"id":8121,"date":"2025-06-06T13:49:00","date_gmt":"2025-06-06T13:49:00","guid":{"rendered":"https:\/\/radiosisal.com\/br\/?p=8121"},"modified":"2025-06-06T13:49:02","modified_gmt":"2025-06-06T13:49:02","slug":"inscricoes-para-o-enem-2025-terminam-nesta-sexta-feira","status":"publish","type":"post","link":"https:\/\/radiosisal.com\/br\/2025\/06\/06\/inscricoes-para-o-enem-2025-terminam-nesta-sexta-feira\/","title":{"rendered":"INSCRI\u00c7\u00d5ES PARA O ENEM 2025 TERMINAM NESTA SEXTA-FEIRA"},"content":{"rendered":"\n<p><\/p>\n\n\n\n<p>Candidatos devem se inscrever na P\u00e1gina do Participante.<\/p>\n\n\n\n<figure class=\"wp-block-audio\"><audio controls src=\"https:\/\/radiosisal.com\/br\/wp-content\/uploads\/2025\/06\/239875.mp3\"><\/audio><\/figure>\n\n\n\n<p>O prazo para as inscri\u00e7\u00f5es no Exame Nacional do Ensino M\u00e9dio (Enem) de 2025 se encerra \u00e0s 23h59 (hor\u00e1rio de Bras\u00edlia) desta sexta-feira (6). Candidatos devem se inscrever exclusivamente na&nbsp;<a href=\"https:\/\/enem.inep.gov.br\/participante\/#!\/\" target=\"_blank\" rel=\"noreferrer noopener\">P\u00e1gina do Participante<\/a>, no&nbsp;<em>site<\/em>&nbsp;do Instituto Nacional de Estudos e Pesquisas Educacionais An\u00edsio Teixeira (Inep), respons\u00e1vel por todas as etapas das provas.<img decoding=\"async\" src=\"https:\/\/i0.wp.com\/agenciabrasil.ebc.com.br\/ebc.png?w=1170&#038;ssl=1\" data-recalc-dims=\"1\"><img decoding=\"async\" src=\"https:\/\/i0.wp.com\/agenciabrasil.ebc.com.br\/ebc.gif?w=1170&#038;ssl=1\" data-recalc-dims=\"1\"><\/p>\n\n\n\n<p><strong>Em sua rede social, o Inep publicou um&nbsp;<a href=\"https:\/\/www.instagram.com\/inep_oficial\/reel\/DKQAJNaCDqF\/\" target=\"_blank\" rel=\"noreferrer noopener\">v\u00eddeo com o tutorial<\/a>&nbsp;de como fazer a inscri\u00e7\u00e3o.&nbsp;<\/strong><\/p>\n\n\n\n<h2 class=\"wp-block-heading\">Inscri\u00e7\u00f5es<\/h2>\n\n\n\n<p>Os participantes que tiveram os pedidos de isen\u00e7\u00e3o da taxa de inscri\u00e7\u00e3o e as justificativas de aus\u00eancia em 2024 aprovados pelo Inep precisam se inscrever no exame.<\/p>\n\n\n\n<p>Os estudantes do 3\u00ba ano do ensino m\u00e9dio em escola p\u00fablica, mesmo com a&nbsp;inscri\u00e7\u00e3o pr\u00e9-preenchida automaticamente, precisam atualizar os dados solicitados e confirmar a inscri\u00e7\u00e3o para garantir a participa\u00e7\u00e3o nesta edi\u00e7\u00e3o. Esses candidatos n\u00e3o pagar\u00e3o a taxa de inscri\u00e7\u00e3o. A medida pretende estimular a participa\u00e7\u00e3o&nbsp;desse p\u00fablico no Enem e facilitar o processo de inscri\u00e7\u00e3o.<\/p>\n\n\n\n<p><strong>Em 2025, o Enem tem outra novidade: voltar\u00e1 a ser op\u00e7\u00e3o para obter o&nbsp;<a href=\"https:\/\/agenciabrasil.ebc.com.br\/educacao\/noticia\/2025-05\/saiba-como-o-enem-voltara-certificar-conclusao-do-ensino-medio\" target=\"_blank\" rel=\"noreferrer noopener\">certificado de conclus\u00e3o do ensino m\u00e9dio<\/a>&nbsp;ou a declara\u00e7\u00e3o parcial de profici\u00eancia.<\/strong>&nbsp;Para essa finalidade podem se inscrever:<\/p>\n\n\n\n<p>\u00b7&nbsp; &nbsp; &nbsp; &nbsp; &nbsp;&#8211; candidatos com mais de 18 anos que n\u00e3o terminaram essa etapa dos estudos;<\/p>\n\n\n\n<p>\u00b7&nbsp; &nbsp; &nbsp; &nbsp; &nbsp;&#8211; os que alcan\u00e7aram, em cada \u00e1rea do conhecimento da prova, a pontua\u00e7\u00e3o m\u00ednima (igual ou maior que 450 pontos);<\/p>\n\n\n\n<p>\u00b7&nbsp; &nbsp; &nbsp; &nbsp; &nbsp;&#8211; quem tirou pelo menos 500 pontos na prova de reda\u00e7\u00e3o.<\/p>\n\n\n\n<p>O exame ainda representa oportunidade para o participante &#8220;treineiro&#8221; testar seus conhecimentos. O Inep define como &#8220;treineiro&#8221; aquele que concluir\u00e1 o ensino m\u00e9dio ap\u00f3s o ano letivo de 2025;&nbsp; que n\u00e3o est\u00e1 cursando ou n\u00e3o concluiu o ensino m\u00e9dio e quer se autoavaliar.<\/p>\n\n\n\n<p><strong>O prazo para solicita\u00e7\u00e3o de atendimento especializado e tratamento por nome social tamb\u00e9m termina hoje<\/strong>.&nbsp;As duas situa\u00e7\u00f5es devem ser assinaladas no processo de inscri\u00e7\u00e3o no Enem.<\/p>\n\n\n\n<h2 class=\"wp-block-heading\">Acessibilidade<\/h2>\n\n\n\n<p>As pessoas interessadas em solicitar atendimento especializado no Enem 2025 devem enviar, por meio da P\u00e1gina do Participante, a documenta\u00e7\u00e3o que comprove a condi\u00e7\u00e3o que motiva esse tipo de atendimento.&nbsp;<\/p>\n\n\n\n<p>O Minist\u00e9rio da Educa\u00e7\u00e3o (MEC) explica que o participante que teve a documenta\u00e7\u00e3o desse tipo aprovada pelo Inep nas edi\u00e7\u00f5es do Enem de 2021 a 2024 n\u00e3o precisar\u00e1 anexar nova documenta\u00e7\u00e3o.<\/p>\n\n\n\n<p>A&nbsp;<strong>Ag\u00eancia Brasil<\/strong>&nbsp;<a href=\"https:\/\/agenciabrasil.ebc.com.br\/educacao\/noticia\/2025-05\/enem-prazo-para-pedir-atendimento-especializado-vai-ate-6-de-junho\" target=\"_blank\" rel=\"noreferrer noopener\">detalha aqui<\/a>&nbsp;os documentos aceitos e as situa\u00e7\u00f5es previstas, conforme descrito no edital.<\/p>\n\n\n\n<p><a href=\"https:\/\/agenciabrasil.ebc.com.br\/educacao\/noticia\/2025-06\/enem-publicado-o-edital-em-libras-destinado-pessoas-com-deficiencia\" target=\"_blank\" rel=\"noreferrer noopener\">Pessoas com defici\u00eancia auditiva ou surdez<\/a>&nbsp;tamb\u00e9m podem&nbsp;consultar o edital do Enem 2025 na L\u00edngua Brasileira de Sinais (Libras) com todas as regras e prazos do processo seletivo.<\/p>\n\n\n\n<p><strong>O v\u00eddeo com o conte\u00fado completo do edital est\u00e1 dispon\u00edvel no&nbsp;<a href=\"https:\/\/www.youtube.com\/watch?v=JOD6xa6VsM4\" target=\"_blank\" rel=\"noreferrer noopener\">canal do Inep no YouTube<\/a>.<\/strong><\/p>\n\n\n\n<h2 class=\"wp-block-heading\">Inclus\u00e3o<\/h2>\n\n\n\n<p>Sobre o&nbsp;<a href=\"https:\/\/agenciabrasil.ebc.com.br\/educacao\/noticia\/2025-06\/enem-2025-prazo-para-solicitar-nome-social-termina-na-sexta-feira\" target=\"_blank\" rel=\"noreferrer noopener\">nome social<\/a>, esse tratamento \u00e9 exclusivo de participantes travestis, transexuais ou transg\u00eaneros que se identificam e querem ser reconhecidos socialmente conforme a identidade de g\u00eanero.<\/p>\n\n\n\n<p>O nome social deve ser o mesmo cadastrado na Receita Federal e ser\u00e1 apresentado em todos os documentos e materiais administrativos do Enem, como no cart\u00e3o de confirma\u00e7\u00e3o de inscri\u00e7\u00e3o e nas provas.<\/p>\n\n\n\n<h2 class=\"wp-block-heading\">Taxa de inscri\u00e7\u00e3o<\/h2>\n\n\n\n<p><strong>Para garantir a inscri\u00e7\u00e3o, os candidatos n\u00e3o isentos precisam pagar a taxa&nbsp;at\u00e9 a pr\u00f3xima quarta-feira (11).<\/strong><\/p>\n\n\n\n<p>Os candidatos que tiveram a solicita\u00e7\u00e3o de isen\u00e7\u00e3o da taxa de inscri\u00e7\u00e3o reprovada pelo Inep ou que a justificativa de aus\u00eancia nas provas de 2024 n\u00e3o foi aceita pela autarquia tamb\u00e9m precisam pagar o valor de R$ 85, por meio da Guia de Recolhimento da uni\u00e3o (GRU Cobran\u00e7a) para assegurar&nbsp;a participa\u00e7\u00e3o no exame.<\/p>\n\n\n\n<p>Ap\u00f3s finalizar o processo de inscri\u00e7\u00e3o, o boleto ficar\u00e1 dispon\u00edvel na tela inicial da P\u00e1gina do Participante. O pagamento poder\u00e1 ser feito por Pix, cart\u00e3o de cr\u00e9dito, d\u00e9bito em conta corrente ou poupan\u00e7a. Para pagar por Pix, basta acessar o QR Code que consta no boleto.<\/p>\n\n\n\n<p>O sistema n\u00e3o gera&nbsp;boleto para duas situa\u00e7\u00f5es, mesmo que o candidato ainda n\u00e3o tenha solicitado isen\u00e7\u00e3o da taxa de inscri\u00e7\u00e3o:<\/p>\n\n\n\n<p>1.&nbsp;o estudante concluinte do ensino m\u00e9dio, em 2025, matriculado em qualquer modalidade de ensino (regular ou EJA), em escola da rede p\u00fablica;<\/p>\n\n\n\n<p>2.&nbsp;&nbsp;quem informar na inscri\u00e7\u00e3o que usar\u00e1 os resultados do Enem 2025 para tentar conseguir o certificado de conclus\u00e3o do ensino m\u00e9dio ou declara\u00e7\u00e3o parcial de profici\u00eancia e que esteja inscrito no Cadastro \u00danico para Programas Sociais do governo federal (Cad\u00danico).<\/p>\n\n\n\n<h2 class=\"wp-block-heading\">Provas<\/h2>\n\n\n\n<p><strong>As provas do Enem 2025 ser\u00e3o aplicadas em todos os estados e no Distrito Federal nos dias 9 e 16 de novembro.<\/strong><\/p>\n\n\n\n<p>As exce\u00e7\u00f5es s\u00e3o os munic\u00edpios de Bel\u00e9m, Ananindeua e Marituba, no Par\u00e1, onde os candidatos far\u00e3o provas em 30 de novembro e 7 de dezembro, devido \u00e0 realiza\u00e7\u00e3o da 30\u00aa Confer\u00eancia das Na\u00e7\u00f5es Unidas sobre Mudan\u00e7as Clim\u00e1ticas (COP 30), na capital paraense, no per\u00edodo.<\/p>\n\n\n\n<p>O Enem 2025 mant\u00e9m o formato de quatro provas objetivas (com 45 quest\u00f5es cada) e uma reda\u00e7\u00e3o.<\/p>\n\n\n\n<p>No primeiro dia, ser\u00e3o aplicadas as provas de reda\u00e7\u00e3o, l\u00edngua portuguesa, literatura, l\u00edngua estrangeira (ingl\u00eas ou espanhol) e o Enem ter\u00e1 5 horas e 30 minutos de dura\u00e7\u00e3o.<\/p>\n\n\n\n<p>No segundo dia, com provas com 5 horas de dura\u00e7\u00e3o, o exame nacional avaliar\u00e1 os conhecimentos de qu\u00edmica, f\u00edsica e biologia e matem\u00e1tica.<\/p>\n\n\n\n<h2 class=\"wp-block-heading\">O exame<\/h2>\n\n\n\n<p>O Enem \u00e9 considerado a principal porta de entrada para a educa\u00e7\u00e3o superior no Brasil, por meio do Sistema de Sele\u00e7\u00e3o Unificada (Sisu) e de iniciativas como o Programa Universidade para Todos (Prouni) e o Fundo de Financiamento Estudantil (Fies).<\/p>\n\n\n\n<p class=\"bs-intro\">FONTE: Ag\u00eancia Brasil<\/p>\n\n\n\n<ul class=\"wp-block-social-links has-icon-color is-style-logos-only is-vertical is-layout-flex wp-container-core-social-links-is-layout-8cf370e7 wp-block-social-links-is-layout-flex\"><li style=\"color:#0693e3;\" class=\"wp-social-link wp-social-link-whatsapp has-vivid-cyan-blue-color wp-block-social-link\"><a href=\"https:\/\/wa.me\/\/75991238048\" class=\"wp-block-social-link-anchor\"><svg width=\"24\" height=\"24\" viewBox=\"0 0 24 24\" version=\"1.1\" xmlns=\"http:\/\/www.w3.org\/2000\/svg\" aria-hidden=\"true\" focusable=\"false\"><path d=\"M 12.011719 2 C 6.5057187 2 2.0234844 6.478375 2.0214844 11.984375 C 2.0204844 13.744375 2.4814687 15.462563 3.3554688 16.976562 L 2 22 L 7.2324219 20.763672 C 8.6914219 21.559672 10.333859 21.977516 12.005859 21.978516 L 12.009766 21.978516 C 17.514766 21.978516 21.995047 17.499141 21.998047 11.994141 C 22.000047 9.3251406 20.962172 6.8157344 19.076172 4.9277344 C 17.190172 3.0407344 14.683719 2.001 12.011719 2 z M 12.009766 4 C 14.145766 4.001 16.153109 4.8337969 17.662109 6.3417969 C 19.171109 7.8517969 20.000047 9.8581875 19.998047 11.992188 C 19.996047 16.396187 16.413812 19.978516 12.007812 19.978516 C 10.674812 19.977516 9.3544062 19.642812 8.1914062 19.007812 L 7.5175781 18.640625 L 6.7734375 18.816406 L 4.8046875 19.28125 L 5.2851562 17.496094 L 5.5019531 16.695312 L 5.0878906 15.976562 C 4.3898906 14.768562 4.0204844 13.387375 4.0214844 11.984375 C 4.0234844 7.582375 7.6067656 4 12.009766 4 z M 8.4765625 7.375 C 8.3095625 7.375 8.0395469 7.4375 7.8105469 7.6875 C 7.5815469 7.9365 6.9355469 8.5395781 6.9355469 9.7675781 C 6.9355469 10.995578 7.8300781 12.182609 7.9550781 12.349609 C 8.0790781 12.515609 9.68175 15.115234 12.21875 16.115234 C 14.32675 16.946234 14.754891 16.782234 15.212891 16.740234 C 15.670891 16.699234 16.690438 16.137687 16.898438 15.554688 C 17.106437 14.971687 17.106922 14.470187 17.044922 14.367188 C 16.982922 14.263188 16.816406 14.201172 16.566406 14.076172 C 16.317406 13.951172 15.090328 13.348625 14.861328 13.265625 C 14.632328 13.182625 14.464828 13.140625 14.298828 13.390625 C 14.132828 13.640625 13.655766 14.201187 13.509766 14.367188 C 13.363766 14.534188 13.21875 14.556641 12.96875 14.431641 C 12.71875 14.305641 11.914938 14.041406 10.960938 13.191406 C 10.218937 12.530406 9.7182656 11.714844 9.5722656 11.464844 C 9.4272656 11.215844 9.5585938 11.079078 9.6835938 10.955078 C 9.7955938 10.843078 9.9316406 10.663578 10.056641 10.517578 C 10.180641 10.371578 10.223641 10.267562 10.306641 10.101562 C 10.389641 9.9355625 10.347156 9.7890625 10.285156 9.6640625 C 10.223156 9.5390625 9.737625 8.3065 9.515625 7.8125 C 9.328625 7.3975 9.131125 7.3878594 8.953125 7.3808594 C 8.808125 7.3748594 8.6425625 7.375 8.4765625 7.375 z\"><\/path><\/svg><span class=\"wp-block-social-link-label screen-reader-text\">WhatsApp<\/span><\/a><\/li>\n\n<li style=\"color:#0693e3;\" class=\"wp-social-link wp-social-link-instagram has-vivid-cyan-blue-color wp-block-social-link\"><a href=\"https:\/\/www.instagram.com\/radiosisal97.3\/profilecard\/?igsh=MWo1azd5aXNvN2hmcQ==\" class=\"wp-block-social-link-anchor\"><svg width=\"24\" height=\"24\" viewBox=\"0 0 24 24\" version=\"1.1\" xmlns=\"http:\/\/www.w3.org\/2000\/svg\" aria-hidden=\"true\" focusable=\"false\"><path d=\"M12,4.622c2.403,0,2.688,0.009,3.637,0.052c0.877,0.04,1.354,0.187,1.671,0.31c0.42,0.163,0.72,0.358,1.035,0.673 c0.315,0.315,0.51,0.615,0.673,1.035c0.123,0.317,0.27,0.794,0.31,1.671c0.043,0.949,0.052,1.234,0.052,3.637 s-0.009,2.688-0.052,3.637c-0.04,0.877-0.187,1.354-0.31,1.671c-0.163,0.42-0.358,0.72-0.673,1.035 c-0.315,0.315-0.615,0.51-1.035,0.673c-0.317,0.123-0.794,0.27-1.671,0.31c-0.949,0.043-1.233,0.052-3.637,0.052 s-2.688-0.009-3.637-0.052c-0.877-0.04-1.354-0.187-1.671-0.31c-0.42-0.163-0.72-0.358-1.035-0.673 c-0.315-0.315-0.51-0.615-0.673-1.035c-0.123-0.317-0.27-0.794-0.31-1.671C4.631,14.688,4.622,14.403,4.622,12 s0.009-2.688,0.052-3.637c0.04-0.877,0.187-1.354,0.31-1.671c0.163-0.42,0.358-0.72,0.673-1.035 c0.315-0.315,0.615-0.51,1.035-0.673c0.317-0.123,0.794-0.27,1.671-0.31C9.312,4.631,9.597,4.622,12,4.622 M12,3 C9.556,3,9.249,3.01,8.289,3.054C7.331,3.098,6.677,3.25,6.105,3.472C5.513,3.702,5.011,4.01,4.511,4.511 c-0.5,0.5-0.808,1.002-1.038,1.594C3.25,6.677,3.098,7.331,3.054,8.289C3.01,9.249,3,9.556,3,12c0,2.444,0.01,2.751,0.054,3.711 c0.044,0.958,0.196,1.612,0.418,2.185c0.23,0.592,0.538,1.094,1.038,1.594c0.5,0.5,1.002,0.808,1.594,1.038 c0.572,0.222,1.227,0.375,2.185,0.418C9.249,20.99,9.556,21,12,21s2.751-0.01,3.711-0.054c0.958-0.044,1.612-0.196,2.185-0.418 c0.592-0.23,1.094-0.538,1.594-1.038c0.5-0.5,0.808-1.002,1.038-1.594c0.222-0.572,0.375-1.227,0.418-2.185 C20.99,14.751,21,14.444,21,12s-0.01-2.751-0.054-3.711c-0.044-0.958-0.196-1.612-0.418-2.185c-0.23-0.592-0.538-1.094-1.038-1.594 c-0.5-0.5-1.002-0.808-1.594-1.038c-0.572-0.222-1.227-0.375-2.185-0.418C14.751,3.01,14.444,3,12,3L12,3z M12,7.378 c-2.552,0-4.622,2.069-4.622,4.622S9.448,16.622,12,16.622s4.622-2.069,4.622-4.622S14.552,7.378,12,7.378z M12,15 c-1.657,0-3-1.343-3-3s1.343-3,3-3s3,1.343,3,3S13.657,15,12,15z M16.804,6.116c-0.596,0-1.08,0.484-1.08,1.08 s0.484,1.08,1.08,1.08c0.596,0,1.08-0.484,1.08-1.08S17.401,6.116,16.804,6.116z\"><\/path><\/svg><span class=\"wp-block-social-link-label screen-reader-text\">Instagram<\/span><\/a><\/li>\n\n<li style=\"color:#0693e3;\" class=\"wp-social-link wp-social-link-facebook has-vivid-cyan-blue-color wp-block-social-link\"><a href=\"https:\/\/www.facebook.com\/share\/1A7WveK9ft\/?mibextid=wwXIfr\" class=\"wp-block-social-link-anchor\"><svg width=\"24\" height=\"24\" viewBox=\"0 0 24 24\" version=\"1.1\" xmlns=\"http:\/\/www.w3.org\/2000\/svg\" aria-hidden=\"true\" focusable=\"false\"><path d=\"M12 2C6.5 2 2 6.5 2 12c0 5 3.7 9.1 8.4 9.9v-7H7.9V12h2.5V9.8c0-2.5 1.5-3.9 3.8-3.9 1.1 0 2.2.2 2.2.2v2.5h-1.3c-1.2 0-1.6.8-1.6 1.6V12h2.8l-.4 2.9h-2.3v7C18.3 21.1 22 17 22 12c0-5.5-4.5-10-10-10z\"><\/path><\/svg><span class=\"wp-block-social-link-label screen-reader-text\">Facebook<\/span><\/a><\/li><\/ul>\n","protected":false},"excerpt":{"rendered":"<p>Candidatos devem se inscrever na P\u00e1gina do Participante. O prazo para as inscri\u00e7\u00f5es no Exame Nacional do Ensino M\u00e9dio (Enem) de 2025 se encerra \u00e0s 23h59 (hor\u00e1rio de Bras\u00edlia) desta sexta-feira (6). Candidatos devem se inscrever exclusivamente na&nbsp;P\u00e1gina do Participante, no&nbsp;site&nbsp;do Instituto Nacional de Estudos e Pesquisas Educacionais An\u00edsio Teixeira (Inep), respons\u00e1vel por todas as [&hellip;]<\/p>\n","protected":false},"author":2,"featured_media":8123,"comment_status":"open","ping_status":"open","sticky":false,"template":"","format":"standard","meta":{"footnotes":""},"categories":[1],"tags":[],"class_list":["post-8121","post","type-post","status-publish","format-standard","has-post-thumbnail","hentry","category-geral"],"jetpack_sharing_enabled":true,"jetpack_featured_media_url":"https:\/\/i0.wp.com\/radiosisal.com\/br\/wp-content\/uploads\/2025\/06\/rbr6332-1.webp?fit=1170%2C700&ssl=1","_links":{"self":[{"href":"https:\/\/radiosisal.com\/br\/wp-json\/wp\/v2\/posts\/8121","targetHints":{"allow":["GET"]}}],"collection":[{"href":"https:\/\/radiosisal.com\/br\/wp-json\/wp\/v2\/posts"}],"about":[{"href":"https:\/\/radiosisal.com\/br\/wp-json\/wp\/v2\/types\/post"}],"author":[{"embeddable":true,"href":"https:\/\/radiosisal.com\/br\/wp-json\/wp\/v2\/users\/2"}],"replies":[{"embeddable":true,"href":"https:\/\/radiosisal.com\/br\/wp-json\/wp\/v2\/comments?post=8121"}],"version-history":[{"count":1,"href":"https:\/\/radiosisal.com\/br\/wp-json\/wp\/v2\/posts\/8121\/revisions"}],"predecessor-version":[{"id":8124,"href":"https:\/\/radiosisal.com\/br\/wp-json\/wp\/v2\/posts\/8121\/revisions\/8124"}],"wp:featuredmedia":[{"embeddable":true,"href":"https:\/\/radiosisal.com\/br\/wp-json\/wp\/v2\/media\/8123"}],"wp:attachment":[{"href":"https:\/\/radiosisal.com\/br\/wp-json\/wp\/v2\/media?parent=8121"}],"wp:term":[{"taxonomy":"category","embeddable":true,"href":"https:\/\/radiosisal.com\/br\/wp-json\/wp\/v2\/categories?post=8121"},{"taxonomy":"post_tag","embeddable":true,"href":"https:\/\/radiosisal.com\/br\/wp-json\/wp\/v2\/tags?post=8121"}],"curies":[{"name":"wp","href":"https:\/\/api.w.org\/{rel}","templated":true}]}}