{"id":8139,"date":"2025-06-09T10:23:41","date_gmt":"2025-06-09T10:23:41","guid":{"rendered":"https:\/\/radiosisal.com\/br\/?p=8139"},"modified":"2025-06-09T10:23:43","modified_gmt":"2025-06-09T10:23:43","slug":"dia-da-imunizacao-conheca-o-servico-dos-centros-de-vacinas-especiais","status":"publish","type":"post","link":"https:\/\/radiosisal.com\/br\/2025\/06\/09\/dia-da-imunizacao-conheca-o-servico-dos-centros-de-vacinas-especiais\/","title":{"rendered":"DIA DA IMUNIZA\u00c7\u00c3O: CONHE\u00c7A O SERVI\u00c7O DOS CENTROS DE VACINAS ESPECIAIS"},"content":{"rendered":"\n<p>Pessoas vulner\u00e1veis t\u00eam direito de receber vacinas diferenciadas.<\/p>\n\n\n\n<figure class=\"wp-block-audio\"><audio controls src=\"https:\/\/radiosisal.com\/br\/wp-content\/uploads\/2025\/06\/239980.mp3\"><\/audio><\/figure>\n\n\n\n<p>Al\u00e9m dos mais de 20 imunizantes que o Sistema \u00danico de Sa\u00fade (SUS) oferece nas unidades b\u00e1sicas de todo o Brasil, algumas pessoas mais vulner\u00e1veis a infec\u00e7\u00f5es t\u00eam direito a receber outras vacinas ou vers\u00f5es diferenciadas, oferecidas nos centros de Refer\u00eancia de Imunobiol\u00f3gicos Especiais (Crie).<img decoding=\"async\" src=\"https:\/\/i0.wp.com\/agenciabrasil.ebc.com.br\/ebc.png?w=1170&#038;ssl=1\" data-recalc-dims=\"1\"><img decoding=\"async\" src=\"https:\/\/i0.wp.com\/agenciabrasil.ebc.com.br\/ebc.gif?w=1170&#038;ssl=1\" data-recalc-dims=\"1\"><\/p>\n\n\n\n<p><strong>Nem todo mundo, no entanto, conhece o servi\u00e7o, alerta a presidente da Sociedade Brasileira de Imuniza\u00e7\u00f5es (Sbim), M\u00f4nica Levi<\/strong><\/p>\n\n\n\n<blockquote class=\"wp-block-quote is-layout-flow wp-block-quote-is-layout-flow\">\n<p>&#8220;Os endocrinologistas t\u00eam que saber que aquele paciente diab\u00e9tico tem direito a uma s\u00e9rie de vacinas que n\u00e3o t\u00eam na rotina e que eles s\u00e3o mais vulner\u00e1veis a essas doen\u00e7as&#8230; Assim como os pacientes com cardiopatias cr\u00f4nicas, os pneumopatas cr\u00f4nicos, pacientes em tratamento oncol\u00f3gico.&nbsp;Infelizmente, \u00e9 um desconhecimento n\u00e3o s\u00f3 da popula\u00e7\u00e3o, como tamb\u00e9m dos profissionais de&nbsp;sa\u00fade.&#8221;<\/p>\n<\/blockquote>\n\n\n\n<p>O jornalista Rodrigo Farhad recebeu o diagn\u00f3stico de diabetes tipo 1 h\u00e1 dois anos, e sempre se preocupou em manter a carteira de vacina\u00e7\u00e3o em dia, mas nunca foi orientado a fazer alguma vacina\u00e7\u00e3o especial por causa da sua condi\u00e7\u00e3o:<\/p>\n\n\n\n<blockquote class=\"wp-block-quote is-layout-flow wp-block-quote-is-layout-flow\">\n<p>&#8220;Na \u00e9poca da pandemia, eu me lembro de acompanhar o meu filho, que tamb\u00e9m tinha diabetes, \u00e0 vacina\u00e7\u00e3o e que ele foi um dos primeiros p\u00fablicos a serem vacinados&nbsp;contra a covi-19 em raz\u00e3o da comorbidade. Mas n\u00e3o me lembro desse aconselhamento, de que ele deveria tomar outras vacinas. E no meu caso, ningu\u00e9m nunca me aconselhou nem a procurar um posto de sa\u00fade para verificar se a minha vacina\u00e7\u00e3o normal est\u00e1 em dia&#8221;<\/p>\n<\/blockquote>\n\n\n\n<p><strong>De acordo com as orienta\u00e7\u00f5es do Minist\u00e9rio da Sa\u00fade, al\u00e9m de tomar as vacinas previstas no calend\u00e1rio b\u00e1sico, pessoas com diabetes devem sempre se proteger contra a&nbsp;<em>influenza<\/em>&nbsp;e receber a vacina pneumoc\u00f3ccica 23, que oferece prote\u00e7\u00e3o contra 23 tipos de bact\u00e9rias pneumococo, que causam infec\u00e7\u00f5es nos pulm\u00f5es, ouvidos e tamb\u00e9m sepse e meningite.&nbsp;<\/strong><\/p>\n\n\n\n<p>Essa vacina s\u00f3 est\u00e1 dispon\u00edvel nos Cries&nbsp;e tamb\u00e9m \u00e9 recomendada para pessoas com doen\u00e7as como asma grave, cardiopatias cr\u00f4nicas, doen\u00e7a neurol\u00f3gica cr\u00f4nica incapacitante ou fibrose c\u00edstica, que vivem com HIV ou em tratamento de c\u00e2ncer, entre outras situa\u00e7\u00f5es. J\u00e1 o p\u00fablico em geral t\u00eam \u00e0 sua disposi\u00e7\u00e3o a vacina pneumo-10, que protege contra os dez&nbsp;tipos mais prevalentes.<\/p>\n\n\n\n<blockquote class=\"wp-block-quote is-layout-flow wp-block-quote-is-layout-flow\">\n<p>M\u00f4nica Levi&nbsp;explica porque h\u00e1 essa diferencia\u00e7\u00e3o.&nbsp;&#8220;Qualquer infec\u00e7\u00e3o pode causar uma descompensa\u00e7\u00e3o da doen\u00e7a de base, levando ao descontrole da diabetes, da asma grave. Al\u00e9m disso, algu\u00e9m com a imunidade muito baixa, seja por um transplante, seja por uma quimioterapia, ou uma doen\u00e7a autoimune, muitas vezes essas pessoas n\u00e3o morrem da doen\u00e7a em si, mas de uma infec\u00e7\u00e3o secund\u00e1ria. Ent\u00e3o, \u00e9 muito importante levar em considera\u00e7\u00e3o o risco de as infec\u00e7\u00f5es serem mais graves e a taxa de \u00f3bito mais elevada&#8221;.<\/p>\n<\/blockquote>\n\n\n\n<p><strong>Outro p\u00fablico importante dos Cries s\u00e3o os beb\u00eas prematuros.<\/strong>&nbsp;A assistente social Yngrid Antunes, m\u00e3e de duas crian\u00e7as nascidas com prematuridade extrema, foi informada sobre o servi\u00e7o na Cl\u00ednica da Fam\u00edlia do bairro onde mora. No Crie que fica dentro da sede da Funda\u00e7\u00e3o Oswaldo Cruz (Fiocruz), no Rio de Janeiro, os g\u00eameos \u00cdsis e Lucas, hoje com 3 anos, receberam oito vacinas.<\/p>\n\n\n\n<blockquote class=\"wp-block-quote is-layout-flow wp-block-quote-is-layout-flow\">\n<p>&#8220;O atendimento foi muito bom e muito r\u00e1pido. Eles passaram por uma consulta com a imunologista e ela me explicou como seriam as doses para eles. O&nbsp;trabalho fez grande diferen\u00e7a, porque como eles s\u00e3o prematuros, a aten\u00e7\u00e3o e o cuidado t\u00eam que ser redobrado. E l\u00e1 eles tomaram uma dose espec\u00edfica para o peso deles&#8221;.<\/p>\n<\/blockquote>\n\n\n\n<p>Prematuros como \u00cdsis e Lucas tamb\u00e9m precisam receber uma dose especial das vacinas que protegem contra difteria, t\u00e9tano, coqueluche, meningite por haemophilus, hepatite e poliomielite, com um componente acelular, o que n\u00e3o \u00e9 necess\u00e1rio para as crian\u00e7as nascidas no tempo normal e que n\u00e3o t\u00eam outros riscos.<\/p>\n\n\n\n<p><strong>Os Cries tamb\u00e9m aplicam as imunoglobulinas &#8211; imunobiol\u00f3gicos que cont\u00eam anticorpos j\u00e1 prontos para agir contra um poss\u00edvel invasor de forma emergencial.<\/strong>&nbsp;Uma delas \u00e9 a imuglobina antitet\u00e2nica, administrada em rec\u00e9m-nascidos e pessoas imunodeficientes que t\u00eam risco de cont\u00e1gio pela doen\u00e7a, por exemplo. J\u00e1 a imunoglobina anti-hepatite B tamb\u00e9m \u00e9 voltada para vitimas de viol\u00eancia sexual, j\u00e1 que a doen\u00e7a pode ser transmitida por essa via.<\/p>\n\n\n\n<p>Desde fevereiro deste ano, o Brasil conta com uma Rede de Imunobiol\u00f3gicos para Pessoas com Situa\u00e7\u00f5es Especiais que passou a coordenar o trabalho dos Cries. O objetivo da rede \u00e9 garantir que os imunobiol\u00f3gicos especiais estejam dispon\u00edveis para atender a popula\u00e7\u00e3o e promover treinamento sobre o servi\u00e7o para todos os profissionais de sa\u00fade do SUS.<\/p>\n\n\n\n<p>A Sociedade Brasileira de Imuniza\u00e7\u00f5es edita uma&nbsp;<a href=\"https:\/\/sbim.org.br\/images\/ex7tipaodu.pdf\" target=\"_blank\" rel=\"noreferrer noopener\">publica\u00e7\u00e3o atualizada<\/a>&nbsp;com recomenda\u00e7\u00f5es vacinais para pacientes com condi\u00e7\u00f5es de sa\u00fade especiais. Tamb\u00e9m est\u00e1 dispon\u00edvel no&nbsp;<em>site<\/em>&nbsp;do Minist\u00e9rio da Sa\u00fade a sexta edi\u00e7\u00e3o do&nbsp;<a href=\"https:\/\/www.gov.br\/saude\/pt-br\/centrais-de-conteudo\/publicacoes\/guias-e-manuais\/2024\/manual-dos-centros-de-referencia-para-imunobiologicos-especiais-6a-ed\" target=\"_blank\" rel=\"noreferrer noopener\">Manual dos Cries<\/a>, com todos os crit\u00e9rios t\u00e9cnicos e orienta\u00e7\u00f5es para a aplica\u00e7\u00e3o dos imunizantes.<\/p>\n\n\n\n<p class=\"bs-intro\">FONTE: Ag\u00eancia Brasil<\/p>\n\n\n\n<ul class=\"wp-block-social-links has-icon-color is-style-logos-only is-vertical is-layout-flex wp-container-core-social-links-is-layout-8cf370e7 wp-block-social-links-is-layout-flex\"><li style=\"color:#0693e3;\" class=\"wp-social-link wp-social-link-whatsapp has-vivid-cyan-blue-color wp-block-social-link\"><a href=\"https:\/\/wa.me\/\/75991238048\" class=\"wp-block-social-link-anchor\"><svg width=\"24\" height=\"24\" viewBox=\"0 0 24 24\" version=\"1.1\" xmlns=\"http:\/\/www.w3.org\/2000\/svg\" aria-hidden=\"true\" focusable=\"false\"><path d=\"M 12.011719 2 C 6.5057187 2 2.0234844 6.478375 2.0214844 11.984375 C 2.0204844 13.744375 2.4814687 15.462563 3.3554688 16.976562 L 2 22 L 7.2324219 20.763672 C 8.6914219 21.559672 10.333859 21.977516 12.005859 21.978516 L 12.009766 21.978516 C 17.514766 21.978516 21.995047 17.499141 21.998047 11.994141 C 22.000047 9.3251406 20.962172 6.8157344 19.076172 4.9277344 C 17.190172 3.0407344 14.683719 2.001 12.011719 2 z M 12.009766 4 C 14.145766 4.001 16.153109 4.8337969 17.662109 6.3417969 C 19.171109 7.8517969 20.000047 9.8581875 19.998047 11.992188 C 19.996047 16.396187 16.413812 19.978516 12.007812 19.978516 C 10.674812 19.977516 9.3544062 19.642812 8.1914062 19.007812 L 7.5175781 18.640625 L 6.7734375 18.816406 L 4.8046875 19.28125 L 5.2851562 17.496094 L 5.5019531 16.695312 L 5.0878906 15.976562 C 4.3898906 14.768562 4.0204844 13.387375 4.0214844 11.984375 C 4.0234844 7.582375 7.6067656 4 12.009766 4 z M 8.4765625 7.375 C 8.3095625 7.375 8.0395469 7.4375 7.8105469 7.6875 C 7.5815469 7.9365 6.9355469 8.5395781 6.9355469 9.7675781 C 6.9355469 10.995578 7.8300781 12.182609 7.9550781 12.349609 C 8.0790781 12.515609 9.68175 15.115234 12.21875 16.115234 C 14.32675 16.946234 14.754891 16.782234 15.212891 16.740234 C 15.670891 16.699234 16.690438 16.137687 16.898438 15.554688 C 17.106437 14.971687 17.106922 14.470187 17.044922 14.367188 C 16.982922 14.263188 16.816406 14.201172 16.566406 14.076172 C 16.317406 13.951172 15.090328 13.348625 14.861328 13.265625 C 14.632328 13.182625 14.464828 13.140625 14.298828 13.390625 C 14.132828 13.640625 13.655766 14.201187 13.509766 14.367188 C 13.363766 14.534188 13.21875 14.556641 12.96875 14.431641 C 12.71875 14.305641 11.914938 14.041406 10.960938 13.191406 C 10.218937 12.530406 9.7182656 11.714844 9.5722656 11.464844 C 9.4272656 11.215844 9.5585938 11.079078 9.6835938 10.955078 C 9.7955938 10.843078 9.9316406 10.663578 10.056641 10.517578 C 10.180641 10.371578 10.223641 10.267562 10.306641 10.101562 C 10.389641 9.9355625 10.347156 9.7890625 10.285156 9.6640625 C 10.223156 9.5390625 9.737625 8.3065 9.515625 7.8125 C 9.328625 7.3975 9.131125 7.3878594 8.953125 7.3808594 C 8.808125 7.3748594 8.6425625 7.375 8.4765625 7.375 z\"><\/path><\/svg><span class=\"wp-block-social-link-label screen-reader-text\">WhatsApp<\/span><\/a><\/li>\n\n<li style=\"color:#0693e3;\" class=\"wp-social-link wp-social-link-instagram has-vivid-cyan-blue-color wp-block-social-link\"><a href=\"https:\/\/www.instagram.com\/radiosisal97.3\/profilecard\/?igsh=MWo1azd5aXNvN2hmcQ==\" class=\"wp-block-social-link-anchor\"><svg width=\"24\" height=\"24\" viewBox=\"0 0 24 24\" version=\"1.1\" xmlns=\"http:\/\/www.w3.org\/2000\/svg\" aria-hidden=\"true\" focusable=\"false\"><path d=\"M12,4.622c2.403,0,2.688,0.009,3.637,0.052c0.877,0.04,1.354,0.187,1.671,0.31c0.42,0.163,0.72,0.358,1.035,0.673 c0.315,0.315,0.51,0.615,0.673,1.035c0.123,0.317,0.27,0.794,0.31,1.671c0.043,0.949,0.052,1.234,0.052,3.637 s-0.009,2.688-0.052,3.637c-0.04,0.877-0.187,1.354-0.31,1.671c-0.163,0.42-0.358,0.72-0.673,1.035 c-0.315,0.315-0.615,0.51-1.035,0.673c-0.317,0.123-0.794,0.27-1.671,0.31c-0.949,0.043-1.233,0.052-3.637,0.052 s-2.688-0.009-3.637-0.052c-0.877-0.04-1.354-0.187-1.671-0.31c-0.42-0.163-0.72-0.358-1.035-0.673 c-0.315-0.315-0.51-0.615-0.673-1.035c-0.123-0.317-0.27-0.794-0.31-1.671C4.631,14.688,4.622,14.403,4.622,12 s0.009-2.688,0.052-3.637c0.04-0.877,0.187-1.354,0.31-1.671c0.163-0.42,0.358-0.72,0.673-1.035 c0.315-0.315,0.615-0.51,1.035-0.673c0.317-0.123,0.794-0.27,1.671-0.31C9.312,4.631,9.597,4.622,12,4.622 M12,3 C9.556,3,9.249,3.01,8.289,3.054C7.331,3.098,6.677,3.25,6.105,3.472C5.513,3.702,5.011,4.01,4.511,4.511 c-0.5,0.5-0.808,1.002-1.038,1.594C3.25,6.677,3.098,7.331,3.054,8.289C3.01,9.249,3,9.556,3,12c0,2.444,0.01,2.751,0.054,3.711 c0.044,0.958,0.196,1.612,0.418,2.185c0.23,0.592,0.538,1.094,1.038,1.594c0.5,0.5,1.002,0.808,1.594,1.038 c0.572,0.222,1.227,0.375,2.185,0.418C9.249,20.99,9.556,21,12,21s2.751-0.01,3.711-0.054c0.958-0.044,1.612-0.196,2.185-0.418 c0.592-0.23,1.094-0.538,1.594-1.038c0.5-0.5,0.808-1.002,1.038-1.594c0.222-0.572,0.375-1.227,0.418-2.185 C20.99,14.751,21,14.444,21,12s-0.01-2.751-0.054-3.711c-0.044-0.958-0.196-1.612-0.418-2.185c-0.23-0.592-0.538-1.094-1.038-1.594 c-0.5-0.5-1.002-0.808-1.594-1.038c-0.572-0.222-1.227-0.375-2.185-0.418C14.751,3.01,14.444,3,12,3L12,3z M12,7.378 c-2.552,0-4.622,2.069-4.622,4.622S9.448,16.622,12,16.622s4.622-2.069,4.622-4.622S14.552,7.378,12,7.378z M12,15 c-1.657,0-3-1.343-3-3s1.343-3,3-3s3,1.343,3,3S13.657,15,12,15z M16.804,6.116c-0.596,0-1.08,0.484-1.08,1.08 s0.484,1.08,1.08,1.08c0.596,0,1.08-0.484,1.08-1.08S17.401,6.116,16.804,6.116z\"><\/path><\/svg><span class=\"wp-block-social-link-label screen-reader-text\">Instagram<\/span><\/a><\/li>\n\n<li style=\"color:#0693e3;\" class=\"wp-social-link wp-social-link-facebook has-vivid-cyan-blue-color wp-block-social-link\"><a href=\"https:\/\/www.facebook.com\/share\/1A7WveK9ft\/?mibextid=wwXIfr\" class=\"wp-block-social-link-anchor\"><svg width=\"24\" height=\"24\" viewBox=\"0 0 24 24\" version=\"1.1\" xmlns=\"http:\/\/www.w3.org\/2000\/svg\" aria-hidden=\"true\" focusable=\"false\"><path d=\"M12 2C6.5 2 2 6.5 2 12c0 5 3.7 9.1 8.4 9.9v-7H7.9V12h2.5V9.8c0-2.5 1.5-3.9 3.8-3.9 1.1 0 2.2.2 2.2.2v2.5h-1.3c-1.2 0-1.6.8-1.6 1.6V12h2.8l-.4 2.9h-2.3v7C18.3 21.1 22 17 22 12c0-5.5-4.5-10-10-10z\"><\/path><\/svg><span class=\"wp-block-social-link-label screen-reader-text\">Facebook<\/span><\/a><\/li><\/ul>\n\n\n\n<p><\/p>\n","protected":false},"excerpt":{"rendered":"<p>Pessoas vulner\u00e1veis t\u00eam direito de receber vacinas diferenciadas. Al\u00e9m dos mais de 20 imunizantes que o Sistema \u00danico de Sa\u00fade (SUS) oferece nas unidades b\u00e1sicas de todo o Brasil, algumas pessoas mais vulner\u00e1veis a infec\u00e7\u00f5es t\u00eam direito a receber outras vacinas ou vers\u00f5es diferenciadas, oferecidas nos centros de Refer\u00eancia de Imunobiol\u00f3gicos Especiais (Crie). Nem todo [&hellip;]<\/p>\n","protected":false},"author":2,"featured_media":8141,"comment_status":"open","ping_status":"open","sticky":false,"template":"","format":"standard","meta":{"footnotes":""},"categories":[1],"tags":[],"class_list":["post-8139","post","type-post","status-publish","format-standard","has-post-thumbnail","hentry","category-geral"],"jetpack_sharing_enabled":true,"jetpack_featured_media_url":"https:\/\/i0.wp.com\/radiosisal.com\/br\/wp-content\/uploads\/2025\/06\/vacinacao_drive_thru_universidade_estadual_do_rio_de_janeiro_uerj_tnrgo_abr_2502214593_0.webp?fit=1170%2C700&ssl=1","_links":{"self":[{"href":"https:\/\/radiosisal.com\/br\/wp-json\/wp\/v2\/posts\/8139","targetHints":{"allow":["GET"]}}],"collection":[{"href":"https:\/\/radiosisal.com\/br\/wp-json\/wp\/v2\/posts"}],"about":[{"href":"https:\/\/radiosisal.com\/br\/wp-json\/wp\/v2\/types\/post"}],"author":[{"embeddable":true,"href":"https:\/\/radiosisal.com\/br\/wp-json\/wp\/v2\/users\/2"}],"replies":[{"embeddable":true,"href":"https:\/\/radiosisal.com\/br\/wp-json\/wp\/v2\/comments?post=8139"}],"version-history":[{"count":1,"href":"https:\/\/radiosisal.com\/br\/wp-json\/wp\/v2\/posts\/8139\/revisions"}],"predecessor-version":[{"id":8142,"href":"https:\/\/radiosisal.com\/br\/wp-json\/wp\/v2\/posts\/8139\/revisions\/8142"}],"wp:featuredmedia":[{"embeddable":true,"href":"https:\/\/radiosisal.com\/br\/wp-json\/wp\/v2\/media\/8141"}],"wp:attachment":[{"href":"https:\/\/radiosisal.com\/br\/wp-json\/wp\/v2\/media?parent=8139"}],"wp:term":[{"taxonomy":"category","embeddable":true,"href":"https:\/\/radiosisal.com\/br\/wp-json\/wp\/v2\/categories?post=8139"},{"taxonomy":"post_tag","embeddable":true,"href":"https:\/\/radiosisal.com\/br\/wp-json\/wp\/v2\/tags?post=8139"}],"curies":[{"name":"wp","href":"https:\/\/api.w.org\/{rel}","templated":true}]}}